{"id":2286,"date":"2008-08-19T10:57:00","date_gmt":"2008-08-19T13:57:00","guid":{"rendered":"https:\/\/abrelivros.org.br\/site\/2008\/08\/19\/municipios-podem-aderir-a-programa-de-formacao-em-portugues-e-matematica\/"},"modified":"2008-08-19T10:57:00","modified_gmt":"2008-08-19T13:57:00","slug":"municipios-podem-aderir-a-programa-de-formacao-em-portugues-e-matematica","status":"publish","type":"post","link":"https:\/\/abrelivros.org.br\/site\/municipios-podem-aderir-a-programa-de-formacao-em-portugues-e-matematica\/","title":{"rendered":"Munic\u00edpios podem aderir a programa de forma\u00e7\u00e3o em portugu\u00eas e matem\u00e1tica"},"content":{"rendered":"<p>A Secretaria de Educa\u00e7\u00e3o B\u00e1sica (SEB) apresenta nesta quarta-feira, 20, em Bras\u00edlia, o Programa de Forma\u00e7\u00e3o Continuada de Professores do Ensino Fundamental em L\u00edngua Portuguesa e Matem\u00e1tica (Gestar). Criado em 2001, o programa era dirigido \u00e0s redes de ensino das regi\u00f5es Norte, Nordeste e Centro-Oeste. A partir de agora, pode receber a ades\u00e3o das redes de todo o pa\u00eds. O programa ser\u00e1 apresentado aos dirigentes municipais das capitais e das cidades com mais de 163 mil habitantes. \u00a0<br \/> \u00a0<br \/> No encontro, t\u00e9cnicos da SEB far\u00e3o um hist\u00f3rico do Gestar e apresentar\u00e3o as metodologias e os conte\u00fados ministrados em l\u00edngua portuguesa e matem\u00e1tica. As secretarias estaduais de educa\u00e7\u00e3o da Bahia e de Tocantins far\u00e3o relatos de suas experi\u00eancias com o programa. A <a href=\"http:\/\/portal.mec.gov.br\/arquivos\/pdf\/adesaogestar08.pdf\" target=\"_blank\" rel=\"noopener noreferrer\">ficha de ades\u00e3o<\/a> dos munic\u00edpios pode ser preenchida durante o encontro.\u00a0<br \/> \u00a0<br \/> O Gestar \u00e9 um programa de forma\u00e7\u00e3o continuada, na modalidade semipresencial. De 2001 a 2003, atuou na forma\u00e7\u00e3o de professores dos anos iniciais do ensino fundamental \u2014 primeiro ao quinto. Em 2004, a forma\u00e7\u00e3o estendeu-se aos professores das s\u00e9ries finais \u2014 sexta \u00e0 nona.\u00a0<br \/> \u00a0<br \/> Da cria\u00e7\u00e3o at\u00e9 o fim de 2007, o programa foi coordenado pelo Fundo de Fortalecimento da Escola (Fundescola). Este ano, passou a integrar o sistema nacional de forma\u00e7\u00e3o de profissionais da educa\u00e7\u00e3o b\u00e1sica e o Plano de Desenvolvimento da Educa\u00e7\u00e3o (PDE) e foi estendido \u00e0s redes de ensino fundamental p\u00fablico de todo o pa\u00eds, sob a coordena\u00e7\u00e3o da SEB. \u00a0<\/p>\n<p><\/p>\n","protected":false},"excerpt":{"rendered":"<p>A Secretaria de Educa\u00e7\u00e3o B\u00e1sica (SEB) apresenta nesta quarta-feira, 20, em Bras\u00edlia, o Programa de Forma\u00e7\u00e3o Continuada de Professores do Ensino Fundamental em L\u00edngua Portuguesa e Matem\u00e1tica (Gestar). Criado em 2001, o programa era dirigido \u00e0s redes de ensino das regi\u00f5es Norte, Nordeste e Centro-Oeste. A partir de agora, pode receber a ades\u00e3o das redes [&hellip;]<\/p>\n","protected":false},"author":1,"featured_media":0,"comment_status":"closed","ping_status":"closed","sticky":false,"template":"","format":"standard","meta":{"footnotes":"","_links_to":"","_links_to_target":""},"categories":[9],"tags":[],"class_list":["post-2286","post","type-post","status-publish","format-standard","hentry","category-noticias-da-imprensa"],"yoast_head":"<!-- This site is optimized with the Yoast SEO plugin v15.1 - https:\/\/yoast.com\/wordpress\/plugins\/seo\/ -->\n<title>Munic\u00edpios podem aderir a programa de forma\u00e7\u00e3o em portugu\u00eas e matem\u00e1tica &raquo; Abrelivros<\/title>\n<meta name=\"robots\" content=\"index, follow, max-snippet:-1, max-image-preview:large, max-video-preview:-1\" \/>\n<link rel=\"canonical\" href=\"https:\/\/abrelivros.org.br\/site\/municipios-podem-aderir-a-programa-de-formacao-em-portugues-e-matematica\/\" \/>\n<meta property=\"og:locale\" content=\"pt_BR\" \/>\n<meta property=\"og:type\" content=\"article\" \/>\n<meta property=\"og:title\" content=\"Munic\u00edpios podem aderir a programa de forma\u00e7\u00e3o em portugu\u00eas e matem\u00e1tica &raquo; Abrelivros\" \/>\n<meta property=\"og:description\" content=\"A Secretaria de Educa\u00e7\u00e3o B\u00e1sica (SEB) apresenta nesta quarta-feira, 20, em Bras\u00edlia, o Programa de Forma\u00e7\u00e3o Continuada de Professores do Ensino Fundamental em L\u00edngua Portuguesa e Matem\u00e1tica (Gestar). Criado em 2001, o programa era dirigido \u00e0s redes de ensino das regi\u00f5es Norte, Nordeste e Centro-Oeste. A partir de agora, pode receber a ades\u00e3o das redes [&hellip;]\" \/>\n<meta property=\"og:url\" content=\"https:\/\/abrelivros.org.br\/site\/municipios-podem-aderir-a-programa-de-formacao-em-portugues-e-matematica\/\" \/>\n<meta property=\"og:site_name\" content=\"Abrelivros\" \/>\n<meta property=\"article:published_time\" content=\"2008-08-19T13:57:00+00:00\" \/>\n<meta name=\"twitter:card\" content=\"summary_large_image\" \/>\n<script type=\"application\/ld+json\" class=\"yoast-schema-graph\">{\"@context\":\"https:\/\/schema.org\",\"@graph\":[{\"@type\":\"WebSite\",\"@id\":\"https:\/\/abrelivros.org.br\/site\/#website\",\"url\":\"https:\/\/abrelivros.org.br\/site\/\",\"name\":\"Abrelivros\",\"description\":\"\",\"potentialAction\":[{\"@type\":\"SearchAction\",\"target\":\"https:\/\/abrelivros.org.br\/site\/?s={search_term_string}\",\"query-input\":\"required name=search_term_string\"}],\"inLanguage\":\"pt-BR\"},{\"@type\":\"WebPage\",\"@id\":\"https:\/\/abrelivros.org.br\/site\/municipios-podem-aderir-a-programa-de-formacao-em-portugues-e-matematica\/#webpage\",\"url\":\"https:\/\/abrelivros.org.br\/site\/municipios-podem-aderir-a-programa-de-formacao-em-portugues-e-matematica\/\",\"name\":\"Munic\\u00edpios podem aderir a programa de forma\\u00e7\\u00e3o em portugu\\u00eas e matem\\u00e1tica &raquo; Abrelivros\",\"isPartOf\":{\"@id\":\"https:\/\/abrelivros.org.br\/site\/#website\"},\"datePublished\":\"2008-08-19T13:57:00+00:00\",\"dateModified\":\"2008-08-19T13:57:00+00:00\",\"author\":{\"@id\":\"https:\/\/abrelivros.org.br\/site\/#\/schema\/person\/2b867f13a717bb230f1a3555505f5593\"},\"breadcrumb\":{\"@id\":\"https:\/\/abrelivros.org.br\/site\/municipios-podem-aderir-a-programa-de-formacao-em-portugues-e-matematica\/#breadcrumb\"},\"inLanguage\":\"pt-BR\",\"potentialAction\":[{\"@type\":\"ReadAction\",\"target\":[\"https:\/\/abrelivros.org.br\/site\/municipios-podem-aderir-a-programa-de-formacao-em-portugues-e-matematica\/\"]}]},{\"@type\":\"BreadcrumbList\",\"@id\":\"https:\/\/abrelivros.org.br\/site\/municipios-podem-aderir-a-programa-de-formacao-em-portugues-e-matematica\/#breadcrumb\",\"itemListElement\":[{\"@type\":\"ListItem\",\"position\":1,\"item\":{\"@type\":\"WebPage\",\"@id\":\"https:\/\/abrelivros.org.br\/site\/\",\"url\":\"https:\/\/abrelivros.org.br\/site\/\",\"name\":\"In\\u00edcio\"}},{\"@type\":\"ListItem\",\"position\":2,\"item\":{\"@type\":\"WebPage\",\"@id\":\"https:\/\/abrelivros.org.br\/site\/category\/noticias\/\",\"url\":\"https:\/\/abrelivros.org.br\/site\/category\/noticias\/\",\"name\":\"Not\\u00edcias\"}},{\"@type\":\"ListItem\",\"position\":3,\"item\":{\"@type\":\"WebPage\",\"@id\":\"https:\/\/abrelivros.org.br\/site\/category\/noticias\/noticias-da-imprensa\/\",\"url\":\"https:\/\/abrelivros.org.br\/site\/category\/noticias\/noticias-da-imprensa\/\",\"name\":\"Not\\u00edcias da imprensa\"}},{\"@type\":\"ListItem\",\"position\":4,\"item\":{\"@type\":\"WebPage\",\"@id\":\"https:\/\/abrelivros.org.br\/site\/municipios-podem-aderir-a-programa-de-formacao-em-portugues-e-matematica\/\",\"url\":\"https:\/\/abrelivros.org.br\/site\/municipios-podem-aderir-a-programa-de-formacao-em-portugues-e-matematica\/\",\"name\":\"Munic\\u00edpios podem aderir a programa de forma\\u00e7\\u00e3o em portugu\\u00eas e matem\\u00e1tica\"}}]},{\"@type\":\"Person\",\"@id\":\"https:\/\/abrelivros.org.br\/site\/#\/schema\/person\/2b867f13a717bb230f1a3555505f5593\",\"name\":\"\\u00a0\",\"image\":{\"@type\":\"ImageObject\",\"@id\":\"https:\/\/abrelivros.org.br\/site\/#personlogo\",\"inLanguage\":\"pt-BR\",\"url\":\"https:\/\/secure.gravatar.com\/avatar\/e80b7f5231be2fff5040a8023da424898002831c5439420df182ae62676d2a6f?s=96&d=mm&r=g\",\"caption\":\"\\u00a0\"}}]}<\/script>\n<!-- \/ Yoast SEO plugin. -->","_links":{"self":[{"href":"https:\/\/abrelivros.org.br\/site\/wp-json\/wp\/v2\/posts\/2286","targetHints":{"allow":["GET"]}}],"collection":[{"href":"https:\/\/abrelivros.org.br\/site\/wp-json\/wp\/v2\/posts"}],"about":[{"href":"https:\/\/abrelivros.org.br\/site\/wp-json\/wp\/v2\/types\/post"}],"author":[{"embeddable":true,"href":"https:\/\/abrelivros.org.br\/site\/wp-json\/wp\/v2\/users\/1"}],"replies":[{"embeddable":true,"href":"https:\/\/abrelivros.org.br\/site\/wp-json\/wp\/v2\/comments?post=2286"}],"version-history":[{"count":0,"href":"https:\/\/abrelivros.org.br\/site\/wp-json\/wp\/v2\/posts\/2286\/revisions"}],"wp:attachment":[{"href":"https:\/\/abrelivros.org.br\/site\/wp-json\/wp\/v2\/media?parent=2286"}],"wp:term":[{"taxonomy":"category","embeddable":true,"href":"https:\/\/abrelivros.org.br\/site\/wp-json\/wp\/v2\/categories?post=2286"},{"taxonomy":"post_tag","embeddable":true,"href":"https:\/\/abrelivros.org.br\/site\/wp-json\/wp\/v2\/tags?post=2286"}],"curies":[{"name":"wp","href":"https:\/\/api.w.org\/{rel}","templated":true}]}}