{"id":2285,"date":"2008-08-19T11:01:00","date_gmt":"2008-08-19T14:01:00","guid":{"rendered":"https:\/\/abrelivros.org.br\/site\/2008\/08\/19\/proximos-passos-rumo-a-biblioteca-viva\/"},"modified":"2008-08-19T11:01:00","modified_gmt":"2008-08-19T14:01:00","slug":"proximos-passos-rumo-a-biblioteca-viva","status":"publish","type":"post","link":"https:\/\/abrelivros.org.br\/site\/proximos-passos-rumo-a-biblioteca-viva\/","title":{"rendered":"Pr\u00f3ximos passos rumo \u00e0 Biblioteca Viva"},"content":{"rendered":"<p>Em 2008, ser\u00e3o dados importantes passos rumo \u00e0 concretiza\u00e7\u00e3o da Biblioteca Viva no Brasil. Ser\u00e3o lan\u00e7ados tr\u00eas editais: um para a sele\u00e7\u00e3o de 20 bibliotecas comunit\u00e1rias e populares que receber\u00e3o investimentos entre 50 e 100 mil reais; outro para a instala\u00e7\u00e3o de 600 pontos de leitura, que receber\u00e3o kits completos; e um terceiro para a sele\u00e7\u00e3o e capacita\u00e7\u00e3o de 5.500 jovens como agentes de leitura em 410 munic\u00edpios e bairros com baixos indicadores sociais, selecionados pelo Pronasci (Programa Nacional de Seguran\u00e7a com Cidadania), do Minist\u00e9rios da Justi\u00e7a.<br \/> \u00a0<br \/> O ministro da Cultura, Juca Ferreira, salientou que o PNLL \u00e9 um grande exemplo de trabalho conjunto entre o seu minist\u00e9rio e o da Educa\u00e7\u00e3o, em uma a\u00e7\u00e3o articulada e efetiva com resultados concretos\u201d. Para Jos\u00e9 Castilho Marques Neto, secret\u00e1rio executivo do PNLL, \u201c2006 foi o momento de definirmos as diretrizes e eixos de um plano nacional do livro e da leitura no Brasil. Agora, vemos que a pol\u00edtica do livro e da leitura est\u00e1 em movimento\u201d. Ele completa salientando que \u201ch\u00e1 dois anos, tudo parecia novidade, todos assistiam como espectadores; agora temos uma teia de a\u00e7\u00f5es que come\u00e7am a se mostrar e a estabelecer di\u00e1logos\u201d.<\/p>\n","protected":false},"excerpt":{"rendered":"<p>Em 2008, ser\u00e3o dados importantes passos rumo \u00e0 concretiza\u00e7\u00e3o da Biblioteca Viva no Brasil. Ser\u00e3o lan\u00e7ados tr\u00eas editais: um para a sele\u00e7\u00e3o de 20 bibliotecas comunit\u00e1rias e populares que receber\u00e3o investimentos entre 50 e 100 mil reais; outro para a instala\u00e7\u00e3o de 600 pontos de leitura, que receber\u00e3o kits completos; e um terceiro para a [&hellip;]<\/p>\n","protected":false},"author":1,"featured_media":0,"comment_status":"closed","ping_status":"closed","sticky":false,"template":"","format":"standard","meta":{"footnotes":"","_links_to":"","_links_to_target":""},"categories":[9],"tags":[],"class_list":["post-2285","post","type-post","status-publish","format-standard","hentry","category-noticias-da-imprensa"],"yoast_head":"<!-- This site is optimized with the Yoast SEO plugin v15.1 - https:\/\/yoast.com\/wordpress\/plugins\/seo\/ -->\n<title>Pr\u00f3ximos passos rumo \u00e0 Biblioteca Viva &raquo; Abrelivros<\/title>\n<meta name=\"robots\" content=\"index, follow, max-snippet:-1, max-image-preview:large, max-video-preview:-1\" \/>\n<link rel=\"canonical\" href=\"https:\/\/abrelivros.org.br\/site\/proximos-passos-rumo-a-biblioteca-viva\/\" \/>\n<meta property=\"og:locale\" content=\"pt_BR\" \/>\n<meta property=\"og:type\" content=\"article\" \/>\n<meta property=\"og:title\" content=\"Pr\u00f3ximos passos rumo \u00e0 Biblioteca Viva &raquo; Abrelivros\" \/>\n<meta property=\"og:description\" content=\"Em 2008, ser\u00e3o dados importantes passos rumo \u00e0 concretiza\u00e7\u00e3o da Biblioteca Viva no Brasil. Ser\u00e3o lan\u00e7ados tr\u00eas editais: um para a sele\u00e7\u00e3o de 20 bibliotecas comunit\u00e1rias e populares que receber\u00e3o investimentos entre 50 e 100 mil reais; outro para a instala\u00e7\u00e3o de 600 pontos de leitura, que receber\u00e3o kits completos; e um terceiro para a [&hellip;]\" \/>\n<meta property=\"og:url\" content=\"https:\/\/abrelivros.org.br\/site\/proximos-passos-rumo-a-biblioteca-viva\/\" \/>\n<meta property=\"og:site_name\" content=\"Abrelivros\" \/>\n<meta property=\"article:published_time\" content=\"2008-08-19T14:01:00+00:00\" \/>\n<meta name=\"twitter:card\" content=\"summary_large_image\" \/>\n<script type=\"application\/ld+json\" class=\"yoast-schema-graph\">{\"@context\":\"https:\/\/schema.org\",\"@graph\":[{\"@type\":\"WebSite\",\"@id\":\"https:\/\/abrelivros.org.br\/site\/#website\",\"url\":\"https:\/\/abrelivros.org.br\/site\/\",\"name\":\"Abrelivros\",\"description\":\"\",\"potentialAction\":[{\"@type\":\"SearchAction\",\"target\":\"https:\/\/abrelivros.org.br\/site\/?s={search_term_string}\",\"query-input\":\"required name=search_term_string\"}],\"inLanguage\":\"pt-BR\"},{\"@type\":\"WebPage\",\"@id\":\"https:\/\/abrelivros.org.br\/site\/proximos-passos-rumo-a-biblioteca-viva\/#webpage\",\"url\":\"https:\/\/abrelivros.org.br\/site\/proximos-passos-rumo-a-biblioteca-viva\/\",\"name\":\"Pr\\u00f3ximos passos rumo \\u00e0 Biblioteca Viva &raquo; Abrelivros\",\"isPartOf\":{\"@id\":\"https:\/\/abrelivros.org.br\/site\/#website\"},\"datePublished\":\"2008-08-19T14:01:00+00:00\",\"dateModified\":\"2008-08-19T14:01:00+00:00\",\"author\":{\"@id\":\"https:\/\/abrelivros.org.br\/site\/#\/schema\/person\/2b867f13a717bb230f1a3555505f5593\"},\"breadcrumb\":{\"@id\":\"https:\/\/abrelivros.org.br\/site\/proximos-passos-rumo-a-biblioteca-viva\/#breadcrumb\"},\"inLanguage\":\"pt-BR\",\"potentialAction\":[{\"@type\":\"ReadAction\",\"target\":[\"https:\/\/abrelivros.org.br\/site\/proximos-passos-rumo-a-biblioteca-viva\/\"]}]},{\"@type\":\"BreadcrumbList\",\"@id\":\"https:\/\/abrelivros.org.br\/site\/proximos-passos-rumo-a-biblioteca-viva\/#breadcrumb\",\"itemListElement\":[{\"@type\":\"ListItem\",\"position\":1,\"item\":{\"@type\":\"WebPage\",\"@id\":\"https:\/\/abrelivros.org.br\/site\/\",\"url\":\"https:\/\/abrelivros.org.br\/site\/\",\"name\":\"In\\u00edcio\"}},{\"@type\":\"ListItem\",\"position\":2,\"item\":{\"@type\":\"WebPage\",\"@id\":\"https:\/\/abrelivros.org.br\/site\/category\/noticias\/\",\"url\":\"https:\/\/abrelivros.org.br\/site\/category\/noticias\/\",\"name\":\"Not\\u00edcias\"}},{\"@type\":\"ListItem\",\"position\":3,\"item\":{\"@type\":\"WebPage\",\"@id\":\"https:\/\/abrelivros.org.br\/site\/category\/noticias\/noticias-da-imprensa\/\",\"url\":\"https:\/\/abrelivros.org.br\/site\/category\/noticias\/noticias-da-imprensa\/\",\"name\":\"Not\\u00edcias da imprensa\"}},{\"@type\":\"ListItem\",\"position\":4,\"item\":{\"@type\":\"WebPage\",\"@id\":\"https:\/\/abrelivros.org.br\/site\/proximos-passos-rumo-a-biblioteca-viva\/\",\"url\":\"https:\/\/abrelivros.org.br\/site\/proximos-passos-rumo-a-biblioteca-viva\/\",\"name\":\"Pr\\u00f3ximos passos rumo \\u00e0 Biblioteca Viva\"}}]},{\"@type\":\"Person\",\"@id\":\"https:\/\/abrelivros.org.br\/site\/#\/schema\/person\/2b867f13a717bb230f1a3555505f5593\",\"name\":\"\\u00a0\",\"image\":{\"@type\":\"ImageObject\",\"@id\":\"https:\/\/abrelivros.org.br\/site\/#personlogo\",\"inLanguage\":\"pt-BR\",\"url\":\"https:\/\/secure.gravatar.com\/avatar\/e80b7f5231be2fff5040a8023da424898002831c5439420df182ae62676d2a6f?s=96&d=mm&r=g\",\"caption\":\"\\u00a0\"}}]}<\/script>\n<!-- \/ Yoast SEO plugin. -->","_links":{"self":[{"href":"https:\/\/abrelivros.org.br\/site\/wp-json\/wp\/v2\/posts\/2285","targetHints":{"allow":["GET"]}}],"collection":[{"href":"https:\/\/abrelivros.org.br\/site\/wp-json\/wp\/v2\/posts"}],"about":[{"href":"https:\/\/abrelivros.org.br\/site\/wp-json\/wp\/v2\/types\/post"}],"author":[{"embeddable":true,"href":"https:\/\/abrelivros.org.br\/site\/wp-json\/wp\/v2\/users\/1"}],"replies":[{"embeddable":true,"href":"https:\/\/abrelivros.org.br\/site\/wp-json\/wp\/v2\/comments?post=2285"}],"version-history":[{"count":0,"href":"https:\/\/abrelivros.org.br\/site\/wp-json\/wp\/v2\/posts\/2285\/revisions"}],"wp:attachment":[{"href":"https:\/\/abrelivros.org.br\/site\/wp-json\/wp\/v2\/media?parent=2285"}],"wp:term":[{"taxonomy":"category","embeddable":true,"href":"https:\/\/abrelivros.org.br\/site\/wp-json\/wp\/v2\/categories?post=2285"},{"taxonomy":"post_tag","embeddable":true,"href":"https:\/\/abrelivros.org.br\/site\/wp-json\/wp\/v2\/tags?post=2285"}],"curies":[{"name":"wp","href":"https:\/\/api.w.org\/{rel}","templated":true}]}}