{"id":2284,"date":"2008-08-19T11:08:00","date_gmt":"2008-08-19T14:08:00","guid":{"rendered":"https:\/\/abrelivros.org.br\/site\/2008\/08\/19\/ii-forum-do-pnll-e-i-seminario-de-bibliotecas-reunem-500-profissionais\/"},"modified":"2008-08-19T11:08:00","modified_gmt":"2008-08-19T14:08:00","slug":"ii-forum-do-pnll-e-i-seminario-de-bibliotecas-reunem-500-profissionais","status":"publish","type":"post","link":"https:\/\/abrelivros.org.br\/site\/ii-forum-do-pnll-e-i-seminario-de-bibliotecas-reunem-500-profissionais\/","title":{"rendered":"II F\u00f3rum do PNLL e I Semin\u00e1rio de Bibliotecas re\u00fanem 500 profissionais"},"content":{"rendered":"<p>Terminou neste domingo (17 de agosto) o II F\u00f3rum do Plano Nacional do Livro e Leitura, que reuniu em S\u00e3o Paulo cerca de 500 profissionais e interessados na promo\u00e7\u00e3o e incentivo \u00e0 leitura, na valoriza\u00e7\u00e3o das bibliotecas e na dissemina\u00e7\u00e3o da informa\u00e7\u00e3o. &nbsp;<br \/> &nbsp;<br \/> Al\u00e9m de uma retrospectiva de dois anos do PNLL, analisando avan\u00e7os e dificuldades encontradas, foram apresentadas e discutidas as experi\u00eancias de promo\u00e7\u00e3o e incentivo \u00e0 leitura nas diversas regi\u00f5es do Brasil, assim como projetos da Fran\u00e7a, Chile e Col\u00f4mbia. E o p\u00fablico tomou conhecimento, por meio de p\u00f4steres digitais, de alguns dos projetos cadastrados no PNLL. &nbsp;<br \/> &nbsp;<br \/> Conjuntamente, foi realizado o I Semin\u00e1rio Internacional de Bibliotecas P\u00fablicas e Comunit\u00e1rias, idealizado pela Secretaria de Estado da Cultura de S\u00e3o Paulo, o que contribuiu para a integra\u00e7\u00e3o de pessoas que aderiram ao desafio de disseminar a leitura no pa\u00eds. Os dois eventos trabalharam o conceito de Biblioteca Viva, que entende a biblioteca como espa\u00e7o vivo e multidimensional, criado no \u00e2mbito do Programa Mais Cultura do governo federal e que agora \u00e9 incorporado pelos estados brasileiros. Nos pr\u00f3ximos dias o site do PNLL ir\u00e1 disponibilizar os resultados, conclus\u00f5es e textos dos debates e apresenta\u00e7\u00f5es.&nbsp;<br \/>  &nbsp;<\/p>\n","protected":false},"excerpt":{"rendered":"<p>Terminou neste domingo (17 de agosto) o II F\u00f3rum do Plano Nacional do Livro e Leitura, que reuniu em S\u00e3o Paulo cerca de 500 profissionais e interessados na promo\u00e7\u00e3o e incentivo \u00e0 leitura, na valoriza\u00e7\u00e3o das bibliotecas e na dissemina\u00e7\u00e3o da informa\u00e7\u00e3o. &nbsp; &nbsp; Al\u00e9m de uma retrospectiva de dois anos do PNLL, analisando avan\u00e7os [&hellip;]<\/p>\n","protected":false},"author":1,"featured_media":0,"comment_status":"closed","ping_status":"closed","sticky":false,"template":"","format":"standard","meta":{"footnotes":"","_links_to":"","_links_to_target":""},"categories":[9],"tags":[],"class_list":["post-2284","post","type-post","status-publish","format-standard","hentry","category-noticias-da-imprensa"],"yoast_head":"<!-- This site is optimized with the Yoast SEO plugin v15.1 - https:\/\/yoast.com\/wordpress\/plugins\/seo\/ -->\n<title>II F\u00f3rum do PNLL e I Semin\u00e1rio de Bibliotecas re\u00fanem 500 profissionais &raquo; Abrelivros<\/title>\n<meta name=\"robots\" content=\"index, follow, max-snippet:-1, max-image-preview:large, max-video-preview:-1\" \/>\n<link rel=\"canonical\" href=\"https:\/\/abrelivros.org.br\/site\/ii-forum-do-pnll-e-i-seminario-de-bibliotecas-reunem-500-profissionais\/\" \/>\n<meta property=\"og:locale\" content=\"pt_BR\" \/>\n<meta property=\"og:type\" content=\"article\" \/>\n<meta property=\"og:title\" content=\"II F\u00f3rum do PNLL e I Semin\u00e1rio de Bibliotecas re\u00fanem 500 profissionais &raquo; Abrelivros\" \/>\n<meta property=\"og:description\" content=\"Terminou neste domingo (17 de agosto) o II F\u00f3rum do Plano Nacional do Livro e Leitura, que reuniu em S\u00e3o Paulo cerca de 500 profissionais e interessados na promo\u00e7\u00e3o e incentivo \u00e0 leitura, na valoriza\u00e7\u00e3o das bibliotecas e na dissemina\u00e7\u00e3o da informa\u00e7\u00e3o. &nbsp; &nbsp; Al\u00e9m de uma retrospectiva de dois anos do PNLL, analisando avan\u00e7os [&hellip;]\" \/>\n<meta property=\"og:url\" content=\"https:\/\/abrelivros.org.br\/site\/ii-forum-do-pnll-e-i-seminario-de-bibliotecas-reunem-500-profissionais\/\" \/>\n<meta property=\"og:site_name\" content=\"Abrelivros\" \/>\n<meta property=\"article:published_time\" content=\"2008-08-19T14:08:00+00:00\" \/>\n<meta name=\"twitter:card\" content=\"summary_large_image\" \/>\n<script type=\"application\/ld+json\" class=\"yoast-schema-graph\">{\"@context\":\"https:\/\/schema.org\",\"@graph\":[{\"@type\":\"WebSite\",\"@id\":\"https:\/\/abrelivros.org.br\/site\/#website\",\"url\":\"https:\/\/abrelivros.org.br\/site\/\",\"name\":\"Abrelivros\",\"description\":\"\",\"potentialAction\":[{\"@type\":\"SearchAction\",\"target\":\"https:\/\/abrelivros.org.br\/site\/?s={search_term_string}\",\"query-input\":\"required name=search_term_string\"}],\"inLanguage\":\"pt-BR\"},{\"@type\":\"WebPage\",\"@id\":\"https:\/\/abrelivros.org.br\/site\/ii-forum-do-pnll-e-i-seminario-de-bibliotecas-reunem-500-profissionais\/#webpage\",\"url\":\"https:\/\/abrelivros.org.br\/site\/ii-forum-do-pnll-e-i-seminario-de-bibliotecas-reunem-500-profissionais\/\",\"name\":\"II F\\u00f3rum do PNLL e I Semin\\u00e1rio de Bibliotecas re\\u00fanem 500 profissionais &raquo; Abrelivros\",\"isPartOf\":{\"@id\":\"https:\/\/abrelivros.org.br\/site\/#website\"},\"datePublished\":\"2008-08-19T14:08:00+00:00\",\"dateModified\":\"2008-08-19T14:08:00+00:00\",\"author\":{\"@id\":\"https:\/\/abrelivros.org.br\/site\/#\/schema\/person\/2b867f13a717bb230f1a3555505f5593\"},\"breadcrumb\":{\"@id\":\"https:\/\/abrelivros.org.br\/site\/ii-forum-do-pnll-e-i-seminario-de-bibliotecas-reunem-500-profissionais\/#breadcrumb\"},\"inLanguage\":\"pt-BR\",\"potentialAction\":[{\"@type\":\"ReadAction\",\"target\":[\"https:\/\/abrelivros.org.br\/site\/ii-forum-do-pnll-e-i-seminario-de-bibliotecas-reunem-500-profissionais\/\"]}]},{\"@type\":\"BreadcrumbList\",\"@id\":\"https:\/\/abrelivros.org.br\/site\/ii-forum-do-pnll-e-i-seminario-de-bibliotecas-reunem-500-profissionais\/#breadcrumb\",\"itemListElement\":[{\"@type\":\"ListItem\",\"position\":1,\"item\":{\"@type\":\"WebPage\",\"@id\":\"https:\/\/abrelivros.org.br\/site\/\",\"url\":\"https:\/\/abrelivros.org.br\/site\/\",\"name\":\"In\\u00edcio\"}},{\"@type\":\"ListItem\",\"position\":2,\"item\":{\"@type\":\"WebPage\",\"@id\":\"https:\/\/abrelivros.org.br\/site\/category\/noticias\/\",\"url\":\"https:\/\/abrelivros.org.br\/site\/category\/noticias\/\",\"name\":\"Not\\u00edcias\"}},{\"@type\":\"ListItem\",\"position\":3,\"item\":{\"@type\":\"WebPage\",\"@id\":\"https:\/\/abrelivros.org.br\/site\/category\/noticias\/noticias-da-imprensa\/\",\"url\":\"https:\/\/abrelivros.org.br\/site\/category\/noticias\/noticias-da-imprensa\/\",\"name\":\"Not\\u00edcias da imprensa\"}},{\"@type\":\"ListItem\",\"position\":4,\"item\":{\"@type\":\"WebPage\",\"@id\":\"https:\/\/abrelivros.org.br\/site\/ii-forum-do-pnll-e-i-seminario-de-bibliotecas-reunem-500-profissionais\/\",\"url\":\"https:\/\/abrelivros.org.br\/site\/ii-forum-do-pnll-e-i-seminario-de-bibliotecas-reunem-500-profissionais\/\",\"name\":\"II F\\u00f3rum do PNLL e I Semin\\u00e1rio de Bibliotecas re\\u00fanem 500 profissionais\"}}]},{\"@type\":\"Person\",\"@id\":\"https:\/\/abrelivros.org.br\/site\/#\/schema\/person\/2b867f13a717bb230f1a3555505f5593\",\"name\":\"\\u00a0\",\"image\":{\"@type\":\"ImageObject\",\"@id\":\"https:\/\/abrelivros.org.br\/site\/#personlogo\",\"inLanguage\":\"pt-BR\",\"url\":\"https:\/\/secure.gravatar.com\/avatar\/e80b7f5231be2fff5040a8023da424898002831c5439420df182ae62676d2a6f?s=96&d=mm&r=g\",\"caption\":\"\\u00a0\"}}]}<\/script>\n<!-- \/ Yoast SEO plugin. -->","_links":{"self":[{"href":"https:\/\/abrelivros.org.br\/site\/wp-json\/wp\/v2\/posts\/2284","targetHints":{"allow":["GET"]}}],"collection":[{"href":"https:\/\/abrelivros.org.br\/site\/wp-json\/wp\/v2\/posts"}],"about":[{"href":"https:\/\/abrelivros.org.br\/site\/wp-json\/wp\/v2\/types\/post"}],"author":[{"embeddable":true,"href":"https:\/\/abrelivros.org.br\/site\/wp-json\/wp\/v2\/users\/1"}],"replies":[{"embeddable":true,"href":"https:\/\/abrelivros.org.br\/site\/wp-json\/wp\/v2\/comments?post=2284"}],"version-history":[{"count":0,"href":"https:\/\/abrelivros.org.br\/site\/wp-json\/wp\/v2\/posts\/2284\/revisions"}],"wp:attachment":[{"href":"https:\/\/abrelivros.org.br\/site\/wp-json\/wp\/v2\/media?parent=2284"}],"wp:term":[{"taxonomy":"category","embeddable":true,"href":"https:\/\/abrelivros.org.br\/site\/wp-json\/wp\/v2\/categories?post=2284"},{"taxonomy":"post_tag","embeddable":true,"href":"https:\/\/abrelivros.org.br\/site\/wp-json\/wp\/v2\/tags?post=2284"}],"curies":[{"name":"wp","href":"https:\/\/api.w.org\/{rel}","templated":true}]}}