{"id":2281,"date":"2008-08-21T17:27:00","date_gmt":"2008-08-21T20:27:00","guid":{"rendered":"https:\/\/abrelivros.org.br\/site\/2008\/08\/21\/isencao-maior-para-livro-e-jornal-sera-avaliada\/"},"modified":"2008-08-21T17:27:00","modified_gmt":"2008-08-21T20:27:00","slug":"isencao-maior-para-livro-e-jornal-sera-avaliada","status":"publish","type":"post","link":"https:\/\/abrelivros.org.br\/site\/isencao-maior-para-livro-e-jornal-sera-avaliada\/","title":{"rendered":"Isen\u00e7\u00e3o maior para livro e jornal ser\u00e1 avaliada"},"content":{"rendered":"<p>A Comiss\u00e3o de Constitui\u00e7\u00e3o e Justi\u00e7a (CCJ) da C\u00e2mara autorizou ontem a aprecia\u00e7\u00e3o de emenda constitucional que amplia a imunidade tribut\u00e1ria de livros, jornais e revistas e do papel usado na sua impress\u00e3o. Atualmente, a Carta Magna veta a incid\u00eancia de impostos sobre estes itens. Mas uma emenda pretende incluir entre os artigos o caderno escolar popular e estender a restri\u00e7\u00e3o \u00e0 cobran\u00e7a de contribui\u00e7\u00f5es (como PIS\/Pasep e Cofins).&nbsp;<br \/> &nbsp;<br \/> A tramita\u00e7\u00e3o ser\u00e1 lenta. O m\u00e9rito da emenda ainda ser\u00e1 analisado por uma comiss\u00e3o especial. Se aprovado, o texto ter\u00e1 que passar ainda pelo plen\u00e1rio da C\u00e2mara e, posteriormente, pelo Senado.&nbsp;<br \/> &nbsp;<br \/> O autor da proposta, deputado Mendes Thame (PSDB-SP), argumenta que o governo tem priorizado a tributa\u00e7\u00e3o por meio de contribui\u00e7\u00f5es. Ele enfatizou que a emenda resgata o esp\u00edrito da Constituinte de 1988, que n\u00e3o queria a taxa\u00e7\u00e3o destes produtos. Mas o texto se limitou \u00e0 imunidade de impostos porque as contribui\u00e7\u00f5es tinham pouco peso na arrecada\u00e7\u00e3o \u00e0 \u00e9poca.&nbsp;<br \/> &nbsp;<br \/> &#8211; O projeto ajuda a consolidar a liberdade de imprensa. O objetivo da medida \u00e9 diminuir a depend\u00eancia desses ve\u00edculos dos poderes p\u00fablicos &#8211; justificou Thame.&nbsp;<br \/> &nbsp;<br \/> O PT votou a favor da admissibilidade da emenda constitucional, mas se manifestou contra o m\u00e9rito da medida. Para o deputado Jos\u00e9 Genoino (PT-SP), a isen\u00e7\u00e3o tribut\u00e1ria fere os princ\u00edpios da isonomia, da concorr\u00eancia e da competitividade entre os grupos econ\u00f4micos com a mesma atividade.&nbsp;<br \/> &nbsp;<\/p>\n","protected":false},"excerpt":{"rendered":"<p>A Comiss\u00e3o de Constitui\u00e7\u00e3o e Justi\u00e7a (CCJ) da C\u00e2mara autorizou ontem a aprecia\u00e7\u00e3o de emenda constitucional que amplia a imunidade tribut\u00e1ria de livros, jornais e revistas e do papel usado na sua impress\u00e3o. Atualmente, a Carta Magna veta a incid\u00eancia de impostos sobre estes itens. Mas uma emenda pretende incluir entre os artigos o caderno [&hellip;]<\/p>\n","protected":false},"author":1,"featured_media":0,"comment_status":"closed","ping_status":"closed","sticky":false,"template":"","format":"standard","meta":{"footnotes":"","_links_to":"","_links_to_target":""},"categories":[9],"tags":[],"class_list":["post-2281","post","type-post","status-publish","format-standard","hentry","category-noticias-da-imprensa"],"yoast_head":"<!-- This site is optimized with the Yoast SEO plugin v15.1 - https:\/\/yoast.com\/wordpress\/plugins\/seo\/ -->\n<title>Isen\u00e7\u00e3o maior para livro e jornal ser\u00e1 avaliada &raquo; Abrelivros<\/title>\n<meta name=\"robots\" content=\"index, follow, max-snippet:-1, max-image-preview:large, max-video-preview:-1\" \/>\n<link rel=\"canonical\" href=\"https:\/\/abrelivros.org.br\/site\/isencao-maior-para-livro-e-jornal-sera-avaliada\/\" \/>\n<meta property=\"og:locale\" content=\"pt_BR\" \/>\n<meta property=\"og:type\" content=\"article\" \/>\n<meta property=\"og:title\" content=\"Isen\u00e7\u00e3o maior para livro e jornal ser\u00e1 avaliada &raquo; Abrelivros\" \/>\n<meta property=\"og:description\" content=\"A Comiss\u00e3o de Constitui\u00e7\u00e3o e Justi\u00e7a (CCJ) da C\u00e2mara autorizou ontem a aprecia\u00e7\u00e3o de emenda constitucional que amplia a imunidade tribut\u00e1ria de livros, jornais e revistas e do papel usado na sua impress\u00e3o. Atualmente, a Carta Magna veta a incid\u00eancia de impostos sobre estes itens. Mas uma emenda pretende incluir entre os artigos o caderno [&hellip;]\" \/>\n<meta property=\"og:url\" content=\"https:\/\/abrelivros.org.br\/site\/isencao-maior-para-livro-e-jornal-sera-avaliada\/\" \/>\n<meta property=\"og:site_name\" content=\"Abrelivros\" \/>\n<meta property=\"article:published_time\" content=\"2008-08-21T20:27:00+00:00\" \/>\n<meta name=\"twitter:card\" content=\"summary_large_image\" \/>\n<script type=\"application\/ld+json\" class=\"yoast-schema-graph\">{\"@context\":\"https:\/\/schema.org\",\"@graph\":[{\"@type\":\"WebSite\",\"@id\":\"https:\/\/abrelivros.org.br\/site\/#website\",\"url\":\"https:\/\/abrelivros.org.br\/site\/\",\"name\":\"Abrelivros\",\"description\":\"\",\"potentialAction\":[{\"@type\":\"SearchAction\",\"target\":\"https:\/\/abrelivros.org.br\/site\/?s={search_term_string}\",\"query-input\":\"required name=search_term_string\"}],\"inLanguage\":\"pt-BR\"},{\"@type\":\"WebPage\",\"@id\":\"https:\/\/abrelivros.org.br\/site\/isencao-maior-para-livro-e-jornal-sera-avaliada\/#webpage\",\"url\":\"https:\/\/abrelivros.org.br\/site\/isencao-maior-para-livro-e-jornal-sera-avaliada\/\",\"name\":\"Isen\\u00e7\\u00e3o maior para livro e jornal ser\\u00e1 avaliada &raquo; Abrelivros\",\"isPartOf\":{\"@id\":\"https:\/\/abrelivros.org.br\/site\/#website\"},\"datePublished\":\"2008-08-21T20:27:00+00:00\",\"dateModified\":\"2008-08-21T20:27:00+00:00\",\"author\":{\"@id\":\"https:\/\/abrelivros.org.br\/site\/#\/schema\/person\/2b867f13a717bb230f1a3555505f5593\"},\"breadcrumb\":{\"@id\":\"https:\/\/abrelivros.org.br\/site\/isencao-maior-para-livro-e-jornal-sera-avaliada\/#breadcrumb\"},\"inLanguage\":\"pt-BR\",\"potentialAction\":[{\"@type\":\"ReadAction\",\"target\":[\"https:\/\/abrelivros.org.br\/site\/isencao-maior-para-livro-e-jornal-sera-avaliada\/\"]}]},{\"@type\":\"BreadcrumbList\",\"@id\":\"https:\/\/abrelivros.org.br\/site\/isencao-maior-para-livro-e-jornal-sera-avaliada\/#breadcrumb\",\"itemListElement\":[{\"@type\":\"ListItem\",\"position\":1,\"item\":{\"@type\":\"WebPage\",\"@id\":\"https:\/\/abrelivros.org.br\/site\/\",\"url\":\"https:\/\/abrelivros.org.br\/site\/\",\"name\":\"In\\u00edcio\"}},{\"@type\":\"ListItem\",\"position\":2,\"item\":{\"@type\":\"WebPage\",\"@id\":\"https:\/\/abrelivros.org.br\/site\/category\/noticias\/\",\"url\":\"https:\/\/abrelivros.org.br\/site\/category\/noticias\/\",\"name\":\"Not\\u00edcias\"}},{\"@type\":\"ListItem\",\"position\":3,\"item\":{\"@type\":\"WebPage\",\"@id\":\"https:\/\/abrelivros.org.br\/site\/category\/noticias\/noticias-da-imprensa\/\",\"url\":\"https:\/\/abrelivros.org.br\/site\/category\/noticias\/noticias-da-imprensa\/\",\"name\":\"Not\\u00edcias da imprensa\"}},{\"@type\":\"ListItem\",\"position\":4,\"item\":{\"@type\":\"WebPage\",\"@id\":\"https:\/\/abrelivros.org.br\/site\/isencao-maior-para-livro-e-jornal-sera-avaliada\/\",\"url\":\"https:\/\/abrelivros.org.br\/site\/isencao-maior-para-livro-e-jornal-sera-avaliada\/\",\"name\":\"Isen\\u00e7\\u00e3o maior para livro e jornal ser\\u00e1 avaliada\"}}]},{\"@type\":\"Person\",\"@id\":\"https:\/\/abrelivros.org.br\/site\/#\/schema\/person\/2b867f13a717bb230f1a3555505f5593\",\"name\":\"\\u00a0\",\"image\":{\"@type\":\"ImageObject\",\"@id\":\"https:\/\/abrelivros.org.br\/site\/#personlogo\",\"inLanguage\":\"pt-BR\",\"url\":\"https:\/\/secure.gravatar.com\/avatar\/e80b7f5231be2fff5040a8023da424898002831c5439420df182ae62676d2a6f?s=96&d=mm&r=g\",\"caption\":\"\\u00a0\"}}]}<\/script>\n<!-- \/ Yoast SEO plugin. -->","_links":{"self":[{"href":"https:\/\/abrelivros.org.br\/site\/wp-json\/wp\/v2\/posts\/2281","targetHints":{"allow":["GET"]}}],"collection":[{"href":"https:\/\/abrelivros.org.br\/site\/wp-json\/wp\/v2\/posts"}],"about":[{"href":"https:\/\/abrelivros.org.br\/site\/wp-json\/wp\/v2\/types\/post"}],"author":[{"embeddable":true,"href":"https:\/\/abrelivros.org.br\/site\/wp-json\/wp\/v2\/users\/1"}],"replies":[{"embeddable":true,"href":"https:\/\/abrelivros.org.br\/site\/wp-json\/wp\/v2\/comments?post=2281"}],"version-history":[{"count":0,"href":"https:\/\/abrelivros.org.br\/site\/wp-json\/wp\/v2\/posts\/2281\/revisions"}],"wp:attachment":[{"href":"https:\/\/abrelivros.org.br\/site\/wp-json\/wp\/v2\/media?parent=2281"}],"wp:term":[{"taxonomy":"category","embeddable":true,"href":"https:\/\/abrelivros.org.br\/site\/wp-json\/wp\/v2\/categories?post=2281"},{"taxonomy":"post_tag","embeddable":true,"href":"https:\/\/abrelivros.org.br\/site\/wp-json\/wp\/v2\/tags?post=2281"}],"curies":[{"name":"wp","href":"https:\/\/api.w.org\/{rel}","templated":true}]}}