{"id":2280,"date":"2008-08-22T09:59:00","date_gmt":"2008-08-22T12:59:00","guid":{"rendered":"https:\/\/abrelivros.org.br\/site\/2008\/08\/22\/inep-divulga-dados-finais-do-ideb-2007\/"},"modified":"2008-08-22T09:59:00","modified_gmt":"2008-08-22T12:59:00","slug":"inep-divulga-dados-finais-do-ideb-2007","status":"publish","type":"post","link":"https:\/\/abrelivros.org.br\/site\/inep-divulga-dados-finais-do-ideb-2007\/","title":{"rendered":"Inep divulga dados finais do Ideb 2007"},"content":{"rendered":"<p>Os resultados definitivos do \u00cdndice de Desenvolvimento da Educa\u00e7\u00e3o B\u00e1sica (Ideb), relativos a 2007, de escolas, estados, munic\u00edpios, Distrito Federal e do pa\u00eds podem ser consultados a partir de hoje. As notas preliminares foram divulgadas em 21 de junho pelo Instituto Nacional de Estudos e Pesquisas Educacionais An\u00edsio Teixeira (Inep\/MEC).\u00a0<br \/> \u00a0<br \/> Entre 23 de junho e 11 de julho, foi aberto prazo para que os gestores estaduais e municipais solicitassem corre\u00e7\u00f5es caso verificassem imprecis\u00f5es nas informa\u00e7\u00f5es do censo escolar, que poderiam ter causado erros no c\u00e1lculo do ideb. O indicador \u00e9 medido com base nas notas de avalia\u00e7\u00f5es como a Prova Brasil e em dados informados pelos pr\u00f3prios gestores no censo escolar.\u00a0<br \/> \u00a0<br \/> A partir das corre\u00e7\u00f5es dos dados do censo, os idebs de alguns entes federados foram recalculados. Das cerca de 38,6 mil escolas de n\u00edvel fundamental, em que as s\u00e9ries iniciais foram avaliadas, apenas 689 delas \u2013 o que representa 1,8% do total \u2013 tiveram suas notas modificadas, em 28 munic\u00edpios e dois estados. Entre as escolas de n\u00edvel fundamental com s\u00e9ries finais avaliadas, 603 tiveram notas do ideb alteradas, em 31 munic\u00edpios e tr\u00eas estados. Foram avaliadas 27,8 mil institui\u00e7\u00f5es com s\u00e9ries finais do ensino fundamental.\u00a0<br \/> \u00a0<br \/> No total, 49.718 escolas, 5.553 munic\u00edpios e 27 unidades da federa\u00e7\u00e3o  tiveram seus idebs calculados em 2007. Veja a <a href=\"http:\/\/portal.mec.gov.br\/arquivos\/doc\/alteracao_ideb.xls\" target=\"_blank\" rel=\"noopener noreferrer\">rela\u00e7\u00e3o<\/a> de escolas, unidades da Federa\u00e7\u00e3o e munic\u00edpios com novos idebs. \u00a0<br \/> \u00a0<br \/> \u00a0<\/p>\n<p><B> MEC corrige Ideb e eleva SP no ranking das capitais<br \/><\/B> Folha de S.Paulo &#8211; Angela Pinho, Ant\u00f4nio Gois<\/p>\n<p> O Inep (instituto de pesquisa ligado ao Minist\u00e9rio da Educa\u00e7\u00e3o) corrigiu as notas de 50 munic\u00edpios e de cerca de 850 escolas no Ideb (\u00cdndice de Desenvolvimento da Educa\u00e7\u00e3o B\u00e1sica). Com isso, o Estado e o munic\u00edpio de S\u00e3o Paulo melhoraram as suas m\u00e9dias. <\/p>\n<p> O Ideb \u00e9 calculado a partir da nota dos alunos em provas de portugu\u00eas e de matem\u00e1tica e das taxas de reprova\u00e7\u00e3o -esse foi o dado que provocou o erro na maioria dos casos, de acordo com o Inep. A mudan\u00e7a, no entanto, influiu pouco na compara\u00e7\u00e3o da capital paulista com as outras capitais. <\/p>\n<p> Na quarta s\u00e9rie do ensino fundamental, por exemplo, o Ideb da rede municipal paulistana passou de 4,1 para 4,3. Com isso, a cidade ganhou duas posi\u00e7\u00f5es no ranking (de 12\u00ba para 10\u00ba), ultrapassando Vit\u00f3ria e Goi\u00e2nia, mas ficando atr\u00e1s ainda de capitais de Estados mais pobres, como Boa Vista, Teresina, Palmas e Rio Branco. <\/p>\n<p> Na oitava s\u00e9rie, com a corre\u00e7\u00e3o de 3,7 para 3,9, a rede municipal da capital paulista subiu duas posi\u00e7\u00f5es (da oitava para a sexta), ultrapassando Palmas e empatando com Teresina.<\/p>\n<p> Em junho, quando o MEC divulgou os dados do Ideb, o secret\u00e1rio municipal de Educa\u00e7\u00e3o, Alexandre Schneider, fez uma reclama\u00e7\u00e3o formal \u00e0 pasta pedindo que os dados de S\u00e3o Paulo fossem corrigidos antes de sua divulga\u00e7\u00e3o. <\/p>\n<p> O MEC alegou que n\u00e3o havia mais tempo para isso e que s\u00f3 posteriormente divulgaria a corre\u00e7\u00e3o, o que gerou uma crise entre a secretaria e a pasta. O Ideb corrigido da rede municipal de SP para a quarta e a oitava s\u00e9ries agora bate com os \u00edndices que, na \u00e9poca, a secretaria disse estarem certos: 4,3 para a quarta s\u00e9rie e 3,9 para a oitava. <\/p>\n<p> Com as mudan\u00e7as, no ranking dos Estados, que leva em conta a rede municipal, estadual e particular, S\u00e3o Paulo passou da terceira posi\u00e7\u00e3o, na quarta s\u00e9rie, para a primeira -a nota passou de 4,9 para 5. <\/p>\n<p> Pernambuco tamb\u00e9m teve a nota alterada na oitava s\u00e9rie (de 2,8 para 2,9), mas se manteve no 26\u00ba lugar.<\/p>\n<p> Para Reynaldo Fernandes, presidente do Inep, a mudan\u00e7a da nota de SP reflete a altera\u00e7\u00e3o da cidade, que concentra mais de 10% dos alunos do Estado. <\/p>\n<p> Ele atribui o erro inicial ao fato de a Secretaria Municipal de Educa\u00e7\u00e3o ter enviado dados incorretos, computando alunos transferidos como reprovados. O secret\u00e1rio Schneider informou ontem, por meio de sua assessoria, que n\u00e3o iria comentar as novas notas porque ainda n\u00e3o havia tido acesso aos dados. <\/p>\n<p> Fernandes diz que situa\u00e7\u00f5es como essa devem voltar a ocorrer. \u201cN\u00e3o tenho esse controle das escolas; [s\u00e3o] elas que me informam os dados\u201c, diz. \u201cS\u00f3 na divulga\u00e7\u00e3o, \u00e0s vezes, as pessoas acabam percebendo [erros]. N\u00e3o posso mudar sem uma solicita\u00e7\u00e3o formal e sem autoriza\u00e7\u00e3o de quem enviou o dado.\u201c <\/p>\n<p> Ele recha\u00e7a qualquer semelhan\u00e7a entre esse caso e a divulga\u00e7\u00e3o de uma nota errada da rede municipal de S\u00e3o Paulo na Prova Brasil de 2005. Na \u00e9poca, o erro colocou a cidade na 21\u00aa posi\u00e7\u00e3o em portugu\u00eas e na 20\u00aa em matem\u00e1tica entre as capitais, quando ela estava na 12\u00aa.<\/p>\n<p><\/p>\n","protected":false},"excerpt":{"rendered":"<p>Os resultados definitivos do \u00cdndice de Desenvolvimento da Educa\u00e7\u00e3o B\u00e1sica (Ideb), relativos a 2007, de escolas, estados, munic\u00edpios, Distrito Federal e do pa\u00eds podem ser consultados a partir de hoje. As notas preliminares foram divulgadas em 21 de junho pelo Instituto Nacional de Estudos e Pesquisas Educacionais An\u00edsio Teixeira (Inep\/MEC).\u00a0 \u00a0 Entre 23 de junho [&hellip;]<\/p>\n","protected":false},"author":1,"featured_media":0,"comment_status":"closed","ping_status":"closed","sticky":false,"template":"","format":"standard","meta":{"footnotes":"","_links_to":"","_links_to_target":""},"categories":[9],"tags":[],"class_list":["post-2280","post","type-post","status-publish","format-standard","hentry","category-noticias-da-imprensa"],"yoast_head":"<!-- This site is optimized with the Yoast SEO plugin v15.1 - https:\/\/yoast.com\/wordpress\/plugins\/seo\/ -->\n<title>Inep divulga dados finais do Ideb 2007 &raquo; Abrelivros<\/title>\n<meta name=\"robots\" content=\"index, follow, max-snippet:-1, max-image-preview:large, max-video-preview:-1\" \/>\n<link rel=\"canonical\" href=\"https:\/\/abrelivros.org.br\/site\/inep-divulga-dados-finais-do-ideb-2007\/\" \/>\n<meta property=\"og:locale\" content=\"pt_BR\" \/>\n<meta property=\"og:type\" content=\"article\" \/>\n<meta property=\"og:title\" content=\"Inep divulga dados finais do Ideb 2007 &raquo; Abrelivros\" \/>\n<meta property=\"og:description\" content=\"Os resultados definitivos do \u00cdndice de Desenvolvimento da Educa\u00e7\u00e3o B\u00e1sica (Ideb), relativos a 2007, de escolas, estados, munic\u00edpios, Distrito Federal e do pa\u00eds podem ser consultados a partir de hoje. As notas preliminares foram divulgadas em 21 de junho pelo Instituto Nacional de Estudos e Pesquisas Educacionais An\u00edsio Teixeira (Inep\/MEC).\u00a0 \u00a0 Entre 23 de junho [&hellip;]\" \/>\n<meta property=\"og:url\" content=\"https:\/\/abrelivros.org.br\/site\/inep-divulga-dados-finais-do-ideb-2007\/\" \/>\n<meta property=\"og:site_name\" content=\"Abrelivros\" \/>\n<meta property=\"article:published_time\" content=\"2008-08-22T12:59:00+00:00\" \/>\n<meta name=\"twitter:card\" content=\"summary_large_image\" \/>\n<script type=\"application\/ld+json\" class=\"yoast-schema-graph\">{\"@context\":\"https:\/\/schema.org\",\"@graph\":[{\"@type\":\"WebSite\",\"@id\":\"https:\/\/abrelivros.org.br\/site\/#website\",\"url\":\"https:\/\/abrelivros.org.br\/site\/\",\"name\":\"Abrelivros\",\"description\":\"\",\"potentialAction\":[{\"@type\":\"SearchAction\",\"target\":\"https:\/\/abrelivros.org.br\/site\/?s={search_term_string}\",\"query-input\":\"required name=search_term_string\"}],\"inLanguage\":\"pt-BR\"},{\"@type\":\"WebPage\",\"@id\":\"https:\/\/abrelivros.org.br\/site\/inep-divulga-dados-finais-do-ideb-2007\/#webpage\",\"url\":\"https:\/\/abrelivros.org.br\/site\/inep-divulga-dados-finais-do-ideb-2007\/\",\"name\":\"Inep divulga dados finais do Ideb 2007 &raquo; Abrelivros\",\"isPartOf\":{\"@id\":\"https:\/\/abrelivros.org.br\/site\/#website\"},\"datePublished\":\"2008-08-22T12:59:00+00:00\",\"dateModified\":\"2008-08-22T12:59:00+00:00\",\"author\":{\"@id\":\"https:\/\/abrelivros.org.br\/site\/#\/schema\/person\/2b867f13a717bb230f1a3555505f5593\"},\"breadcrumb\":{\"@id\":\"https:\/\/abrelivros.org.br\/site\/inep-divulga-dados-finais-do-ideb-2007\/#breadcrumb\"},\"inLanguage\":\"pt-BR\",\"potentialAction\":[{\"@type\":\"ReadAction\",\"target\":[\"https:\/\/abrelivros.org.br\/site\/inep-divulga-dados-finais-do-ideb-2007\/\"]}]},{\"@type\":\"BreadcrumbList\",\"@id\":\"https:\/\/abrelivros.org.br\/site\/inep-divulga-dados-finais-do-ideb-2007\/#breadcrumb\",\"itemListElement\":[{\"@type\":\"ListItem\",\"position\":1,\"item\":{\"@type\":\"WebPage\",\"@id\":\"https:\/\/abrelivros.org.br\/site\/\",\"url\":\"https:\/\/abrelivros.org.br\/site\/\",\"name\":\"In\\u00edcio\"}},{\"@type\":\"ListItem\",\"position\":2,\"item\":{\"@type\":\"WebPage\",\"@id\":\"https:\/\/abrelivros.org.br\/site\/category\/noticias\/\",\"url\":\"https:\/\/abrelivros.org.br\/site\/category\/noticias\/\",\"name\":\"Not\\u00edcias\"}},{\"@type\":\"ListItem\",\"position\":3,\"item\":{\"@type\":\"WebPage\",\"@id\":\"https:\/\/abrelivros.org.br\/site\/category\/noticias\/noticias-da-imprensa\/\",\"url\":\"https:\/\/abrelivros.org.br\/site\/category\/noticias\/noticias-da-imprensa\/\",\"name\":\"Not\\u00edcias da imprensa\"}},{\"@type\":\"ListItem\",\"position\":4,\"item\":{\"@type\":\"WebPage\",\"@id\":\"https:\/\/abrelivros.org.br\/site\/inep-divulga-dados-finais-do-ideb-2007\/\",\"url\":\"https:\/\/abrelivros.org.br\/site\/inep-divulga-dados-finais-do-ideb-2007\/\",\"name\":\"Inep divulga dados finais do Ideb 2007\"}}]},{\"@type\":\"Person\",\"@id\":\"https:\/\/abrelivros.org.br\/site\/#\/schema\/person\/2b867f13a717bb230f1a3555505f5593\",\"name\":\"\\u00a0\",\"image\":{\"@type\":\"ImageObject\",\"@id\":\"https:\/\/abrelivros.org.br\/site\/#personlogo\",\"inLanguage\":\"pt-BR\",\"url\":\"https:\/\/secure.gravatar.com\/avatar\/e80b7f5231be2fff5040a8023da424898002831c5439420df182ae62676d2a6f?s=96&d=mm&r=g\",\"caption\":\"\\u00a0\"}}]}<\/script>\n<!-- \/ Yoast SEO plugin. -->","_links":{"self":[{"href":"https:\/\/abrelivros.org.br\/site\/wp-json\/wp\/v2\/posts\/2280","targetHints":{"allow":["GET"]}}],"collection":[{"href":"https:\/\/abrelivros.org.br\/site\/wp-json\/wp\/v2\/posts"}],"about":[{"href":"https:\/\/abrelivros.org.br\/site\/wp-json\/wp\/v2\/types\/post"}],"author":[{"embeddable":true,"href":"https:\/\/abrelivros.org.br\/site\/wp-json\/wp\/v2\/users\/1"}],"replies":[{"embeddable":true,"href":"https:\/\/abrelivros.org.br\/site\/wp-json\/wp\/v2\/comments?post=2280"}],"version-history":[{"count":0,"href":"https:\/\/abrelivros.org.br\/site\/wp-json\/wp\/v2\/posts\/2280\/revisions"}],"wp:attachment":[{"href":"https:\/\/abrelivros.org.br\/site\/wp-json\/wp\/v2\/media?parent=2280"}],"wp:term":[{"taxonomy":"category","embeddable":true,"href":"https:\/\/abrelivros.org.br\/site\/wp-json\/wp\/v2\/categories?post=2280"},{"taxonomy":"post_tag","embeddable":true,"href":"https:\/\/abrelivros.org.br\/site\/wp-json\/wp\/v2\/tags?post=2280"}],"curies":[{"name":"wp","href":"https:\/\/api.w.org\/{rel}","templated":true}]}}