{"id":2278,"date":"2008-08-22T11:08:00","date_gmt":"2008-08-22T14:08:00","guid":{"rendered":"https:\/\/abrelivros.org.br\/site\/2008\/08\/22\/pnll-da-resultado-diz-ministro\/"},"modified":"2008-08-22T11:08:00","modified_gmt":"2008-08-22T14:08:00","slug":"pnll-da-resultado-diz-ministro","status":"publish","type":"post","link":"https:\/\/abrelivros.org.br\/site\/pnll-da-resultado-diz-ministro\/","title":{"rendered":"PNLL d\u00e1 resultado, diz ministro"},"content":{"rendered":"<p>O ministro interino Juca Ferreira, que deve tomar posse na pr\u00f3xima semana, diz que o PNLL \u00e9 um bom exemplo de trabalho articulado entre Cultura e Educa\u00e7\u00e3o que d\u00e1 certo. Segundo ele, o plano ajudou a reaproximar os dois minist\u00e9rios e a avalia\u00e7\u00e3o no governo \u00e9 que tem trazido \u201cresultados concretos\u201d.\u00a0<br \/> \u00a0<br \/> Segundo o secret\u00e1rio-executivo Jos\u00e9 Castilho, 2006 foi o momento de definir diretrizes e eixos. \u201cAgora, vemos que a pol\u00edtica do livro e da leitura est\u00e1 em movimento. H\u00e1 dois anos, tudo parecia novidade, todos assistiam como espectadores; agora temos uma teia de a\u00e7\u00f5es que come\u00e7am a se mostrar e a estabelecer di\u00e1logos\u201d.\u00a0<br \/>   \u00a0<br \/> \u00a0<br \/> \u00a0<\/p>\n","protected":false},"excerpt":{"rendered":"<p>O ministro interino Juca Ferreira, que deve tomar posse na pr\u00f3xima semana, diz que o PNLL \u00e9 um bom exemplo de trabalho articulado entre Cultura e Educa\u00e7\u00e3o que d\u00e1 certo. Segundo ele, o plano ajudou a reaproximar os dois minist\u00e9rios e a avalia\u00e7\u00e3o no governo \u00e9 que tem trazido \u201cresultados concretos\u201d.\u00a0 \u00a0 Segundo o secret\u00e1rio-executivo [&hellip;]<\/p>\n","protected":false},"author":1,"featured_media":0,"comment_status":"closed","ping_status":"closed","sticky":false,"template":"","format":"standard","meta":{"footnotes":"","_links_to":"","_links_to_target":""},"categories":[9],"tags":[],"class_list":["post-2278","post","type-post","status-publish","format-standard","hentry","category-noticias-da-imprensa"],"yoast_head":"<!-- This site is optimized with the Yoast SEO plugin v15.1 - https:\/\/yoast.com\/wordpress\/plugins\/seo\/ -->\n<title>PNLL d\u00e1 resultado, diz ministro &raquo; Abrelivros<\/title>\n<meta name=\"robots\" content=\"index, follow, max-snippet:-1, max-image-preview:large, max-video-preview:-1\" \/>\n<link rel=\"canonical\" href=\"https:\/\/abrelivros.org.br\/site\/pnll-da-resultado-diz-ministro\/\" \/>\n<meta property=\"og:locale\" content=\"pt_BR\" \/>\n<meta property=\"og:type\" content=\"article\" \/>\n<meta property=\"og:title\" content=\"PNLL d\u00e1 resultado, diz ministro &raquo; Abrelivros\" \/>\n<meta property=\"og:description\" content=\"O ministro interino Juca Ferreira, que deve tomar posse na pr\u00f3xima semana, diz que o PNLL \u00e9 um bom exemplo de trabalho articulado entre Cultura e Educa\u00e7\u00e3o que d\u00e1 certo. Segundo ele, o plano ajudou a reaproximar os dois minist\u00e9rios e a avalia\u00e7\u00e3o no governo \u00e9 que tem trazido \u201cresultados concretos\u201d.\u00a0 \u00a0 Segundo o secret\u00e1rio-executivo [&hellip;]\" \/>\n<meta property=\"og:url\" content=\"https:\/\/abrelivros.org.br\/site\/pnll-da-resultado-diz-ministro\/\" \/>\n<meta property=\"og:site_name\" content=\"Abrelivros\" \/>\n<meta property=\"article:published_time\" content=\"2008-08-22T14:08:00+00:00\" \/>\n<meta name=\"twitter:card\" content=\"summary_large_image\" \/>\n<script type=\"application\/ld+json\" class=\"yoast-schema-graph\">{\"@context\":\"https:\/\/schema.org\",\"@graph\":[{\"@type\":\"WebSite\",\"@id\":\"https:\/\/abrelivros.org.br\/site\/#website\",\"url\":\"https:\/\/abrelivros.org.br\/site\/\",\"name\":\"Abrelivros\",\"description\":\"\",\"potentialAction\":[{\"@type\":\"SearchAction\",\"target\":\"https:\/\/abrelivros.org.br\/site\/?s={search_term_string}\",\"query-input\":\"required name=search_term_string\"}],\"inLanguage\":\"pt-BR\"},{\"@type\":\"WebPage\",\"@id\":\"https:\/\/abrelivros.org.br\/site\/pnll-da-resultado-diz-ministro\/#webpage\",\"url\":\"https:\/\/abrelivros.org.br\/site\/pnll-da-resultado-diz-ministro\/\",\"name\":\"PNLL d\\u00e1 resultado, diz ministro &raquo; Abrelivros\",\"isPartOf\":{\"@id\":\"https:\/\/abrelivros.org.br\/site\/#website\"},\"datePublished\":\"2008-08-22T14:08:00+00:00\",\"dateModified\":\"2008-08-22T14:08:00+00:00\",\"author\":{\"@id\":\"https:\/\/abrelivros.org.br\/site\/#\/schema\/person\/2b867f13a717bb230f1a3555505f5593\"},\"breadcrumb\":{\"@id\":\"https:\/\/abrelivros.org.br\/site\/pnll-da-resultado-diz-ministro\/#breadcrumb\"},\"inLanguage\":\"pt-BR\",\"potentialAction\":[{\"@type\":\"ReadAction\",\"target\":[\"https:\/\/abrelivros.org.br\/site\/pnll-da-resultado-diz-ministro\/\"]}]},{\"@type\":\"BreadcrumbList\",\"@id\":\"https:\/\/abrelivros.org.br\/site\/pnll-da-resultado-diz-ministro\/#breadcrumb\",\"itemListElement\":[{\"@type\":\"ListItem\",\"position\":1,\"item\":{\"@type\":\"WebPage\",\"@id\":\"https:\/\/abrelivros.org.br\/site\/\",\"url\":\"https:\/\/abrelivros.org.br\/site\/\",\"name\":\"In\\u00edcio\"}},{\"@type\":\"ListItem\",\"position\":2,\"item\":{\"@type\":\"WebPage\",\"@id\":\"https:\/\/abrelivros.org.br\/site\/category\/noticias\/\",\"url\":\"https:\/\/abrelivros.org.br\/site\/category\/noticias\/\",\"name\":\"Not\\u00edcias\"}},{\"@type\":\"ListItem\",\"position\":3,\"item\":{\"@type\":\"WebPage\",\"@id\":\"https:\/\/abrelivros.org.br\/site\/category\/noticias\/noticias-da-imprensa\/\",\"url\":\"https:\/\/abrelivros.org.br\/site\/category\/noticias\/noticias-da-imprensa\/\",\"name\":\"Not\\u00edcias da imprensa\"}},{\"@type\":\"ListItem\",\"position\":4,\"item\":{\"@type\":\"WebPage\",\"@id\":\"https:\/\/abrelivros.org.br\/site\/pnll-da-resultado-diz-ministro\/\",\"url\":\"https:\/\/abrelivros.org.br\/site\/pnll-da-resultado-diz-ministro\/\",\"name\":\"PNLL d\\u00e1 resultado, diz ministro\"}}]},{\"@type\":\"Person\",\"@id\":\"https:\/\/abrelivros.org.br\/site\/#\/schema\/person\/2b867f13a717bb230f1a3555505f5593\",\"name\":\"\\u00a0\",\"image\":{\"@type\":\"ImageObject\",\"@id\":\"https:\/\/abrelivros.org.br\/site\/#personlogo\",\"inLanguage\":\"pt-BR\",\"url\":\"https:\/\/secure.gravatar.com\/avatar\/e80b7f5231be2fff5040a8023da424898002831c5439420df182ae62676d2a6f?s=96&d=mm&r=g\",\"caption\":\"\\u00a0\"}}]}<\/script>\n<!-- \/ Yoast SEO plugin. -->","_links":{"self":[{"href":"https:\/\/abrelivros.org.br\/site\/wp-json\/wp\/v2\/posts\/2278","targetHints":{"allow":["GET"]}}],"collection":[{"href":"https:\/\/abrelivros.org.br\/site\/wp-json\/wp\/v2\/posts"}],"about":[{"href":"https:\/\/abrelivros.org.br\/site\/wp-json\/wp\/v2\/types\/post"}],"author":[{"embeddable":true,"href":"https:\/\/abrelivros.org.br\/site\/wp-json\/wp\/v2\/users\/1"}],"replies":[{"embeddable":true,"href":"https:\/\/abrelivros.org.br\/site\/wp-json\/wp\/v2\/comments?post=2278"}],"version-history":[{"count":0,"href":"https:\/\/abrelivros.org.br\/site\/wp-json\/wp\/v2\/posts\/2278\/revisions"}],"wp:attachment":[{"href":"https:\/\/abrelivros.org.br\/site\/wp-json\/wp\/v2\/media?parent=2278"}],"wp:term":[{"taxonomy":"category","embeddable":true,"href":"https:\/\/abrelivros.org.br\/site\/wp-json\/wp\/v2\/categories?post=2278"},{"taxonomy":"post_tag","embeddable":true,"href":"https:\/\/abrelivros.org.br\/site\/wp-json\/wp\/v2\/tags?post=2278"}],"curies":[{"name":"wp","href":"https:\/\/api.w.org\/{rel}","templated":true}]}}