{"id":2275,"date":"2008-08-25T14:09:00","date_gmt":"2008-08-25T17:09:00","guid":{"rendered":"https:\/\/abrelivros.org.br\/site\/2008\/08\/25\/musicos-e-educadores-divergem-sobre-ensino-de-musica\/"},"modified":"2008-08-25T14:09:00","modified_gmt":"2008-08-25T17:09:00","slug":"musicos-e-educadores-divergem-sobre-ensino-de-musica","status":"publish","type":"post","link":"https:\/\/abrelivros.org.br\/site\/musicos-e-educadores-divergem-sobre-ensino-de-musica\/","title":{"rendered":"M\u00fasicos e educadores divergem sobre ensino de m\u00fasica"},"content":{"rendered":"<p>Ap\u00f3s quatro anos de visitas ao Congresso por m\u00fasicos, o presidente Luiz In\u00e1cio Lula da Silva sancionou, na semana passada, uma lei que trouxe de volta a m\u00fasica como disciplina obrigat\u00f3ria nas escolas de ensino fundamental e m\u00e9dio. Por\u00e9m, vetou o artigo que dizia que apenas os licenciados na \u00e1rea poderiam ensinar. \u00a0<br \/> \u00a0<br \/> A aprova\u00e7\u00e3o e o veto despertaram ainda mais pol\u00eamica sobre a proposta, elogiada e criticada tanto por m\u00fasicos quanto por educadores, que divergem at\u00e9 mesmo sobre o que seria uma aula de m\u00fasica na escola.\u00a0<br \/> \u00a0<br \/> \u201cA lei do jeito que est\u00e1 \u00e9 mentirosa, n\u00e3o \u00e9 fact\u00edvel\u201c, diz Annelise Godoy, diretora-executiva da empresa Philarmonia Brasileira. \u201cN\u00e3o temos sequer pessoas qualificadas para acompanhar esse processo, menos ainda para dar as aulas\u201c, explica ela, que desenvolve projetos nas escolas em parceria com empresas e institui\u00e7\u00f5es n\u00e3o-governamentais.\u00a0<br \/> \u00a0<br \/> \u201cSeria muito mais coerente criarmos um est\u00e1gio intermedi\u00e1rio, onde a obriga\u00e7\u00e3o seria de cada cidade ter um conservat\u00f3rio aberto aos alunos, com profissionais bem preparados\u201c, diz ela. \u00a0<br \/> \u00a0<br \/> Os especialistas n\u00e3o criticam o ensino de m\u00fasica, mas a maneira como ele ser\u00e1 implementado em uma rede cheia de car\u00eancias, onde falta desde energia el\u00e9trica at\u00e9 professores formados nas disciplinas b\u00e1sicas, como matem\u00e1tica e f\u00edsica.\u00a0<br \/> \u00a0<br \/> \u201cSou totalmente favor\u00e1vel ao ensino de m\u00fasica, sempre achei uma pena ele ter sa\u00eddo das escolas. Mas \u00e9 uma coisa que precisa ser muito bem pensada para que funcione\u201c, diz o maestro Jamil Maluf, diretor do Teatro Municipal de S\u00e3o Paulo e da Orquestra Experimental de Repert\u00f3rio. \u201cN\u00e3o existe material dispon\u00edvel para o professor e isso precisar\u00e1 ser criado, porque sem forma\u00e7\u00e3o e sem material did\u00e1tico n\u00e3o h\u00e1 possibilidade de dar certo.\u201c\u00a0<br \/> \u00a0<br \/> Cultura\u00a0<br \/> O maestro faz uma compara\u00e7\u00e3o com o ensino de educa\u00e7\u00e3o art\u00edstica, que foi colocado na rede sem preparo nem orienta\u00e7\u00e3o. Muitas vezes, diz ele, os alunos fazem pouco mais do que ficar \u201crecortando coelhinho de papel pra fazer enfeite de P\u00e1scoa\u201c. \u00a0<br \/> \u00a0<br \/> Para Maluf, o que deve ser ensinado n\u00e3o \u00e9 apenas o uso de um instrumento, mas a aprecia\u00e7\u00e3o e a compreens\u00e3o do valor cultural da m\u00fasica.\u00a0<\/p>\n","protected":false},"excerpt":{"rendered":"<p>Ap\u00f3s quatro anos de visitas ao Congresso por m\u00fasicos, o presidente Luiz In\u00e1cio Lula da Silva sancionou, na semana passada, uma lei que trouxe de volta a m\u00fasica como disciplina obrigat\u00f3ria nas escolas de ensino fundamental e m\u00e9dio. Por\u00e9m, vetou o artigo que dizia que apenas os licenciados na \u00e1rea poderiam ensinar. \u00a0 \u00a0 A [&hellip;]<\/p>\n","protected":false},"author":1,"featured_media":0,"comment_status":"closed","ping_status":"closed","sticky":false,"template":"","format":"standard","meta":{"footnotes":"","_links_to":"","_links_to_target":""},"categories":[9],"tags":[],"class_list":["post-2275","post","type-post","status-publish","format-standard","hentry","category-noticias-da-imprensa"],"yoast_head":"<!-- This site is optimized with the Yoast SEO plugin v15.1 - https:\/\/yoast.com\/wordpress\/plugins\/seo\/ -->\n<title>M\u00fasicos e educadores divergem sobre ensino de m\u00fasica &raquo; Abrelivros<\/title>\n<meta name=\"robots\" content=\"index, follow, max-snippet:-1, max-image-preview:large, max-video-preview:-1\" \/>\n<link rel=\"canonical\" href=\"https:\/\/abrelivros.org.br\/site\/musicos-e-educadores-divergem-sobre-ensino-de-musica\/\" \/>\n<meta property=\"og:locale\" content=\"pt_BR\" \/>\n<meta property=\"og:type\" content=\"article\" \/>\n<meta property=\"og:title\" content=\"M\u00fasicos e educadores divergem sobre ensino de m\u00fasica &raquo; Abrelivros\" \/>\n<meta property=\"og:description\" content=\"Ap\u00f3s quatro anos de visitas ao Congresso por m\u00fasicos, o presidente Luiz In\u00e1cio Lula da Silva sancionou, na semana passada, uma lei que trouxe de volta a m\u00fasica como disciplina obrigat\u00f3ria nas escolas de ensino fundamental e m\u00e9dio. Por\u00e9m, vetou o artigo que dizia que apenas os licenciados na \u00e1rea poderiam ensinar. \u00a0 \u00a0 A [&hellip;]\" \/>\n<meta property=\"og:url\" content=\"https:\/\/abrelivros.org.br\/site\/musicos-e-educadores-divergem-sobre-ensino-de-musica\/\" \/>\n<meta property=\"og:site_name\" content=\"Abrelivros\" \/>\n<meta property=\"article:published_time\" content=\"2008-08-25T17:09:00+00:00\" \/>\n<meta name=\"twitter:card\" content=\"summary_large_image\" \/>\n<script type=\"application\/ld+json\" class=\"yoast-schema-graph\">{\"@context\":\"https:\/\/schema.org\",\"@graph\":[{\"@type\":\"WebSite\",\"@id\":\"https:\/\/abrelivros.org.br\/site\/#website\",\"url\":\"https:\/\/abrelivros.org.br\/site\/\",\"name\":\"Abrelivros\",\"description\":\"\",\"potentialAction\":[{\"@type\":\"SearchAction\",\"target\":\"https:\/\/abrelivros.org.br\/site\/?s={search_term_string}\",\"query-input\":\"required name=search_term_string\"}],\"inLanguage\":\"pt-BR\"},{\"@type\":\"WebPage\",\"@id\":\"https:\/\/abrelivros.org.br\/site\/musicos-e-educadores-divergem-sobre-ensino-de-musica\/#webpage\",\"url\":\"https:\/\/abrelivros.org.br\/site\/musicos-e-educadores-divergem-sobre-ensino-de-musica\/\",\"name\":\"M\\u00fasicos e educadores divergem sobre ensino de m\\u00fasica &raquo; Abrelivros\",\"isPartOf\":{\"@id\":\"https:\/\/abrelivros.org.br\/site\/#website\"},\"datePublished\":\"2008-08-25T17:09:00+00:00\",\"dateModified\":\"2008-08-25T17:09:00+00:00\",\"author\":{\"@id\":\"https:\/\/abrelivros.org.br\/site\/#\/schema\/person\/2b867f13a717bb230f1a3555505f5593\"},\"breadcrumb\":{\"@id\":\"https:\/\/abrelivros.org.br\/site\/musicos-e-educadores-divergem-sobre-ensino-de-musica\/#breadcrumb\"},\"inLanguage\":\"pt-BR\",\"potentialAction\":[{\"@type\":\"ReadAction\",\"target\":[\"https:\/\/abrelivros.org.br\/site\/musicos-e-educadores-divergem-sobre-ensino-de-musica\/\"]}]},{\"@type\":\"BreadcrumbList\",\"@id\":\"https:\/\/abrelivros.org.br\/site\/musicos-e-educadores-divergem-sobre-ensino-de-musica\/#breadcrumb\",\"itemListElement\":[{\"@type\":\"ListItem\",\"position\":1,\"item\":{\"@type\":\"WebPage\",\"@id\":\"https:\/\/abrelivros.org.br\/site\/\",\"url\":\"https:\/\/abrelivros.org.br\/site\/\",\"name\":\"In\\u00edcio\"}},{\"@type\":\"ListItem\",\"position\":2,\"item\":{\"@type\":\"WebPage\",\"@id\":\"https:\/\/abrelivros.org.br\/site\/category\/noticias\/\",\"url\":\"https:\/\/abrelivros.org.br\/site\/category\/noticias\/\",\"name\":\"Not\\u00edcias\"}},{\"@type\":\"ListItem\",\"position\":3,\"item\":{\"@type\":\"WebPage\",\"@id\":\"https:\/\/abrelivros.org.br\/site\/category\/noticias\/noticias-da-imprensa\/\",\"url\":\"https:\/\/abrelivros.org.br\/site\/category\/noticias\/noticias-da-imprensa\/\",\"name\":\"Not\\u00edcias da imprensa\"}},{\"@type\":\"ListItem\",\"position\":4,\"item\":{\"@type\":\"WebPage\",\"@id\":\"https:\/\/abrelivros.org.br\/site\/musicos-e-educadores-divergem-sobre-ensino-de-musica\/\",\"url\":\"https:\/\/abrelivros.org.br\/site\/musicos-e-educadores-divergem-sobre-ensino-de-musica\/\",\"name\":\"M\\u00fasicos e educadores divergem sobre ensino de m\\u00fasica\"}}]},{\"@type\":\"Person\",\"@id\":\"https:\/\/abrelivros.org.br\/site\/#\/schema\/person\/2b867f13a717bb230f1a3555505f5593\",\"name\":\"\\u00a0\",\"image\":{\"@type\":\"ImageObject\",\"@id\":\"https:\/\/abrelivros.org.br\/site\/#personlogo\",\"inLanguage\":\"pt-BR\",\"url\":\"https:\/\/secure.gravatar.com\/avatar\/e80b7f5231be2fff5040a8023da424898002831c5439420df182ae62676d2a6f?s=96&d=mm&r=g\",\"caption\":\"\\u00a0\"}}]}<\/script>\n<!-- \/ Yoast SEO plugin. -->","_links":{"self":[{"href":"https:\/\/abrelivros.org.br\/site\/wp-json\/wp\/v2\/posts\/2275","targetHints":{"allow":["GET"]}}],"collection":[{"href":"https:\/\/abrelivros.org.br\/site\/wp-json\/wp\/v2\/posts"}],"about":[{"href":"https:\/\/abrelivros.org.br\/site\/wp-json\/wp\/v2\/types\/post"}],"author":[{"embeddable":true,"href":"https:\/\/abrelivros.org.br\/site\/wp-json\/wp\/v2\/users\/1"}],"replies":[{"embeddable":true,"href":"https:\/\/abrelivros.org.br\/site\/wp-json\/wp\/v2\/comments?post=2275"}],"version-history":[{"count":0,"href":"https:\/\/abrelivros.org.br\/site\/wp-json\/wp\/v2\/posts\/2275\/revisions"}],"wp:attachment":[{"href":"https:\/\/abrelivros.org.br\/site\/wp-json\/wp\/v2\/media?parent=2275"}],"wp:term":[{"taxonomy":"category","embeddable":true,"href":"https:\/\/abrelivros.org.br\/site\/wp-json\/wp\/v2\/categories?post=2275"},{"taxonomy":"post_tag","embeddable":true,"href":"https:\/\/abrelivros.org.br\/site\/wp-json\/wp\/v2\/tags?post=2275"}],"curies":[{"name":"wp","href":"https:\/\/api.w.org\/{rel}","templated":true}]}}