{"id":2272,"date":"2008-08-28T16:23:00","date_gmt":"2008-08-28T19:23:00","guid":{"rendered":"https:\/\/abrelivros.org.br\/site\/2008\/08\/28\/delcio-teobaldo-ganha-premio-barco-a-vapor\/"},"modified":"2008-08-28T16:23:00","modified_gmt":"2008-08-28T19:23:00","slug":"delcio-teobaldo-ganha-premio-barco-a-vapor","status":"publish","type":"post","link":"https:\/\/abrelivros.org.br\/site\/delcio-teobaldo-ganha-premio-barco-a-vapor\/","title":{"rendered":"D\u00e9lcio Teobaldo ganha pr\u00eamio Barco a Vapor"},"content":{"rendered":"<p>A obra Pivetim \u2013 Um romance proibid\u00e3o, do escritor e jornalista mineiro D\u00e9lcio Teobaldo, conquistou o maior pr\u00eamio brasileiro destinado a originais de literatura Infantil e Juvenil, que est\u00e1 em sua quarta edi\u00e7\u00e3o &#8211; o Barco a Vapor. A cerim\u00f4nia de entrega aconteceu na ter\u00e7a, no Sesc Vila Mariana, em S\u00e3o Paulo, quando tamb\u00e9m se anunciou a abertura das inscri\u00e7\u00f5es para o 5\u00ba Pr\u00eamio Barco a Vapor de Literatura Infantil e Juvenil, que tem seu regulamento dispon\u00edvel na p\u00e1gina de Edi\u00e7\u00f5es SM na Internet. &nbsp;<br \/> &nbsp;<br \/> Os livros inscritos, sempre in\u00e9ditos, devem se encaixar em uma das quatro s\u00e9ries da cole\u00e7\u00e3o Barco a Vapor: leitor iniciante (6 e 7 anos), em processo (8 e 9 anos), fluente (10 e 11 anos) e cr\u00edtico (12 e 13 anos). Selecionado entre mais de 500 inscritos, Pivetim \u2013 Um romance proibid\u00e3o ser\u00e1 publicado na s\u00e9rie vermelha (leitores cr\u00edticos) da cole\u00e7\u00e3o. O livro mistura passado e presente, realidade e del\u00edrio, para contar o cotidiano vivido por meninos de rua.&nbsp;<br \/> &nbsp;<br \/> &nbsp;<\/p>\n","protected":false},"excerpt":{"rendered":"<p>A obra Pivetim \u2013 Um romance proibid\u00e3o, do escritor e jornalista mineiro D\u00e9lcio Teobaldo, conquistou o maior pr\u00eamio brasileiro destinado a originais de literatura Infantil e Juvenil, que est\u00e1 em sua quarta edi\u00e7\u00e3o &#8211; o Barco a Vapor. A cerim\u00f4nia de entrega aconteceu na ter\u00e7a, no Sesc Vila Mariana, em S\u00e3o Paulo, quando tamb\u00e9m se [&hellip;]<\/p>\n","protected":false},"author":1,"featured_media":0,"comment_status":"closed","ping_status":"closed","sticky":false,"template":"","format":"standard","meta":{"footnotes":"","_links_to":"","_links_to_target":""},"categories":[9],"tags":[],"class_list":["post-2272","post","type-post","status-publish","format-standard","hentry","category-noticias-da-imprensa"],"yoast_head":"<!-- This site is optimized with the Yoast SEO plugin v15.1 - https:\/\/yoast.com\/wordpress\/plugins\/seo\/ -->\n<title>D\u00e9lcio Teobaldo ganha pr\u00eamio Barco a Vapor &raquo; Abrelivros<\/title>\n<meta name=\"robots\" content=\"index, follow, max-snippet:-1, max-image-preview:large, max-video-preview:-1\" \/>\n<link rel=\"canonical\" href=\"https:\/\/abrelivros.org.br\/site\/delcio-teobaldo-ganha-premio-barco-a-vapor\/\" \/>\n<meta property=\"og:locale\" content=\"pt_BR\" \/>\n<meta property=\"og:type\" content=\"article\" \/>\n<meta property=\"og:title\" content=\"D\u00e9lcio Teobaldo ganha pr\u00eamio Barco a Vapor &raquo; Abrelivros\" \/>\n<meta property=\"og:description\" content=\"A obra Pivetim \u2013 Um romance proibid\u00e3o, do escritor e jornalista mineiro D\u00e9lcio Teobaldo, conquistou o maior pr\u00eamio brasileiro destinado a originais de literatura Infantil e Juvenil, que est\u00e1 em sua quarta edi\u00e7\u00e3o &#8211; o Barco a Vapor. A cerim\u00f4nia de entrega aconteceu na ter\u00e7a, no Sesc Vila Mariana, em S\u00e3o Paulo, quando tamb\u00e9m se [&hellip;]\" \/>\n<meta property=\"og:url\" content=\"https:\/\/abrelivros.org.br\/site\/delcio-teobaldo-ganha-premio-barco-a-vapor\/\" \/>\n<meta property=\"og:site_name\" content=\"Abrelivros\" \/>\n<meta property=\"article:published_time\" content=\"2008-08-28T19:23:00+00:00\" \/>\n<meta name=\"twitter:card\" content=\"summary_large_image\" \/>\n<script type=\"application\/ld+json\" class=\"yoast-schema-graph\">{\"@context\":\"https:\/\/schema.org\",\"@graph\":[{\"@type\":\"WebSite\",\"@id\":\"https:\/\/abrelivros.org.br\/site\/#website\",\"url\":\"https:\/\/abrelivros.org.br\/site\/\",\"name\":\"Abrelivros\",\"description\":\"\",\"potentialAction\":[{\"@type\":\"SearchAction\",\"target\":\"https:\/\/abrelivros.org.br\/site\/?s={search_term_string}\",\"query-input\":\"required name=search_term_string\"}],\"inLanguage\":\"pt-BR\"},{\"@type\":\"WebPage\",\"@id\":\"https:\/\/abrelivros.org.br\/site\/delcio-teobaldo-ganha-premio-barco-a-vapor\/#webpage\",\"url\":\"https:\/\/abrelivros.org.br\/site\/delcio-teobaldo-ganha-premio-barco-a-vapor\/\",\"name\":\"D\\u00e9lcio Teobaldo ganha pr\\u00eamio Barco a Vapor &raquo; Abrelivros\",\"isPartOf\":{\"@id\":\"https:\/\/abrelivros.org.br\/site\/#website\"},\"datePublished\":\"2008-08-28T19:23:00+00:00\",\"dateModified\":\"2008-08-28T19:23:00+00:00\",\"author\":{\"@id\":\"https:\/\/abrelivros.org.br\/site\/#\/schema\/person\/2b867f13a717bb230f1a3555505f5593\"},\"breadcrumb\":{\"@id\":\"https:\/\/abrelivros.org.br\/site\/delcio-teobaldo-ganha-premio-barco-a-vapor\/#breadcrumb\"},\"inLanguage\":\"pt-BR\",\"potentialAction\":[{\"@type\":\"ReadAction\",\"target\":[\"https:\/\/abrelivros.org.br\/site\/delcio-teobaldo-ganha-premio-barco-a-vapor\/\"]}]},{\"@type\":\"BreadcrumbList\",\"@id\":\"https:\/\/abrelivros.org.br\/site\/delcio-teobaldo-ganha-premio-barco-a-vapor\/#breadcrumb\",\"itemListElement\":[{\"@type\":\"ListItem\",\"position\":1,\"item\":{\"@type\":\"WebPage\",\"@id\":\"https:\/\/abrelivros.org.br\/site\/\",\"url\":\"https:\/\/abrelivros.org.br\/site\/\",\"name\":\"In\\u00edcio\"}},{\"@type\":\"ListItem\",\"position\":2,\"item\":{\"@type\":\"WebPage\",\"@id\":\"https:\/\/abrelivros.org.br\/site\/category\/noticias\/\",\"url\":\"https:\/\/abrelivros.org.br\/site\/category\/noticias\/\",\"name\":\"Not\\u00edcias\"}},{\"@type\":\"ListItem\",\"position\":3,\"item\":{\"@type\":\"WebPage\",\"@id\":\"https:\/\/abrelivros.org.br\/site\/category\/noticias\/noticias-da-imprensa\/\",\"url\":\"https:\/\/abrelivros.org.br\/site\/category\/noticias\/noticias-da-imprensa\/\",\"name\":\"Not\\u00edcias da imprensa\"}},{\"@type\":\"ListItem\",\"position\":4,\"item\":{\"@type\":\"WebPage\",\"@id\":\"https:\/\/abrelivros.org.br\/site\/delcio-teobaldo-ganha-premio-barco-a-vapor\/\",\"url\":\"https:\/\/abrelivros.org.br\/site\/delcio-teobaldo-ganha-premio-barco-a-vapor\/\",\"name\":\"D\\u00e9lcio Teobaldo ganha pr\\u00eamio Barco a Vapor\"}}]},{\"@type\":\"Person\",\"@id\":\"https:\/\/abrelivros.org.br\/site\/#\/schema\/person\/2b867f13a717bb230f1a3555505f5593\",\"name\":\"\\u00a0\",\"image\":{\"@type\":\"ImageObject\",\"@id\":\"https:\/\/abrelivros.org.br\/site\/#personlogo\",\"inLanguage\":\"pt-BR\",\"url\":\"https:\/\/secure.gravatar.com\/avatar\/e80b7f5231be2fff5040a8023da424898002831c5439420df182ae62676d2a6f?s=96&d=mm&r=g\",\"caption\":\"\\u00a0\"}}]}<\/script>\n<!-- \/ Yoast SEO plugin. -->","_links":{"self":[{"href":"https:\/\/abrelivros.org.br\/site\/wp-json\/wp\/v2\/posts\/2272","targetHints":{"allow":["GET"]}}],"collection":[{"href":"https:\/\/abrelivros.org.br\/site\/wp-json\/wp\/v2\/posts"}],"about":[{"href":"https:\/\/abrelivros.org.br\/site\/wp-json\/wp\/v2\/types\/post"}],"author":[{"embeddable":true,"href":"https:\/\/abrelivros.org.br\/site\/wp-json\/wp\/v2\/users\/1"}],"replies":[{"embeddable":true,"href":"https:\/\/abrelivros.org.br\/site\/wp-json\/wp\/v2\/comments?post=2272"}],"version-history":[{"count":0,"href":"https:\/\/abrelivros.org.br\/site\/wp-json\/wp\/v2\/posts\/2272\/revisions"}],"wp:attachment":[{"href":"https:\/\/abrelivros.org.br\/site\/wp-json\/wp\/v2\/media?parent=2272"}],"wp:term":[{"taxonomy":"category","embeddable":true,"href":"https:\/\/abrelivros.org.br\/site\/wp-json\/wp\/v2\/categories?post=2272"},{"taxonomy":"post_tag","embeddable":true,"href":"https:\/\/abrelivros.org.br\/site\/wp-json\/wp\/v2\/tags?post=2272"}],"curies":[{"name":"wp","href":"https:\/\/api.w.org\/{rel}","templated":true}]}}