{"id":2271,"date":"2008-08-28T16:25:00","date_gmt":"2008-08-28T19:25:00","guid":{"rendered":"https:\/\/abrelivros.org.br\/site\/2008\/08\/28\/lula-vai-empossar-juca-ferreira-na-cultura\/"},"modified":"2008-08-28T16:25:00","modified_gmt":"2008-08-28T19:25:00","slug":"lula-vai-empossar-juca-ferreira-na-cultura","status":"publish","type":"post","link":"https:\/\/abrelivros.org.br\/site\/lula-vai-empossar-juca-ferreira-na-cultura\/","title":{"rendered":"Lula vai empossar Juca Ferreira na Cultura"},"content":{"rendered":"<p>O presidente Luiz In\u00e1cio Lula da Silva vai empossar nesta quinta-feira, como seu novo Ministro da Cultura, o soci\u00f3logo baiano Juca Ferreira, atual ministro interino. Secret\u00e1rio-executivo do MinC desde a posse de Gilberto Gil, em 2003, Ferreira ser\u00e1 empossado \u00e0s 15 horas em dois atos: primeiro, ser\u00e1 nomeado pelo presidente, e a seguir haver\u00e1 a cerim\u00f4nia de transmiss\u00e3o do cargo. \u00a0<br \/>  \u00a0<br \/> Baiano de Salvador, Jo\u00e3o Luiz da Silva Ferreira, o Juca Ferreira, foi militante estudantil e ficou 9 anos exilado durante o regime militar, vivendo no Chile, Su\u00e9cia e Fran\u00e7a, onde formou-se em Sociologia. Voltou ao Pa\u00eds com a anistisa e passou a trabalhar com pol\u00edtica e cultura na Bahia. Ali, desenvolveu o projeto de arte-educa\u00e7\u00e3o Ax\u00e9, para adolescentes em situa\u00e7\u00e3o de risco.\u00a0<br \/> \u00a0<br \/> Membro do Partido Verde, o mesmo de Gil, Juca Ferreira foi secret\u00e1rio de Meio Ambiente da prefeitura de Salvador e tamb\u00e9m assessor especial da Funda\u00e7\u00e3o Cultural do Estado da Bahia. Foi duas vezes eleito vereador de Salvador (1992 e 2000). Defende reformas na Lei Rouanet e a ado\u00e7\u00e3o de um fundo de incentivo direto para a cultura.\u00a0<br \/> \u00a0<br \/> \u201cA pol\u00edtica p\u00fablica de cultura deve ser financiada pelo Or\u00e7amento da Uni\u00e3o\u201c, defendeu Juca, em entrevista ao Estado. Ele disse que j\u00e1 tem uma nova proposta de financiamento cultural pronta, mas que depende de esfor\u00e7os de negocia\u00e7\u00e3o internos. \u201cPrecisamos negociar com o governo e o Congresso, mas \u00e9 uma proposta bastante coerente. Primeiro, porque ela tem o or\u00e7amento como o principal instrumento de financiamento \u00e0 pol\u00edtica p\u00fablica de cultura. A ren\u00fancia fiscal n\u00e3o tem condi\u00e7\u00f5es de cumprir esse papel, porque ela implica em uma negocia\u00e7\u00e3o com a \u00e1rea privada, e a \u00e1rea privada tem o crit\u00e9rio do retorno de imagem. Ent\u00e3o, h\u00e1 \u00e1reas estrat\u00e9gicas, e eu citaria o Parque de S\u00e3o Raimundo Nonato, que traz os tra\u00e7os mais antigos da presen\u00e7a do homem no planeta, e que ningu\u00e9m quer financiar porque est\u00e1 l\u00e1 no interior do Piau\u00ed. \u00c9 cientificamente exemplar, mas as empresas, ao se associarem ao mecanismo de ren\u00fancia da Lei Rouanet, eles querem retorno, e retorno est\u00e1 onde est\u00e3o os consumidores em potencial\u201c, considerou.\u00a0<br \/> \u00a0<\/p>\n","protected":false},"excerpt":{"rendered":"<p>O presidente Luiz In\u00e1cio Lula da Silva vai empossar nesta quinta-feira, como seu novo Ministro da Cultura, o soci\u00f3logo baiano Juca Ferreira, atual ministro interino. Secret\u00e1rio-executivo do MinC desde a posse de Gilberto Gil, em 2003, Ferreira ser\u00e1 empossado \u00e0s 15 horas em dois atos: primeiro, ser\u00e1 nomeado pelo presidente, e a seguir haver\u00e1 a [&hellip;]<\/p>\n","protected":false},"author":1,"featured_media":0,"comment_status":"closed","ping_status":"closed","sticky":false,"template":"","format":"standard","meta":{"footnotes":"","_links_to":"","_links_to_target":""},"categories":[9],"tags":[],"class_list":["post-2271","post","type-post","status-publish","format-standard","hentry","category-noticias-da-imprensa"],"yoast_head":"<!-- This site is optimized with the Yoast SEO plugin v15.1 - https:\/\/yoast.com\/wordpress\/plugins\/seo\/ -->\n<title>Lula vai empossar Juca Ferreira na Cultura &raquo; Abrelivros<\/title>\n<meta name=\"robots\" content=\"index, follow, max-snippet:-1, max-image-preview:large, max-video-preview:-1\" \/>\n<link rel=\"canonical\" href=\"https:\/\/abrelivros.org.br\/site\/lula-vai-empossar-juca-ferreira-na-cultura\/\" \/>\n<meta property=\"og:locale\" content=\"pt_BR\" \/>\n<meta property=\"og:type\" content=\"article\" \/>\n<meta property=\"og:title\" content=\"Lula vai empossar Juca Ferreira na Cultura &raquo; Abrelivros\" \/>\n<meta property=\"og:description\" content=\"O presidente Luiz In\u00e1cio Lula da Silva vai empossar nesta quinta-feira, como seu novo Ministro da Cultura, o soci\u00f3logo baiano Juca Ferreira, atual ministro interino. Secret\u00e1rio-executivo do MinC desde a posse de Gilberto Gil, em 2003, Ferreira ser\u00e1 empossado \u00e0s 15 horas em dois atos: primeiro, ser\u00e1 nomeado pelo presidente, e a seguir haver\u00e1 a [&hellip;]\" \/>\n<meta property=\"og:url\" content=\"https:\/\/abrelivros.org.br\/site\/lula-vai-empossar-juca-ferreira-na-cultura\/\" \/>\n<meta property=\"og:site_name\" content=\"Abrelivros\" \/>\n<meta property=\"article:published_time\" content=\"2008-08-28T19:25:00+00:00\" \/>\n<meta name=\"twitter:card\" content=\"summary_large_image\" \/>\n<script type=\"application\/ld+json\" class=\"yoast-schema-graph\">{\"@context\":\"https:\/\/schema.org\",\"@graph\":[{\"@type\":\"WebSite\",\"@id\":\"https:\/\/abrelivros.org.br\/site\/#website\",\"url\":\"https:\/\/abrelivros.org.br\/site\/\",\"name\":\"Abrelivros\",\"description\":\"\",\"potentialAction\":[{\"@type\":\"SearchAction\",\"target\":\"https:\/\/abrelivros.org.br\/site\/?s={search_term_string}\",\"query-input\":\"required name=search_term_string\"}],\"inLanguage\":\"pt-BR\"},{\"@type\":\"WebPage\",\"@id\":\"https:\/\/abrelivros.org.br\/site\/lula-vai-empossar-juca-ferreira-na-cultura\/#webpage\",\"url\":\"https:\/\/abrelivros.org.br\/site\/lula-vai-empossar-juca-ferreira-na-cultura\/\",\"name\":\"Lula vai empossar Juca Ferreira na Cultura &raquo; Abrelivros\",\"isPartOf\":{\"@id\":\"https:\/\/abrelivros.org.br\/site\/#website\"},\"datePublished\":\"2008-08-28T19:25:00+00:00\",\"dateModified\":\"2008-08-28T19:25:00+00:00\",\"author\":{\"@id\":\"https:\/\/abrelivros.org.br\/site\/#\/schema\/person\/2b867f13a717bb230f1a3555505f5593\"},\"breadcrumb\":{\"@id\":\"https:\/\/abrelivros.org.br\/site\/lula-vai-empossar-juca-ferreira-na-cultura\/#breadcrumb\"},\"inLanguage\":\"pt-BR\",\"potentialAction\":[{\"@type\":\"ReadAction\",\"target\":[\"https:\/\/abrelivros.org.br\/site\/lula-vai-empossar-juca-ferreira-na-cultura\/\"]}]},{\"@type\":\"BreadcrumbList\",\"@id\":\"https:\/\/abrelivros.org.br\/site\/lula-vai-empossar-juca-ferreira-na-cultura\/#breadcrumb\",\"itemListElement\":[{\"@type\":\"ListItem\",\"position\":1,\"item\":{\"@type\":\"WebPage\",\"@id\":\"https:\/\/abrelivros.org.br\/site\/\",\"url\":\"https:\/\/abrelivros.org.br\/site\/\",\"name\":\"In\\u00edcio\"}},{\"@type\":\"ListItem\",\"position\":2,\"item\":{\"@type\":\"WebPage\",\"@id\":\"https:\/\/abrelivros.org.br\/site\/category\/noticias\/\",\"url\":\"https:\/\/abrelivros.org.br\/site\/category\/noticias\/\",\"name\":\"Not\\u00edcias\"}},{\"@type\":\"ListItem\",\"position\":3,\"item\":{\"@type\":\"WebPage\",\"@id\":\"https:\/\/abrelivros.org.br\/site\/category\/noticias\/noticias-da-imprensa\/\",\"url\":\"https:\/\/abrelivros.org.br\/site\/category\/noticias\/noticias-da-imprensa\/\",\"name\":\"Not\\u00edcias da imprensa\"}},{\"@type\":\"ListItem\",\"position\":4,\"item\":{\"@type\":\"WebPage\",\"@id\":\"https:\/\/abrelivros.org.br\/site\/lula-vai-empossar-juca-ferreira-na-cultura\/\",\"url\":\"https:\/\/abrelivros.org.br\/site\/lula-vai-empossar-juca-ferreira-na-cultura\/\",\"name\":\"Lula vai empossar Juca Ferreira na Cultura\"}}]},{\"@type\":\"Person\",\"@id\":\"https:\/\/abrelivros.org.br\/site\/#\/schema\/person\/2b867f13a717bb230f1a3555505f5593\",\"name\":\"\\u00a0\",\"image\":{\"@type\":\"ImageObject\",\"@id\":\"https:\/\/abrelivros.org.br\/site\/#personlogo\",\"inLanguage\":\"pt-BR\",\"url\":\"https:\/\/secure.gravatar.com\/avatar\/e80b7f5231be2fff5040a8023da424898002831c5439420df182ae62676d2a6f?s=96&d=mm&r=g\",\"caption\":\"\\u00a0\"}}]}<\/script>\n<!-- \/ Yoast SEO plugin. -->","_links":{"self":[{"href":"https:\/\/abrelivros.org.br\/site\/wp-json\/wp\/v2\/posts\/2271","targetHints":{"allow":["GET"]}}],"collection":[{"href":"https:\/\/abrelivros.org.br\/site\/wp-json\/wp\/v2\/posts"}],"about":[{"href":"https:\/\/abrelivros.org.br\/site\/wp-json\/wp\/v2\/types\/post"}],"author":[{"embeddable":true,"href":"https:\/\/abrelivros.org.br\/site\/wp-json\/wp\/v2\/users\/1"}],"replies":[{"embeddable":true,"href":"https:\/\/abrelivros.org.br\/site\/wp-json\/wp\/v2\/comments?post=2271"}],"version-history":[{"count":0,"href":"https:\/\/abrelivros.org.br\/site\/wp-json\/wp\/v2\/posts\/2271\/revisions"}],"wp:attachment":[{"href":"https:\/\/abrelivros.org.br\/site\/wp-json\/wp\/v2\/media?parent=2271"}],"wp:term":[{"taxonomy":"category","embeddable":true,"href":"https:\/\/abrelivros.org.br\/site\/wp-json\/wp\/v2\/categories?post=2271"},{"taxonomy":"post_tag","embeddable":true,"href":"https:\/\/abrelivros.org.br\/site\/wp-json\/wp\/v2\/tags?post=2271"}],"curies":[{"name":"wp","href":"https:\/\/api.w.org\/{rel}","templated":true}]}}