{"id":2266,"date":"2008-09-03T15:08:00","date_gmt":"2008-09-03T18:08:00","guid":{"rendered":"https:\/\/abrelivros.org.br\/site\/2008\/09\/03\/primavera-dos-livros-comeca-no-proximo-dia-25\/"},"modified":"2008-09-03T15:08:00","modified_gmt":"2008-09-03T18:08:00","slug":"primavera-dos-livros-comeca-no-proximo-dia-25","status":"publish","type":"post","link":"https:\/\/abrelivros.org.br\/site\/primavera-dos-livros-comeca-no-proximo-dia-25\/","title":{"rendered":"Primavera dos Livros come\u00e7a no pr\u00f3ximo dia 25"},"content":{"rendered":"<p>A troca de experi\u00eancia entre pequenos editores, o encontro com leitores, o incentivo \u00e0 leitura e o interc\u00e2mbio com outras feiras, entidades e institui\u00e7\u00f5es \u00e9 o clima que deve nortear a Primavera dos Livros S\u00e3o Paulo 2008. Promovido pela <a href=\"http:\/\/www.libre.org.br\/\" target=\"_blank\" rel=\"noopener noreferrer\">LIBRE<\/a>, entidade representativa da edi\u00e7\u00e3o independente no Brasil, o evento oferecer\u00e1 simultaneamente atividades culturais e comerciais. \u00a0<br \/> \u00a0<br \/> Entre os dias 25 e 28 de setembro, das 10h \u00e0s 22h, no Centro Cultural S\u00e3o Paulo, a festa poder\u00e1 ser visitada gratuitamente. Com o tema \u201cA cidade de todos os povos \u2013 S\u00e3o Paulo, viagens e migra\u00e7\u00f5es\u201d, a Primavera deve receber cerca de 30 mil visitantes. A id\u00e9ia \u00e9 aquecer este mercado que normalmente tem dificuldades para atingir seus nichos no varejo tradicional. \u00a0<br \/> \u00a0<br \/> Entre os destaques desta edi\u00e7\u00e3o est\u00e3o a programa\u00e7\u00e3o cultural sobre diversidade \u00e9tnico-racial e cultural, hist\u00f3rias de povos imigrantes, programa\u00e7\u00e3o infantil com mais de 30 oficinas e atividades para as crian\u00e7as, lan\u00e7amentos de livros, saraus de poesia, oficinas de leitura e palestras, al\u00e9m de cabine experimental para a grava\u00e7\u00e3o de poemas. Mais informa\u00e7\u00f5es no <a href=\"http:\/\/www.libre.org.br\/primavera_livros.asp\" target=\"_blank\" rel=\"noopener noreferrer\">site<\/a>.\u00a0<br \/> \u00a0<\/p>\n","protected":false},"excerpt":{"rendered":"<p>A troca de experi\u00eancia entre pequenos editores, o encontro com leitores, o incentivo \u00e0 leitura e o interc\u00e2mbio com outras feiras, entidades e institui\u00e7\u00f5es \u00e9 o clima que deve nortear a Primavera dos Livros S\u00e3o Paulo 2008. Promovido pela LIBRE, entidade representativa da edi\u00e7\u00e3o independente no Brasil, o evento oferecer\u00e1 simultaneamente atividades culturais e comerciais. [&hellip;]<\/p>\n","protected":false},"author":1,"featured_media":0,"comment_status":"closed","ping_status":"closed","sticky":false,"template":"","format":"standard","meta":{"footnotes":"","_links_to":"","_links_to_target":""},"categories":[9],"tags":[],"class_list":["post-2266","post","type-post","status-publish","format-standard","hentry","category-noticias-da-imprensa"],"yoast_head":"<!-- This site is optimized with the Yoast SEO plugin v15.1 - https:\/\/yoast.com\/wordpress\/plugins\/seo\/ -->\n<title>Primavera dos Livros come\u00e7a no pr\u00f3ximo dia 25 &raquo; Abrelivros<\/title>\n<meta name=\"robots\" content=\"index, follow, max-snippet:-1, max-image-preview:large, max-video-preview:-1\" \/>\n<link rel=\"canonical\" href=\"https:\/\/abrelivros.org.br\/site\/primavera-dos-livros-comeca-no-proximo-dia-25\/\" \/>\n<meta property=\"og:locale\" content=\"pt_BR\" \/>\n<meta property=\"og:type\" content=\"article\" \/>\n<meta property=\"og:title\" content=\"Primavera dos Livros come\u00e7a no pr\u00f3ximo dia 25 &raquo; Abrelivros\" \/>\n<meta property=\"og:description\" content=\"A troca de experi\u00eancia entre pequenos editores, o encontro com leitores, o incentivo \u00e0 leitura e o interc\u00e2mbio com outras feiras, entidades e institui\u00e7\u00f5es \u00e9 o clima que deve nortear a Primavera dos Livros S\u00e3o Paulo 2008. Promovido pela LIBRE, entidade representativa da edi\u00e7\u00e3o independente no Brasil, o evento oferecer\u00e1 simultaneamente atividades culturais e comerciais. [&hellip;]\" \/>\n<meta property=\"og:url\" content=\"https:\/\/abrelivros.org.br\/site\/primavera-dos-livros-comeca-no-proximo-dia-25\/\" \/>\n<meta property=\"og:site_name\" content=\"Abrelivros\" \/>\n<meta property=\"article:published_time\" content=\"2008-09-03T18:08:00+00:00\" \/>\n<meta name=\"twitter:card\" content=\"summary_large_image\" \/>\n<script type=\"application\/ld+json\" class=\"yoast-schema-graph\">{\"@context\":\"https:\/\/schema.org\",\"@graph\":[{\"@type\":\"WebSite\",\"@id\":\"https:\/\/abrelivros.org.br\/site\/#website\",\"url\":\"https:\/\/abrelivros.org.br\/site\/\",\"name\":\"Abrelivros\",\"description\":\"\",\"potentialAction\":[{\"@type\":\"SearchAction\",\"target\":\"https:\/\/abrelivros.org.br\/site\/?s={search_term_string}\",\"query-input\":\"required name=search_term_string\"}],\"inLanguage\":\"pt-BR\"},{\"@type\":\"WebPage\",\"@id\":\"https:\/\/abrelivros.org.br\/site\/primavera-dos-livros-comeca-no-proximo-dia-25\/#webpage\",\"url\":\"https:\/\/abrelivros.org.br\/site\/primavera-dos-livros-comeca-no-proximo-dia-25\/\",\"name\":\"Primavera dos Livros come\\u00e7a no pr\\u00f3ximo dia 25 &raquo; Abrelivros\",\"isPartOf\":{\"@id\":\"https:\/\/abrelivros.org.br\/site\/#website\"},\"datePublished\":\"2008-09-03T18:08:00+00:00\",\"dateModified\":\"2008-09-03T18:08:00+00:00\",\"author\":{\"@id\":\"https:\/\/abrelivros.org.br\/site\/#\/schema\/person\/2b867f13a717bb230f1a3555505f5593\"},\"breadcrumb\":{\"@id\":\"https:\/\/abrelivros.org.br\/site\/primavera-dos-livros-comeca-no-proximo-dia-25\/#breadcrumb\"},\"inLanguage\":\"pt-BR\",\"potentialAction\":[{\"@type\":\"ReadAction\",\"target\":[\"https:\/\/abrelivros.org.br\/site\/primavera-dos-livros-comeca-no-proximo-dia-25\/\"]}]},{\"@type\":\"BreadcrumbList\",\"@id\":\"https:\/\/abrelivros.org.br\/site\/primavera-dos-livros-comeca-no-proximo-dia-25\/#breadcrumb\",\"itemListElement\":[{\"@type\":\"ListItem\",\"position\":1,\"item\":{\"@type\":\"WebPage\",\"@id\":\"https:\/\/abrelivros.org.br\/site\/\",\"url\":\"https:\/\/abrelivros.org.br\/site\/\",\"name\":\"In\\u00edcio\"}},{\"@type\":\"ListItem\",\"position\":2,\"item\":{\"@type\":\"WebPage\",\"@id\":\"https:\/\/abrelivros.org.br\/site\/category\/noticias\/\",\"url\":\"https:\/\/abrelivros.org.br\/site\/category\/noticias\/\",\"name\":\"Not\\u00edcias\"}},{\"@type\":\"ListItem\",\"position\":3,\"item\":{\"@type\":\"WebPage\",\"@id\":\"https:\/\/abrelivros.org.br\/site\/category\/noticias\/noticias-da-imprensa\/\",\"url\":\"https:\/\/abrelivros.org.br\/site\/category\/noticias\/noticias-da-imprensa\/\",\"name\":\"Not\\u00edcias da imprensa\"}},{\"@type\":\"ListItem\",\"position\":4,\"item\":{\"@type\":\"WebPage\",\"@id\":\"https:\/\/abrelivros.org.br\/site\/primavera-dos-livros-comeca-no-proximo-dia-25\/\",\"url\":\"https:\/\/abrelivros.org.br\/site\/primavera-dos-livros-comeca-no-proximo-dia-25\/\",\"name\":\"Primavera dos Livros come\\u00e7a no pr\\u00f3ximo dia 25\"}}]},{\"@type\":\"Person\",\"@id\":\"https:\/\/abrelivros.org.br\/site\/#\/schema\/person\/2b867f13a717bb230f1a3555505f5593\",\"name\":\"\\u00a0\",\"image\":{\"@type\":\"ImageObject\",\"@id\":\"https:\/\/abrelivros.org.br\/site\/#personlogo\",\"inLanguage\":\"pt-BR\",\"url\":\"https:\/\/secure.gravatar.com\/avatar\/e80b7f5231be2fff5040a8023da424898002831c5439420df182ae62676d2a6f?s=96&d=mm&r=g\",\"caption\":\"\\u00a0\"}}]}<\/script>\n<!-- \/ Yoast SEO plugin. -->","_links":{"self":[{"href":"https:\/\/abrelivros.org.br\/site\/wp-json\/wp\/v2\/posts\/2266","targetHints":{"allow":["GET"]}}],"collection":[{"href":"https:\/\/abrelivros.org.br\/site\/wp-json\/wp\/v2\/posts"}],"about":[{"href":"https:\/\/abrelivros.org.br\/site\/wp-json\/wp\/v2\/types\/post"}],"author":[{"embeddable":true,"href":"https:\/\/abrelivros.org.br\/site\/wp-json\/wp\/v2\/users\/1"}],"replies":[{"embeddable":true,"href":"https:\/\/abrelivros.org.br\/site\/wp-json\/wp\/v2\/comments?post=2266"}],"version-history":[{"count":0,"href":"https:\/\/abrelivros.org.br\/site\/wp-json\/wp\/v2\/posts\/2266\/revisions"}],"wp:attachment":[{"href":"https:\/\/abrelivros.org.br\/site\/wp-json\/wp\/v2\/media?parent=2266"}],"wp:term":[{"taxonomy":"category","embeddable":true,"href":"https:\/\/abrelivros.org.br\/site\/wp-json\/wp\/v2\/categories?post=2266"},{"taxonomy":"post_tag","embeddable":true,"href":"https:\/\/abrelivros.org.br\/site\/wp-json\/wp\/v2\/tags?post=2266"}],"curies":[{"name":"wp","href":"https:\/\/api.w.org\/{rel}","templated":true}]}}