{"id":2263,"date":"2008-09-03T16:02:00","date_gmt":"2008-09-03T19:02:00","guid":{"rendered":"https:\/\/abrelivros.org.br\/site\/2008\/09\/03\/ministerio-contrata-consultores-para-eja\/"},"modified":"2008-09-03T16:02:00","modified_gmt":"2008-09-03T19:02:00","slug":"ministerio-contrata-consultores-para-eja","status":"publish","type":"post","link":"https:\/\/abrelivros.org.br\/site\/ministerio-contrata-consultores-para-eja\/","title":{"rendered":"Minist\u00e9rio contrata consultores para EJA"},"content":{"rendered":"<p>Profissionais de qualquer \u00e1rea do conhecimento com p\u00f3s-gradua\u00e7\u00e3o em educa\u00e7\u00e3o t\u00eam prazo at\u00e9 a pr\u00f3xima sexta-feira, 5, para concorrer a seis vagas de consultoria nas \u00e1reas de educa\u00e7\u00e3o de jovens e adultos (EJA) ind\u00edgena, do campo e de n\u00edvel m\u00e9dio. O contrato tem dura\u00e7\u00e3o m\u00e1xima de oito meses, a remunera\u00e7\u00e3o \u00e9 de R$ 50 mil pelas atividades do per\u00edodo e o trabalho ser\u00e1 desenvolvido em todo o territ\u00f3rio nacional.\u00a0<br \/> \u00a0<br \/> Cada uma das \u00e1reas \u2014 educa\u00e7\u00e3o ind\u00edgena, do campo e de n\u00edvel m\u00e9dio \u2014 vai selecionar dois consultores. A primeira etapa da sele\u00e7\u00e3o ser\u00e1 curricular, que \u00e9 eliminat\u00f3ria e classificat\u00f3ria, com valor m\u00e1ximo de 50 pontos; a segunda fase \u00e9 uma entrevista que conta 25 pontos; e a terceira \u00e9 a produ\u00e7\u00e3o de um texto tamb\u00e9m com valor de 25 pontos.\u00a0<br \/> \u00a0<br \/> Em cada uma das tr\u00eas \u00e1reas, os consultores ter\u00e3o que fazer visitas de campo \u00e0s escolas para, entre outras atividades, efetuar levantamentos de como funciona a educa\u00e7\u00e3o de jovens e adultos, participar de reuni\u00f5es com as comunidades e com especialistas em EJA, de semin\u00e1rios e de oficinas t\u00e9cnicas com as comunidades, registrar os dados e consolidar cinco documentos que ser\u00e3o entregues ao Minist\u00e9rio da Educa\u00e7\u00e3o.\u00a0<br \/> \u00a0<br \/> Os candidatos devem enviar o curr\u00edculo pelo correio eletr\u00f4nico <a href=mailto:mailto:unidadedeprojetos@mec.gov.br>unidadedeprojetos@mec.gov.br<\/a> at\u00e9 o dia 5 de setembro. Os prazos e as exig\u00eancias est\u00e3o descritos nos tr\u00eas <a href=\"http:\/\/portal.mec.gov.br\/secad\/index.php?option=com_content&#038;task=view&#038;id=218&#038;Itemid=\" target=\"_blank\" rel=\"noopener noreferrer\">editais<\/a>. \u00a0<br \/> \u00a0<\/p>\n","protected":false},"excerpt":{"rendered":"<p>Profissionais de qualquer \u00e1rea do conhecimento com p\u00f3s-gradua\u00e7\u00e3o em educa\u00e7\u00e3o t\u00eam prazo at\u00e9 a pr\u00f3xima sexta-feira, 5, para concorrer a seis vagas de consultoria nas \u00e1reas de educa\u00e7\u00e3o de jovens e adultos (EJA) ind\u00edgena, do campo e de n\u00edvel m\u00e9dio. O contrato tem dura\u00e7\u00e3o m\u00e1xima de oito meses, a remunera\u00e7\u00e3o \u00e9 de R$ 50 mil [&hellip;]<\/p>\n","protected":false},"author":1,"featured_media":0,"comment_status":"closed","ping_status":"closed","sticky":false,"template":"","format":"standard","meta":{"footnotes":"","_links_to":"","_links_to_target":""},"categories":[9],"tags":[],"class_list":["post-2263","post","type-post","status-publish","format-standard","hentry","category-noticias-da-imprensa"],"yoast_head":"<!-- This site is optimized with the Yoast SEO plugin v15.1 - https:\/\/yoast.com\/wordpress\/plugins\/seo\/ -->\n<title>Minist\u00e9rio contrata consultores para EJA &raquo; Abrelivros<\/title>\n<meta name=\"robots\" content=\"index, follow, max-snippet:-1, max-image-preview:large, max-video-preview:-1\" \/>\n<link rel=\"canonical\" href=\"https:\/\/abrelivros.org.br\/site\/ministerio-contrata-consultores-para-eja\/\" \/>\n<meta property=\"og:locale\" content=\"pt_BR\" \/>\n<meta property=\"og:type\" content=\"article\" \/>\n<meta property=\"og:title\" content=\"Minist\u00e9rio contrata consultores para EJA &raquo; Abrelivros\" \/>\n<meta property=\"og:description\" content=\"Profissionais de qualquer \u00e1rea do conhecimento com p\u00f3s-gradua\u00e7\u00e3o em educa\u00e7\u00e3o t\u00eam prazo at\u00e9 a pr\u00f3xima sexta-feira, 5, para concorrer a seis vagas de consultoria nas \u00e1reas de educa\u00e7\u00e3o de jovens e adultos (EJA) ind\u00edgena, do campo e de n\u00edvel m\u00e9dio. O contrato tem dura\u00e7\u00e3o m\u00e1xima de oito meses, a remunera\u00e7\u00e3o \u00e9 de R$ 50 mil [&hellip;]\" \/>\n<meta property=\"og:url\" content=\"https:\/\/abrelivros.org.br\/site\/ministerio-contrata-consultores-para-eja\/\" \/>\n<meta property=\"og:site_name\" content=\"Abrelivros\" \/>\n<meta property=\"article:published_time\" content=\"2008-09-03T19:02:00+00:00\" \/>\n<meta name=\"twitter:card\" content=\"summary_large_image\" \/>\n<script type=\"application\/ld+json\" class=\"yoast-schema-graph\">{\"@context\":\"https:\/\/schema.org\",\"@graph\":[{\"@type\":\"WebSite\",\"@id\":\"https:\/\/abrelivros.org.br\/site\/#website\",\"url\":\"https:\/\/abrelivros.org.br\/site\/\",\"name\":\"Abrelivros\",\"description\":\"\",\"potentialAction\":[{\"@type\":\"SearchAction\",\"target\":\"https:\/\/abrelivros.org.br\/site\/?s={search_term_string}\",\"query-input\":\"required name=search_term_string\"}],\"inLanguage\":\"pt-BR\"},{\"@type\":\"WebPage\",\"@id\":\"https:\/\/abrelivros.org.br\/site\/ministerio-contrata-consultores-para-eja\/#webpage\",\"url\":\"https:\/\/abrelivros.org.br\/site\/ministerio-contrata-consultores-para-eja\/\",\"name\":\"Minist\\u00e9rio contrata consultores para EJA &raquo; Abrelivros\",\"isPartOf\":{\"@id\":\"https:\/\/abrelivros.org.br\/site\/#website\"},\"datePublished\":\"2008-09-03T19:02:00+00:00\",\"dateModified\":\"2008-09-03T19:02:00+00:00\",\"author\":{\"@id\":\"https:\/\/abrelivros.org.br\/site\/#\/schema\/person\/2b867f13a717bb230f1a3555505f5593\"},\"breadcrumb\":{\"@id\":\"https:\/\/abrelivros.org.br\/site\/ministerio-contrata-consultores-para-eja\/#breadcrumb\"},\"inLanguage\":\"pt-BR\",\"potentialAction\":[{\"@type\":\"ReadAction\",\"target\":[\"https:\/\/abrelivros.org.br\/site\/ministerio-contrata-consultores-para-eja\/\"]}]},{\"@type\":\"BreadcrumbList\",\"@id\":\"https:\/\/abrelivros.org.br\/site\/ministerio-contrata-consultores-para-eja\/#breadcrumb\",\"itemListElement\":[{\"@type\":\"ListItem\",\"position\":1,\"item\":{\"@type\":\"WebPage\",\"@id\":\"https:\/\/abrelivros.org.br\/site\/\",\"url\":\"https:\/\/abrelivros.org.br\/site\/\",\"name\":\"In\\u00edcio\"}},{\"@type\":\"ListItem\",\"position\":2,\"item\":{\"@type\":\"WebPage\",\"@id\":\"https:\/\/abrelivros.org.br\/site\/category\/noticias\/\",\"url\":\"https:\/\/abrelivros.org.br\/site\/category\/noticias\/\",\"name\":\"Not\\u00edcias\"}},{\"@type\":\"ListItem\",\"position\":3,\"item\":{\"@type\":\"WebPage\",\"@id\":\"https:\/\/abrelivros.org.br\/site\/category\/noticias\/noticias-da-imprensa\/\",\"url\":\"https:\/\/abrelivros.org.br\/site\/category\/noticias\/noticias-da-imprensa\/\",\"name\":\"Not\\u00edcias da imprensa\"}},{\"@type\":\"ListItem\",\"position\":4,\"item\":{\"@type\":\"WebPage\",\"@id\":\"https:\/\/abrelivros.org.br\/site\/ministerio-contrata-consultores-para-eja\/\",\"url\":\"https:\/\/abrelivros.org.br\/site\/ministerio-contrata-consultores-para-eja\/\",\"name\":\"Minist\\u00e9rio contrata consultores para EJA\"}}]},{\"@type\":\"Person\",\"@id\":\"https:\/\/abrelivros.org.br\/site\/#\/schema\/person\/2b867f13a717bb230f1a3555505f5593\",\"name\":\"\\u00a0\",\"image\":{\"@type\":\"ImageObject\",\"@id\":\"https:\/\/abrelivros.org.br\/site\/#personlogo\",\"inLanguage\":\"pt-BR\",\"url\":\"https:\/\/secure.gravatar.com\/avatar\/e80b7f5231be2fff5040a8023da424898002831c5439420df182ae62676d2a6f?s=96&d=mm&r=g\",\"caption\":\"\\u00a0\"}}]}<\/script>\n<!-- \/ Yoast SEO plugin. -->","_links":{"self":[{"href":"https:\/\/abrelivros.org.br\/site\/wp-json\/wp\/v2\/posts\/2263","targetHints":{"allow":["GET"]}}],"collection":[{"href":"https:\/\/abrelivros.org.br\/site\/wp-json\/wp\/v2\/posts"}],"about":[{"href":"https:\/\/abrelivros.org.br\/site\/wp-json\/wp\/v2\/types\/post"}],"author":[{"embeddable":true,"href":"https:\/\/abrelivros.org.br\/site\/wp-json\/wp\/v2\/users\/1"}],"replies":[{"embeddable":true,"href":"https:\/\/abrelivros.org.br\/site\/wp-json\/wp\/v2\/comments?post=2263"}],"version-history":[{"count":0,"href":"https:\/\/abrelivros.org.br\/site\/wp-json\/wp\/v2\/posts\/2263\/revisions"}],"wp:attachment":[{"href":"https:\/\/abrelivros.org.br\/site\/wp-json\/wp\/v2\/media?parent=2263"}],"wp:term":[{"taxonomy":"category","embeddable":true,"href":"https:\/\/abrelivros.org.br\/site\/wp-json\/wp\/v2\/categories?post=2263"},{"taxonomy":"post_tag","embeddable":true,"href":"https:\/\/abrelivros.org.br\/site\/wp-json\/wp\/v2\/tags?post=2263"}],"curies":[{"name":"wp","href":"https:\/\/api.w.org\/{rel}","templated":true}]}}