{"id":2261,"date":"2008-09-04T17:36:00","date_gmt":"2008-09-04T20:36:00","guid":{"rendered":"https:\/\/abrelivros.org.br\/site\/2008\/09\/04\/brasil-ocupa-3a-posicao-de-paises-latinos-com-mais-jovens-no-ensino-medio\/"},"modified":"2008-09-04T17:36:00","modified_gmt":"2008-09-04T20:36:00","slug":"brasil-ocupa-3a-posicao-de-paises-latinos-com-mais-jovens-no-ensino-medio","status":"publish","type":"post","link":"https:\/\/abrelivros.org.br\/site\/brasil-ocupa-3a-posicao-de-paises-latinos-com-mais-jovens-no-ensino-medio\/","title":{"rendered":"Brasil ocupa 3\u00aa posi\u00e7\u00e3o de pa\u00edses latinos com mais jovens no ensino m\u00e9dio"},"content":{"rendered":"<p>O Brasil tem, hoje, 76% dos jovens no ensino m\u00e9dio e ocupa a terceira posi\u00e7\u00e3o dos pa\u00edses da Am\u00e9rica Latina em n\u00famero de matr\u00edculas nesta etapa. Os dados foram divulgados no primeiro dia do Semin\u00e1rio Internacional Ensino M\u00e9dio &#8211; Direito, Inclus\u00e3o e Desenvolvimento, que come\u00e7ou ter\u00e7a-feira (2) em Buenos Aires, na Argentina. &nbsp;<br \/> &nbsp;<br \/> O tema central dos debates foi o acesso de qualidade ao ensino m\u00e9dio na regi\u00e3o. Na Argentina, os percentuais de matr\u00edcula  ultrapassam os indicadores de Brasil e Chile. O pa\u00eds tem 84% dos jovens matriculados, enquanto Chile apresenta 82%. De acordo com o diretor do Unicef (Fundo das Na\u00e7\u00f5es Unidas para a Inf\u00e2ncia) para a Am\u00e9rica Latina e Caribe, Nils Kastberg, 29% dos jovens da Am\u00e9rica Latina est\u00e3o fora da escola e n\u00e3o t\u00eam trabalho. Para ele, n\u00e3o basta oferecer acesso, mas uma educa\u00e7\u00e3o de qualidade. &nbsp;<br \/> &nbsp;<br \/> Katsberg acredita que, frente \u00e0s demandas do mundo atual, em que jovens deixam a escola para  procurar trabalho ou n\u00e3o recebem forma\u00e7\u00e3o adequada para responder \u00e0s demandas por emprego, \u00e9 preciso atrelar educa\u00e7\u00e3o ao mundo do trabalho. Mas, diz ele, o ensino geralmente n\u00e3o prepara o aluno para uma realidade de constantes mudan\u00e7as, sobretudo tecnol\u00f3gicas. Segundo o diretor do Unicef, \u201ca inten\u00e7\u00e3o \u00e9 formar pol\u00edticas de estado para que os pa\u00edses [da Am\u00e9rica Latina] possam diminuir suas disparidades, e Brasil, Chile e Argentina podem ser os motores dessa mudan\u00e7a\u201c.  &nbsp;<\/p>\n","protected":false},"excerpt":{"rendered":"<p>O Brasil tem, hoje, 76% dos jovens no ensino m\u00e9dio e ocupa a terceira posi\u00e7\u00e3o dos pa\u00edses da Am\u00e9rica Latina em n\u00famero de matr\u00edculas nesta etapa. Os dados foram divulgados no primeiro dia do Semin\u00e1rio Internacional Ensino M\u00e9dio &#8211; Direito, Inclus\u00e3o e Desenvolvimento, que come\u00e7ou ter\u00e7a-feira (2) em Buenos Aires, na Argentina. &nbsp; &nbsp; O [&hellip;]<\/p>\n","protected":false},"author":1,"featured_media":0,"comment_status":"closed","ping_status":"closed","sticky":false,"template":"","format":"standard","meta":{"footnotes":"","_links_to":"","_links_to_target":""},"categories":[9],"tags":[],"class_list":["post-2261","post","type-post","status-publish","format-standard","hentry","category-noticias-da-imprensa"],"yoast_head":"<!-- This site is optimized with the Yoast SEO plugin v15.1 - https:\/\/yoast.com\/wordpress\/plugins\/seo\/ -->\n<title>Brasil ocupa 3\u00aa posi\u00e7\u00e3o de pa\u00edses latinos com mais jovens no ensino m\u00e9dio &raquo; Abrelivros<\/title>\n<meta name=\"robots\" content=\"index, follow, max-snippet:-1, max-image-preview:large, max-video-preview:-1\" \/>\n<link rel=\"canonical\" href=\"https:\/\/abrelivros.org.br\/site\/brasil-ocupa-3a-posicao-de-paises-latinos-com-mais-jovens-no-ensino-medio\/\" \/>\n<meta property=\"og:locale\" content=\"pt_BR\" \/>\n<meta property=\"og:type\" content=\"article\" \/>\n<meta property=\"og:title\" content=\"Brasil ocupa 3\u00aa posi\u00e7\u00e3o de pa\u00edses latinos com mais jovens no ensino m\u00e9dio &raquo; Abrelivros\" \/>\n<meta property=\"og:description\" content=\"O Brasil tem, hoje, 76% dos jovens no ensino m\u00e9dio e ocupa a terceira posi\u00e7\u00e3o dos pa\u00edses da Am\u00e9rica Latina em n\u00famero de matr\u00edculas nesta etapa. Os dados foram divulgados no primeiro dia do Semin\u00e1rio Internacional Ensino M\u00e9dio &#8211; Direito, Inclus\u00e3o e Desenvolvimento, que come\u00e7ou ter\u00e7a-feira (2) em Buenos Aires, na Argentina. &nbsp; &nbsp; O [&hellip;]\" \/>\n<meta property=\"og:url\" content=\"https:\/\/abrelivros.org.br\/site\/brasil-ocupa-3a-posicao-de-paises-latinos-com-mais-jovens-no-ensino-medio\/\" \/>\n<meta property=\"og:site_name\" content=\"Abrelivros\" \/>\n<meta property=\"article:published_time\" content=\"2008-09-04T20:36:00+00:00\" \/>\n<meta name=\"twitter:card\" content=\"summary_large_image\" \/>\n<script type=\"application\/ld+json\" class=\"yoast-schema-graph\">{\"@context\":\"https:\/\/schema.org\",\"@graph\":[{\"@type\":\"WebSite\",\"@id\":\"https:\/\/abrelivros.org.br\/site\/#website\",\"url\":\"https:\/\/abrelivros.org.br\/site\/\",\"name\":\"Abrelivros\",\"description\":\"\",\"potentialAction\":[{\"@type\":\"SearchAction\",\"target\":\"https:\/\/abrelivros.org.br\/site\/?s={search_term_string}\",\"query-input\":\"required name=search_term_string\"}],\"inLanguage\":\"pt-BR\"},{\"@type\":\"WebPage\",\"@id\":\"https:\/\/abrelivros.org.br\/site\/brasil-ocupa-3a-posicao-de-paises-latinos-com-mais-jovens-no-ensino-medio\/#webpage\",\"url\":\"https:\/\/abrelivros.org.br\/site\/brasil-ocupa-3a-posicao-de-paises-latinos-com-mais-jovens-no-ensino-medio\/\",\"name\":\"Brasil ocupa 3\\u00aa posi\\u00e7\\u00e3o de pa\\u00edses latinos com mais jovens no ensino m\\u00e9dio &raquo; Abrelivros\",\"isPartOf\":{\"@id\":\"https:\/\/abrelivros.org.br\/site\/#website\"},\"datePublished\":\"2008-09-04T20:36:00+00:00\",\"dateModified\":\"2008-09-04T20:36:00+00:00\",\"author\":{\"@id\":\"https:\/\/abrelivros.org.br\/site\/#\/schema\/person\/2b867f13a717bb230f1a3555505f5593\"},\"breadcrumb\":{\"@id\":\"https:\/\/abrelivros.org.br\/site\/brasil-ocupa-3a-posicao-de-paises-latinos-com-mais-jovens-no-ensino-medio\/#breadcrumb\"},\"inLanguage\":\"pt-BR\",\"potentialAction\":[{\"@type\":\"ReadAction\",\"target\":[\"https:\/\/abrelivros.org.br\/site\/brasil-ocupa-3a-posicao-de-paises-latinos-com-mais-jovens-no-ensino-medio\/\"]}]},{\"@type\":\"BreadcrumbList\",\"@id\":\"https:\/\/abrelivros.org.br\/site\/brasil-ocupa-3a-posicao-de-paises-latinos-com-mais-jovens-no-ensino-medio\/#breadcrumb\",\"itemListElement\":[{\"@type\":\"ListItem\",\"position\":1,\"item\":{\"@type\":\"WebPage\",\"@id\":\"https:\/\/abrelivros.org.br\/site\/\",\"url\":\"https:\/\/abrelivros.org.br\/site\/\",\"name\":\"In\\u00edcio\"}},{\"@type\":\"ListItem\",\"position\":2,\"item\":{\"@type\":\"WebPage\",\"@id\":\"https:\/\/abrelivros.org.br\/site\/category\/noticias\/\",\"url\":\"https:\/\/abrelivros.org.br\/site\/category\/noticias\/\",\"name\":\"Not\\u00edcias\"}},{\"@type\":\"ListItem\",\"position\":3,\"item\":{\"@type\":\"WebPage\",\"@id\":\"https:\/\/abrelivros.org.br\/site\/category\/noticias\/noticias-da-imprensa\/\",\"url\":\"https:\/\/abrelivros.org.br\/site\/category\/noticias\/noticias-da-imprensa\/\",\"name\":\"Not\\u00edcias da imprensa\"}},{\"@type\":\"ListItem\",\"position\":4,\"item\":{\"@type\":\"WebPage\",\"@id\":\"https:\/\/abrelivros.org.br\/site\/brasil-ocupa-3a-posicao-de-paises-latinos-com-mais-jovens-no-ensino-medio\/\",\"url\":\"https:\/\/abrelivros.org.br\/site\/brasil-ocupa-3a-posicao-de-paises-latinos-com-mais-jovens-no-ensino-medio\/\",\"name\":\"Brasil ocupa 3\\u00aa posi\\u00e7\\u00e3o de pa\\u00edses latinos com mais jovens no ensino m\\u00e9dio\"}}]},{\"@type\":\"Person\",\"@id\":\"https:\/\/abrelivros.org.br\/site\/#\/schema\/person\/2b867f13a717bb230f1a3555505f5593\",\"name\":\"\\u00a0\",\"image\":{\"@type\":\"ImageObject\",\"@id\":\"https:\/\/abrelivros.org.br\/site\/#personlogo\",\"inLanguage\":\"pt-BR\",\"url\":\"https:\/\/secure.gravatar.com\/avatar\/e80b7f5231be2fff5040a8023da424898002831c5439420df182ae62676d2a6f?s=96&d=mm&r=g\",\"caption\":\"\\u00a0\"}}]}<\/script>\n<!-- \/ Yoast SEO plugin. -->","_links":{"self":[{"href":"https:\/\/abrelivros.org.br\/site\/wp-json\/wp\/v2\/posts\/2261","targetHints":{"allow":["GET"]}}],"collection":[{"href":"https:\/\/abrelivros.org.br\/site\/wp-json\/wp\/v2\/posts"}],"about":[{"href":"https:\/\/abrelivros.org.br\/site\/wp-json\/wp\/v2\/types\/post"}],"author":[{"embeddable":true,"href":"https:\/\/abrelivros.org.br\/site\/wp-json\/wp\/v2\/users\/1"}],"replies":[{"embeddable":true,"href":"https:\/\/abrelivros.org.br\/site\/wp-json\/wp\/v2\/comments?post=2261"}],"version-history":[{"count":0,"href":"https:\/\/abrelivros.org.br\/site\/wp-json\/wp\/v2\/posts\/2261\/revisions"}],"wp:attachment":[{"href":"https:\/\/abrelivros.org.br\/site\/wp-json\/wp\/v2\/media?parent=2261"}],"wp:term":[{"taxonomy":"category","embeddable":true,"href":"https:\/\/abrelivros.org.br\/site\/wp-json\/wp\/v2\/categories?post=2261"},{"taxonomy":"post_tag","embeddable":true,"href":"https:\/\/abrelivros.org.br\/site\/wp-json\/wp\/v2\/tags?post=2261"}],"curies":[{"name":"wp","href":"https:\/\/api.w.org\/{rel}","templated":true}]}}