{"id":2259,"date":"2008-09-05T11:08:00","date_gmt":"2008-09-05T14:08:00","guid":{"rendered":"https:\/\/abrelivros.org.br\/site\/2008\/09\/05\/ministerio-da-cultura-estuda-melhor-saida\/"},"modified":"2008-09-05T11:08:00","modified_gmt":"2008-09-05T14:08:00","slug":"ministerio-da-cultura-estuda-melhor-saida","status":"publish","type":"post","link":"https:\/\/abrelivros.org.br\/site\/ministerio-da-cultura-estuda-melhor-saida\/","title":{"rendered":"Minist\u00e9rio da Cultura estuda melhor sa\u00edda"},"content":{"rendered":"<p>Assessores do ministro da Cultura, Juca Ferreira, est\u00e3o debru\u00e7ados sobre pelo menos tr\u00eas alternativas para restabelecer a institucionalidade perdida com o fechamento da Secretaria Nacional do Livro e Leitura depois da morte do poeta Waly Salom\u00e3o, o \u00faltimo a ocup\u00e1-la. Al\u00e9m da Secretaria Nacional do Livro e Leitura, como pedem as lideran\u00e7as do mundo do livro, eles estudam outras duas alternativas jur\u00eddicas: uma com o formato de funda\u00e7\u00e3o e outra na forma de um instituto.\u00a0<br \/> \u00a0<br \/> A boa not\u00edcia: o ministro, que h\u00e1 anos dizia ser favor\u00e1vel a buscar alguma forma de reparar o erro cometido, est\u00e1 mais do que convencido de que \u00e9 preciso, agora, botar a m\u00e3o na massa e fazer acontecer.\u00a0<br \/> \u00a0<\/p>\n","protected":false},"excerpt":{"rendered":"<p>Assessores do ministro da Cultura, Juca Ferreira, est\u00e3o debru\u00e7ados sobre pelo menos tr\u00eas alternativas para restabelecer a institucionalidade perdida com o fechamento da Secretaria Nacional do Livro e Leitura depois da morte do poeta Waly Salom\u00e3o, o \u00faltimo a ocup\u00e1-la. Al\u00e9m da Secretaria Nacional do Livro e Leitura, como pedem as lideran\u00e7as do mundo do [&hellip;]<\/p>\n","protected":false},"author":1,"featured_media":0,"comment_status":"closed","ping_status":"closed","sticky":false,"template":"","format":"standard","meta":{"footnotes":"","_links_to":"","_links_to_target":""},"categories":[9],"tags":[],"class_list":["post-2259","post","type-post","status-publish","format-standard","hentry","category-noticias-da-imprensa"],"yoast_head":"<!-- This site is optimized with the Yoast SEO plugin v15.1 - https:\/\/yoast.com\/wordpress\/plugins\/seo\/ -->\n<title>Minist\u00e9rio da Cultura estuda melhor sa\u00edda &raquo; Abrelivros<\/title>\n<meta name=\"robots\" content=\"index, follow, max-snippet:-1, max-image-preview:large, max-video-preview:-1\" \/>\n<link rel=\"canonical\" href=\"https:\/\/abrelivros.org.br\/site\/ministerio-da-cultura-estuda-melhor-saida\/\" \/>\n<meta property=\"og:locale\" content=\"pt_BR\" \/>\n<meta property=\"og:type\" content=\"article\" \/>\n<meta property=\"og:title\" content=\"Minist\u00e9rio da Cultura estuda melhor sa\u00edda &raquo; Abrelivros\" \/>\n<meta property=\"og:description\" content=\"Assessores do ministro da Cultura, Juca Ferreira, est\u00e3o debru\u00e7ados sobre pelo menos tr\u00eas alternativas para restabelecer a institucionalidade perdida com o fechamento da Secretaria Nacional do Livro e Leitura depois da morte do poeta Waly Salom\u00e3o, o \u00faltimo a ocup\u00e1-la. Al\u00e9m da Secretaria Nacional do Livro e Leitura, como pedem as lideran\u00e7as do mundo do [&hellip;]\" \/>\n<meta property=\"og:url\" content=\"https:\/\/abrelivros.org.br\/site\/ministerio-da-cultura-estuda-melhor-saida\/\" \/>\n<meta property=\"og:site_name\" content=\"Abrelivros\" \/>\n<meta property=\"article:published_time\" content=\"2008-09-05T14:08:00+00:00\" \/>\n<meta name=\"twitter:card\" content=\"summary_large_image\" \/>\n<script type=\"application\/ld+json\" class=\"yoast-schema-graph\">{\"@context\":\"https:\/\/schema.org\",\"@graph\":[{\"@type\":\"WebSite\",\"@id\":\"https:\/\/abrelivros.org.br\/site\/#website\",\"url\":\"https:\/\/abrelivros.org.br\/site\/\",\"name\":\"Abrelivros\",\"description\":\"\",\"potentialAction\":[{\"@type\":\"SearchAction\",\"target\":\"https:\/\/abrelivros.org.br\/site\/?s={search_term_string}\",\"query-input\":\"required name=search_term_string\"}],\"inLanguage\":\"pt-BR\"},{\"@type\":\"WebPage\",\"@id\":\"https:\/\/abrelivros.org.br\/site\/ministerio-da-cultura-estuda-melhor-saida\/#webpage\",\"url\":\"https:\/\/abrelivros.org.br\/site\/ministerio-da-cultura-estuda-melhor-saida\/\",\"name\":\"Minist\\u00e9rio da Cultura estuda melhor sa\\u00edda &raquo; Abrelivros\",\"isPartOf\":{\"@id\":\"https:\/\/abrelivros.org.br\/site\/#website\"},\"datePublished\":\"2008-09-05T14:08:00+00:00\",\"dateModified\":\"2008-09-05T14:08:00+00:00\",\"author\":{\"@id\":\"https:\/\/abrelivros.org.br\/site\/#\/schema\/person\/2b867f13a717bb230f1a3555505f5593\"},\"breadcrumb\":{\"@id\":\"https:\/\/abrelivros.org.br\/site\/ministerio-da-cultura-estuda-melhor-saida\/#breadcrumb\"},\"inLanguage\":\"pt-BR\",\"potentialAction\":[{\"@type\":\"ReadAction\",\"target\":[\"https:\/\/abrelivros.org.br\/site\/ministerio-da-cultura-estuda-melhor-saida\/\"]}]},{\"@type\":\"BreadcrumbList\",\"@id\":\"https:\/\/abrelivros.org.br\/site\/ministerio-da-cultura-estuda-melhor-saida\/#breadcrumb\",\"itemListElement\":[{\"@type\":\"ListItem\",\"position\":1,\"item\":{\"@type\":\"WebPage\",\"@id\":\"https:\/\/abrelivros.org.br\/site\/\",\"url\":\"https:\/\/abrelivros.org.br\/site\/\",\"name\":\"In\\u00edcio\"}},{\"@type\":\"ListItem\",\"position\":2,\"item\":{\"@type\":\"WebPage\",\"@id\":\"https:\/\/abrelivros.org.br\/site\/category\/noticias\/\",\"url\":\"https:\/\/abrelivros.org.br\/site\/category\/noticias\/\",\"name\":\"Not\\u00edcias\"}},{\"@type\":\"ListItem\",\"position\":3,\"item\":{\"@type\":\"WebPage\",\"@id\":\"https:\/\/abrelivros.org.br\/site\/category\/noticias\/noticias-da-imprensa\/\",\"url\":\"https:\/\/abrelivros.org.br\/site\/category\/noticias\/noticias-da-imprensa\/\",\"name\":\"Not\\u00edcias da imprensa\"}},{\"@type\":\"ListItem\",\"position\":4,\"item\":{\"@type\":\"WebPage\",\"@id\":\"https:\/\/abrelivros.org.br\/site\/ministerio-da-cultura-estuda-melhor-saida\/\",\"url\":\"https:\/\/abrelivros.org.br\/site\/ministerio-da-cultura-estuda-melhor-saida\/\",\"name\":\"Minist\\u00e9rio da Cultura estuda melhor sa\\u00edda\"}}]},{\"@type\":\"Person\",\"@id\":\"https:\/\/abrelivros.org.br\/site\/#\/schema\/person\/2b867f13a717bb230f1a3555505f5593\",\"name\":\"\\u00a0\",\"image\":{\"@type\":\"ImageObject\",\"@id\":\"https:\/\/abrelivros.org.br\/site\/#personlogo\",\"inLanguage\":\"pt-BR\",\"url\":\"https:\/\/secure.gravatar.com\/avatar\/e80b7f5231be2fff5040a8023da424898002831c5439420df182ae62676d2a6f?s=96&d=mm&r=g\",\"caption\":\"\\u00a0\"}}]}<\/script>\n<!-- \/ Yoast SEO plugin. -->","_links":{"self":[{"href":"https:\/\/abrelivros.org.br\/site\/wp-json\/wp\/v2\/posts\/2259","targetHints":{"allow":["GET"]}}],"collection":[{"href":"https:\/\/abrelivros.org.br\/site\/wp-json\/wp\/v2\/posts"}],"about":[{"href":"https:\/\/abrelivros.org.br\/site\/wp-json\/wp\/v2\/types\/post"}],"author":[{"embeddable":true,"href":"https:\/\/abrelivros.org.br\/site\/wp-json\/wp\/v2\/users\/1"}],"replies":[{"embeddable":true,"href":"https:\/\/abrelivros.org.br\/site\/wp-json\/wp\/v2\/comments?post=2259"}],"version-history":[{"count":0,"href":"https:\/\/abrelivros.org.br\/site\/wp-json\/wp\/v2\/posts\/2259\/revisions"}],"wp:attachment":[{"href":"https:\/\/abrelivros.org.br\/site\/wp-json\/wp\/v2\/media?parent=2259"}],"wp:term":[{"taxonomy":"category","embeddable":true,"href":"https:\/\/abrelivros.org.br\/site\/wp-json\/wp\/v2\/categories?post=2259"},{"taxonomy":"post_tag","embeddable":true,"href":"https:\/\/abrelivros.org.br\/site\/wp-json\/wp\/v2\/tags?post=2259"}],"curies":[{"name":"wp","href":"https:\/\/api.w.org\/{rel}","templated":true}]}}