{"id":2256,"date":"2008-09-08T15:30:00","date_gmt":"2008-09-08T18:30:00","guid":{"rendered":"https:\/\/abrelivros.org.br\/site\/2008\/09\/08\/educacao-prepara-conferencia-nacional\/"},"modified":"2008-09-08T15:30:00","modified_gmt":"2008-09-08T18:30:00","slug":"educacao-prepara-conferencia-nacional","status":"publish","type":"post","link":"https:\/\/abrelivros.org.br\/site\/educacao-prepara-conferencia-nacional\/","title":{"rendered":"Educa\u00e7\u00e3o prepara confer\u00eancia nacional"},"content":{"rendered":"<p>O Minist\u00e9rio da Educa\u00e7\u00e3o realizar\u00e1, em abril de 2010, em Bras\u00edlia, a Confer\u00eancia Nacional de Educa\u00e7\u00e3o (Conae), que abordar\u00e1 temas da educa\u00e7\u00e3o infantil \u00e0 p\u00f3s-gradua\u00e7\u00e3o. Confer\u00eancias municipais, no primeiro semestre de 2009, e estaduais, no segundo, v\u00e3o preparar as bases do evento para que ele seja representativo, amplo e plural, segundo o secret\u00e1rio-executivo adjunto do MEC, Francisco das Chagas, que vai coordenar as atividades da Conae.&nbsp;<br \/> &nbsp;<br \/> A Portaria n\u00ba 10\/2008, publicada no Di\u00e1rio Oficial da Uni\u00e3o na quinta-feira, dia 4, constituiu comiss\u00e3o de 34 membros a quem atribuiu as tarefas de coordenar, promover e monitorar o desenvolvimento da Conae em todas as  etapas. A comiss\u00e3o organizadora \u00e9 integrada por entidades de todas as \u00e1reas da educa\u00e7\u00e3o, da comunidade cient\u00edfica, movimentos sociais, centrais sindicais e empres\u00e1rios. Os \u00f3rg\u00e3os dos governos e as entidades t\u00eam prazo at\u00e9 o dia 30 para indicar seus representantes.&nbsp;<br \/> &nbsp;<br \/> De acordo com o secret\u00e1rio, o Brasil tem um sistema nacional de educa\u00e7\u00e3o com bases assentadas na Constitui\u00e7\u00e3o Federal de 1988, na Lei de Diretrizes e Bases da Educa\u00e7\u00e3o (LDB) e no Plano Nacional de Educa\u00e7\u00e3o (PNE). Esse sistema articulado divide as responsabilidades pelos v\u00e1rios n\u00edveis de ensino entre munic\u00edpios, estados e governo federal, que atuam em regime de colabora\u00e7\u00e3o.&nbsp;<br \/> &nbsp;<br \/> Na coordena\u00e7\u00e3o da Conae, Francisco das Chagas vai sugerir aos demais integrantes da comiss\u00e3o que se discuta o fortalecimento do sistema e a ado\u00e7\u00e3o de novas diretrizes para um novo PNE (o atual vigora at\u00e9 2010) que levem em conta o Plano Nacional de Desenvolvimento da Educa\u00e7\u00e3o (PDE), lan\u00e7ado em abril de 2007.&nbsp;<br \/> &nbsp;<br \/> A Portaria n\u00ba 10\/2008 especifica as 34 entidades e \u00f3rg\u00e3os governamentais respons\u00e1veis pela realiza\u00e7\u00e3o da Conae e suas atribui\u00e7\u00f5es. &nbsp;<br \/> &nbsp;<br \/> &nbsp;<\/p>\n","protected":false},"excerpt":{"rendered":"<p>O Minist\u00e9rio da Educa\u00e7\u00e3o realizar\u00e1, em abril de 2010, em Bras\u00edlia, a Confer\u00eancia Nacional de Educa\u00e7\u00e3o (Conae), que abordar\u00e1 temas da educa\u00e7\u00e3o infantil \u00e0 p\u00f3s-gradua\u00e7\u00e3o. Confer\u00eancias municipais, no primeiro semestre de 2009, e estaduais, no segundo, v\u00e3o preparar as bases do evento para que ele seja representativo, amplo e plural, segundo o secret\u00e1rio-executivo adjunto do [&hellip;]<\/p>\n","protected":false},"author":1,"featured_media":0,"comment_status":"closed","ping_status":"closed","sticky":false,"template":"","format":"standard","meta":{"footnotes":"","_links_to":"","_links_to_target":""},"categories":[9],"tags":[],"class_list":["post-2256","post","type-post","status-publish","format-standard","hentry","category-noticias-da-imprensa"],"yoast_head":"<!-- This site is optimized with the Yoast SEO plugin v15.1 - https:\/\/yoast.com\/wordpress\/plugins\/seo\/ -->\n<title>Educa\u00e7\u00e3o prepara confer\u00eancia nacional &raquo; Abrelivros<\/title>\n<meta name=\"robots\" content=\"index, follow, max-snippet:-1, max-image-preview:large, max-video-preview:-1\" \/>\n<link rel=\"canonical\" href=\"https:\/\/abrelivros.org.br\/site\/educacao-prepara-conferencia-nacional\/\" \/>\n<meta property=\"og:locale\" content=\"pt_BR\" \/>\n<meta property=\"og:type\" content=\"article\" \/>\n<meta property=\"og:title\" content=\"Educa\u00e7\u00e3o prepara confer\u00eancia nacional &raquo; Abrelivros\" \/>\n<meta property=\"og:description\" content=\"O Minist\u00e9rio da Educa\u00e7\u00e3o realizar\u00e1, em abril de 2010, em Bras\u00edlia, a Confer\u00eancia Nacional de Educa\u00e7\u00e3o (Conae), que abordar\u00e1 temas da educa\u00e7\u00e3o infantil \u00e0 p\u00f3s-gradua\u00e7\u00e3o. Confer\u00eancias municipais, no primeiro semestre de 2009, e estaduais, no segundo, v\u00e3o preparar as bases do evento para que ele seja representativo, amplo e plural, segundo o secret\u00e1rio-executivo adjunto do [&hellip;]\" \/>\n<meta property=\"og:url\" content=\"https:\/\/abrelivros.org.br\/site\/educacao-prepara-conferencia-nacional\/\" \/>\n<meta property=\"og:site_name\" content=\"Abrelivros\" \/>\n<meta property=\"article:published_time\" content=\"2008-09-08T18:30:00+00:00\" \/>\n<meta name=\"twitter:card\" content=\"summary_large_image\" \/>\n<script type=\"application\/ld+json\" class=\"yoast-schema-graph\">{\"@context\":\"https:\/\/schema.org\",\"@graph\":[{\"@type\":\"WebSite\",\"@id\":\"https:\/\/abrelivros.org.br\/site\/#website\",\"url\":\"https:\/\/abrelivros.org.br\/site\/\",\"name\":\"Abrelivros\",\"description\":\"\",\"potentialAction\":[{\"@type\":\"SearchAction\",\"target\":\"https:\/\/abrelivros.org.br\/site\/?s={search_term_string}\",\"query-input\":\"required name=search_term_string\"}],\"inLanguage\":\"pt-BR\"},{\"@type\":\"WebPage\",\"@id\":\"https:\/\/abrelivros.org.br\/site\/educacao-prepara-conferencia-nacional\/#webpage\",\"url\":\"https:\/\/abrelivros.org.br\/site\/educacao-prepara-conferencia-nacional\/\",\"name\":\"Educa\\u00e7\\u00e3o prepara confer\\u00eancia nacional &raquo; Abrelivros\",\"isPartOf\":{\"@id\":\"https:\/\/abrelivros.org.br\/site\/#website\"},\"datePublished\":\"2008-09-08T18:30:00+00:00\",\"dateModified\":\"2008-09-08T18:30:00+00:00\",\"author\":{\"@id\":\"https:\/\/abrelivros.org.br\/site\/#\/schema\/person\/2b867f13a717bb230f1a3555505f5593\"},\"breadcrumb\":{\"@id\":\"https:\/\/abrelivros.org.br\/site\/educacao-prepara-conferencia-nacional\/#breadcrumb\"},\"inLanguage\":\"pt-BR\",\"potentialAction\":[{\"@type\":\"ReadAction\",\"target\":[\"https:\/\/abrelivros.org.br\/site\/educacao-prepara-conferencia-nacional\/\"]}]},{\"@type\":\"BreadcrumbList\",\"@id\":\"https:\/\/abrelivros.org.br\/site\/educacao-prepara-conferencia-nacional\/#breadcrumb\",\"itemListElement\":[{\"@type\":\"ListItem\",\"position\":1,\"item\":{\"@type\":\"WebPage\",\"@id\":\"https:\/\/abrelivros.org.br\/site\/\",\"url\":\"https:\/\/abrelivros.org.br\/site\/\",\"name\":\"In\\u00edcio\"}},{\"@type\":\"ListItem\",\"position\":2,\"item\":{\"@type\":\"WebPage\",\"@id\":\"https:\/\/abrelivros.org.br\/site\/category\/noticias\/\",\"url\":\"https:\/\/abrelivros.org.br\/site\/category\/noticias\/\",\"name\":\"Not\\u00edcias\"}},{\"@type\":\"ListItem\",\"position\":3,\"item\":{\"@type\":\"WebPage\",\"@id\":\"https:\/\/abrelivros.org.br\/site\/category\/noticias\/noticias-da-imprensa\/\",\"url\":\"https:\/\/abrelivros.org.br\/site\/category\/noticias\/noticias-da-imprensa\/\",\"name\":\"Not\\u00edcias da imprensa\"}},{\"@type\":\"ListItem\",\"position\":4,\"item\":{\"@type\":\"WebPage\",\"@id\":\"https:\/\/abrelivros.org.br\/site\/educacao-prepara-conferencia-nacional\/\",\"url\":\"https:\/\/abrelivros.org.br\/site\/educacao-prepara-conferencia-nacional\/\",\"name\":\"Educa\\u00e7\\u00e3o prepara confer\\u00eancia nacional\"}}]},{\"@type\":\"Person\",\"@id\":\"https:\/\/abrelivros.org.br\/site\/#\/schema\/person\/2b867f13a717bb230f1a3555505f5593\",\"name\":\"\\u00a0\",\"image\":{\"@type\":\"ImageObject\",\"@id\":\"https:\/\/abrelivros.org.br\/site\/#personlogo\",\"inLanguage\":\"pt-BR\",\"url\":\"https:\/\/secure.gravatar.com\/avatar\/e80b7f5231be2fff5040a8023da424898002831c5439420df182ae62676d2a6f?s=96&d=mm&r=g\",\"caption\":\"\\u00a0\"}}]}<\/script>\n<!-- \/ Yoast SEO plugin. -->","_links":{"self":[{"href":"https:\/\/abrelivros.org.br\/site\/wp-json\/wp\/v2\/posts\/2256","targetHints":{"allow":["GET"]}}],"collection":[{"href":"https:\/\/abrelivros.org.br\/site\/wp-json\/wp\/v2\/posts"}],"about":[{"href":"https:\/\/abrelivros.org.br\/site\/wp-json\/wp\/v2\/types\/post"}],"author":[{"embeddable":true,"href":"https:\/\/abrelivros.org.br\/site\/wp-json\/wp\/v2\/users\/1"}],"replies":[{"embeddable":true,"href":"https:\/\/abrelivros.org.br\/site\/wp-json\/wp\/v2\/comments?post=2256"}],"version-history":[{"count":0,"href":"https:\/\/abrelivros.org.br\/site\/wp-json\/wp\/v2\/posts\/2256\/revisions"}],"wp:attachment":[{"href":"https:\/\/abrelivros.org.br\/site\/wp-json\/wp\/v2\/media?parent=2256"}],"wp:term":[{"taxonomy":"category","embeddable":true,"href":"https:\/\/abrelivros.org.br\/site\/wp-json\/wp\/v2\/categories?post=2256"},{"taxonomy":"post_tag","embeddable":true,"href":"https:\/\/abrelivros.org.br\/site\/wp-json\/wp\/v2\/tags?post=2256"}],"curies":[{"name":"wp","href":"https:\/\/api.w.org\/{rel}","templated":true}]}}