{"id":2255,"date":"2008-09-08T15:43:00","date_gmt":"2008-09-08T18:43:00","guid":{"rendered":"https:\/\/abrelivros.org.br\/site\/2008\/09\/08\/analfabetismo-se-concentra-entre-pobres-negros-e-nordestinos-aponta-unesco\/"},"modified":"2008-09-08T15:43:00","modified_gmt":"2008-09-08T18:43:00","slug":"analfabetismo-se-concentra-entre-pobres-negros-e-nordestinos-aponta-unesco","status":"publish","type":"post","link":"https:\/\/abrelivros.org.br\/site\/analfabetismo-se-concentra-entre-pobres-negros-e-nordestinos-aponta-unesco\/","title":{"rendered":"Analfabetismo se concentra entre pobres, negros e nordestinos, aponta Unesco"},"content":{"rendered":"<p>O analfabeto brasileiro continua sendo em sua maioria nordestino, negro, de baixa renda e com idade entre 40 e 45 anos. A an\u00e1lise \u00e9 do especialista em educa\u00e7\u00e3o de jovens e adultos da Unesco (Organiza\u00e7\u00e3o das Na\u00e7\u00f5es Unidas para a Educa\u00e7\u00e3o, a Ci\u00eancia e Cultura) no Brasil, Timothy Ireland. Na data de hoje, 8 de setembro, a organiza\u00e7\u00e3o comemora o Dia Internacional da Alfabetiza\u00e7\u00e3o.\u00a0<br \/> \u00a0<br \/> \u201cA quest\u00e3o do analfabetismo sempre foi minimizada como um direito, mas ela \u00e9 fundamental para que o cidad\u00e3o participe de forma democr\u00e1tica. Hoje vivemos na sociedade da informa\u00e7\u00e3o e do conhecimento, a pessoa que n\u00e3o tem acesso \u00e0 escrita e \u00e0 leitura acaba exclu\u00edda de informa\u00e7\u00f5es que s\u00e3o necess\u00e1rias para garantir todos os outros direitos, a sa\u00fade, a participa\u00e7\u00e3o pol\u00edtica na sociedade\u201c, avalia Ireland.\u00a0<br \/> \u00a0<br \/> Dados de 2006 da Pnad (Pesquisa Nacional por Amostra de Dom\u00edcilios), realizada pelo IBGE (Instituto Brasileiro de Geografia e Estat\u00edstica), apontam que 10,38% da popula\u00e7\u00e3o se declara analfabeta absoluta, ou seja, n\u00e3o sabe ler ou escrever um bilhete simples. O percentual representa 14,3 milh\u00f5es de brasileiros. \u00a0<br \/> \u00a0<br \/> O relat\u00f3rio de monitoramento do programa Educa\u00e7\u00e3o Para Todos, da Unesco, mostra ainda que o \u00edndice mais do que dobra na \u00e1rea rural (25%). Entre os negros e pardos, o analfabetismo \u00e9 duas vezes maior do que entre os brancos.\u00a0<br \/> \u00a0<br \/> Desigualdades sociais\u00a0<br \/> \u00a0<br \/> Para a professora da Unifesp (Universidade Federal de S\u00e3o Paulo) e especialista em jovens e adultos Cl\u00e1udia V\u00f3vio, o perfil do analfabeto brasileiro reflete as desigualdades sociais do pa\u00eds. \u201cOs dados estratificados mostram as mesmas desigualdades sociais. Onde est\u00e3o os grupos com maior vulnerabilidade social \u00e9 onde se encontram as maiores taxas de analfabetismo\u201c, analisa.\u00a0<br \/> \u00a0<br \/> Na avalia\u00e7\u00e3o de Ireland, \u00e9 preciso reconhecer que o analfabetismo vem diminuindo no pa\u00eds, mas ainda de forma lenta. Em 2000, o Brasil assinou o compromisso Educa\u00e7\u00e3o para Todos, estabelecido durante a Confer\u00eancia Mundial de Educa\u00e7\u00e3o em Dacar. Entre as metas, est\u00e1 a redu\u00e7\u00e3o das taxas de analfabetismo para 6,7% at\u00e9 2015. Segundo a Unesco, se os \u00edndices continuarem caindo nesse ritmo, o Brasil n\u00e3o cumprir\u00e1 o acordo.\u00a0<br \/> \u00a0<br \/> \u201cO Brasil tem avan\u00e7ado bastante a partir do momento que estabeleceu uma pol\u00edtica nacional de educa\u00e7\u00e3o para jovens e adultos, mas o esfor\u00e7o ainda n\u00e3o est\u00e1 refletido nos n\u00fameros. Acreditamos que ainda precisamos de mais recursos para atuar nessa \u00e1rea\u201c, defende o especialista. \u00a0<br \/> \u00a0<\/p>\n","protected":false},"excerpt":{"rendered":"<p>O analfabeto brasileiro continua sendo em sua maioria nordestino, negro, de baixa renda e com idade entre 40 e 45 anos. A an\u00e1lise \u00e9 do especialista em educa\u00e7\u00e3o de jovens e adultos da Unesco (Organiza\u00e7\u00e3o das Na\u00e7\u00f5es Unidas para a Educa\u00e7\u00e3o, a Ci\u00eancia e Cultura) no Brasil, Timothy Ireland. Na data de hoje, 8 de [&hellip;]<\/p>\n","protected":false},"author":1,"featured_media":0,"comment_status":"closed","ping_status":"closed","sticky":false,"template":"","format":"standard","meta":{"footnotes":"","_links_to":"","_links_to_target":""},"categories":[9],"tags":[],"class_list":["post-2255","post","type-post","status-publish","format-standard","hentry","category-noticias-da-imprensa"],"yoast_head":"<!-- This site is optimized with the Yoast SEO plugin v15.1 - https:\/\/yoast.com\/wordpress\/plugins\/seo\/ -->\n<title>Analfabetismo se concentra entre pobres, negros e nordestinos, aponta Unesco &raquo; Abrelivros<\/title>\n<meta name=\"robots\" content=\"index, follow, max-snippet:-1, max-image-preview:large, max-video-preview:-1\" \/>\n<link rel=\"canonical\" href=\"https:\/\/abrelivros.org.br\/site\/analfabetismo-se-concentra-entre-pobres-negros-e-nordestinos-aponta-unesco\/\" \/>\n<meta property=\"og:locale\" content=\"pt_BR\" \/>\n<meta property=\"og:type\" content=\"article\" \/>\n<meta property=\"og:title\" content=\"Analfabetismo se concentra entre pobres, negros e nordestinos, aponta Unesco &raquo; Abrelivros\" \/>\n<meta property=\"og:description\" content=\"O analfabeto brasileiro continua sendo em sua maioria nordestino, negro, de baixa renda e com idade entre 40 e 45 anos. A an\u00e1lise \u00e9 do especialista em educa\u00e7\u00e3o de jovens e adultos da Unesco (Organiza\u00e7\u00e3o das Na\u00e7\u00f5es Unidas para a Educa\u00e7\u00e3o, a Ci\u00eancia e Cultura) no Brasil, Timothy Ireland. Na data de hoje, 8 de [&hellip;]\" \/>\n<meta property=\"og:url\" content=\"https:\/\/abrelivros.org.br\/site\/analfabetismo-se-concentra-entre-pobres-negros-e-nordestinos-aponta-unesco\/\" \/>\n<meta property=\"og:site_name\" content=\"Abrelivros\" \/>\n<meta property=\"article:published_time\" content=\"2008-09-08T18:43:00+00:00\" \/>\n<meta name=\"twitter:card\" content=\"summary_large_image\" \/>\n<script type=\"application\/ld+json\" class=\"yoast-schema-graph\">{\"@context\":\"https:\/\/schema.org\",\"@graph\":[{\"@type\":\"WebSite\",\"@id\":\"https:\/\/abrelivros.org.br\/site\/#website\",\"url\":\"https:\/\/abrelivros.org.br\/site\/\",\"name\":\"Abrelivros\",\"description\":\"\",\"potentialAction\":[{\"@type\":\"SearchAction\",\"target\":\"https:\/\/abrelivros.org.br\/site\/?s={search_term_string}\",\"query-input\":\"required name=search_term_string\"}],\"inLanguage\":\"pt-BR\"},{\"@type\":\"WebPage\",\"@id\":\"https:\/\/abrelivros.org.br\/site\/analfabetismo-se-concentra-entre-pobres-negros-e-nordestinos-aponta-unesco\/#webpage\",\"url\":\"https:\/\/abrelivros.org.br\/site\/analfabetismo-se-concentra-entre-pobres-negros-e-nordestinos-aponta-unesco\/\",\"name\":\"Analfabetismo se concentra entre pobres, negros e nordestinos, aponta Unesco &raquo; Abrelivros\",\"isPartOf\":{\"@id\":\"https:\/\/abrelivros.org.br\/site\/#website\"},\"datePublished\":\"2008-09-08T18:43:00+00:00\",\"dateModified\":\"2008-09-08T18:43:00+00:00\",\"author\":{\"@id\":\"https:\/\/abrelivros.org.br\/site\/#\/schema\/person\/2b867f13a717bb230f1a3555505f5593\"},\"breadcrumb\":{\"@id\":\"https:\/\/abrelivros.org.br\/site\/analfabetismo-se-concentra-entre-pobres-negros-e-nordestinos-aponta-unesco\/#breadcrumb\"},\"inLanguage\":\"pt-BR\",\"potentialAction\":[{\"@type\":\"ReadAction\",\"target\":[\"https:\/\/abrelivros.org.br\/site\/analfabetismo-se-concentra-entre-pobres-negros-e-nordestinos-aponta-unesco\/\"]}]},{\"@type\":\"BreadcrumbList\",\"@id\":\"https:\/\/abrelivros.org.br\/site\/analfabetismo-se-concentra-entre-pobres-negros-e-nordestinos-aponta-unesco\/#breadcrumb\",\"itemListElement\":[{\"@type\":\"ListItem\",\"position\":1,\"item\":{\"@type\":\"WebPage\",\"@id\":\"https:\/\/abrelivros.org.br\/site\/\",\"url\":\"https:\/\/abrelivros.org.br\/site\/\",\"name\":\"In\\u00edcio\"}},{\"@type\":\"ListItem\",\"position\":2,\"item\":{\"@type\":\"WebPage\",\"@id\":\"https:\/\/abrelivros.org.br\/site\/category\/noticias\/\",\"url\":\"https:\/\/abrelivros.org.br\/site\/category\/noticias\/\",\"name\":\"Not\\u00edcias\"}},{\"@type\":\"ListItem\",\"position\":3,\"item\":{\"@type\":\"WebPage\",\"@id\":\"https:\/\/abrelivros.org.br\/site\/category\/noticias\/noticias-da-imprensa\/\",\"url\":\"https:\/\/abrelivros.org.br\/site\/category\/noticias\/noticias-da-imprensa\/\",\"name\":\"Not\\u00edcias da imprensa\"}},{\"@type\":\"ListItem\",\"position\":4,\"item\":{\"@type\":\"WebPage\",\"@id\":\"https:\/\/abrelivros.org.br\/site\/analfabetismo-se-concentra-entre-pobres-negros-e-nordestinos-aponta-unesco\/\",\"url\":\"https:\/\/abrelivros.org.br\/site\/analfabetismo-se-concentra-entre-pobres-negros-e-nordestinos-aponta-unesco\/\",\"name\":\"Analfabetismo se concentra entre pobres, negros e nordestinos, aponta Unesco\"}}]},{\"@type\":\"Person\",\"@id\":\"https:\/\/abrelivros.org.br\/site\/#\/schema\/person\/2b867f13a717bb230f1a3555505f5593\",\"name\":\"\\u00a0\",\"image\":{\"@type\":\"ImageObject\",\"@id\":\"https:\/\/abrelivros.org.br\/site\/#personlogo\",\"inLanguage\":\"pt-BR\",\"url\":\"https:\/\/secure.gravatar.com\/avatar\/e80b7f5231be2fff5040a8023da424898002831c5439420df182ae62676d2a6f?s=96&d=mm&r=g\",\"caption\":\"\\u00a0\"}}]}<\/script>\n<!-- \/ Yoast SEO plugin. -->","_links":{"self":[{"href":"https:\/\/abrelivros.org.br\/site\/wp-json\/wp\/v2\/posts\/2255","targetHints":{"allow":["GET"]}}],"collection":[{"href":"https:\/\/abrelivros.org.br\/site\/wp-json\/wp\/v2\/posts"}],"about":[{"href":"https:\/\/abrelivros.org.br\/site\/wp-json\/wp\/v2\/types\/post"}],"author":[{"embeddable":true,"href":"https:\/\/abrelivros.org.br\/site\/wp-json\/wp\/v2\/users\/1"}],"replies":[{"embeddable":true,"href":"https:\/\/abrelivros.org.br\/site\/wp-json\/wp\/v2\/comments?post=2255"}],"version-history":[{"count":0,"href":"https:\/\/abrelivros.org.br\/site\/wp-json\/wp\/v2\/posts\/2255\/revisions"}],"wp:attachment":[{"href":"https:\/\/abrelivros.org.br\/site\/wp-json\/wp\/v2\/media?parent=2255"}],"wp:term":[{"taxonomy":"category","embeddable":true,"href":"https:\/\/abrelivros.org.br\/site\/wp-json\/wp\/v2\/categories?post=2255"},{"taxonomy":"post_tag","embeddable":true,"href":"https:\/\/abrelivros.org.br\/site\/wp-json\/wp\/v2\/tags?post=2255"}],"curies":[{"name":"wp","href":"https:\/\/api.w.org\/{rel}","templated":true}]}}