{"id":2254,"date":"2008-09-08T16:07:00","date_gmt":"2008-09-08T19:07:00","guid":{"rendered":"https:\/\/abrelivros.org.br\/site\/2008\/09\/08\/dinheiro-arrecadado-com-pre-sal-sera-destinado-a-educacao-repete-presidente-lula\/"},"modified":"2008-09-08T16:07:00","modified_gmt":"2008-09-08T19:07:00","slug":"dinheiro-arrecadado-com-pre-sal-sera-destinado-a-educacao-repete-presidente-lula","status":"publish","type":"post","link":"https:\/\/abrelivros.org.br\/site\/dinheiro-arrecadado-com-pre-sal-sera-destinado-a-educacao-repete-presidente-lula\/","title":{"rendered":"Dinheiro arrecadado com pr\u00e9-sal ser\u00e1 destinado \u00e0 educa\u00e7\u00e3o, repete presidente Lula"},"content":{"rendered":"<p>Ao comentar o an\u00fancio, feito na \u00faltima quarta-feira (3), da oferta de mais 44 mil vagas por universidades federais em 2009, o presidente Luiz In\u00e1cio Lula da Silva refor\u00e7ou hoje (8) que uma parte do dinheiro arrecadado com a explora\u00e7\u00e3o da camada pr\u00e9-sal ser\u00e1 destinada \u00e0 educa\u00e7\u00e3o, para que a energia brasileira se torne \u201cdefinitiva\u201c.\u00a0<br \/> \u00a0<br \/> \u201cQuando eu digo energia definitiva, \u00e9 transformar o petr\u00f3leo em sabedoria, em conhecimento. E a\u00ed, ela ser\u00e1 inesgot\u00e1vel\u201c, disse em seu programa semanal de r\u00e1dio Caf\u00e9 com o Presidente.\u00a0<br \/> \u00a0<br \/> Para Lula, o Programa de Apoio a Planos de Reestrutura\u00e7\u00e3o e Expans\u00e3o das Universidades Federais (Reuni) &#8211; apontado pelo governo federal como respons\u00e1vel pelo aumento da oferta &#8211; \u00e9 \u201cmotivo de orgulho\u201c, j\u00e1 que em 2003 havia 113 mil vagas dispon\u00edveis, contra 227 mil em 2009.\u00a0<br \/> \u00a0<br \/> \u201cN\u00f3s, praticamente, dobramos o n\u00famero de jovens que v\u00e3o entrar na universidade. Os editais j\u00e1 est\u00e3o prontos no Minist\u00e9rio da Educa\u00e7\u00e3o, j\u00e1 foram publicados no Di\u00e1rio Oficial da Uni\u00e3o. Agora vai ter o vestibular e, se Deus quiser, vamos atingir essa marca.\u201c\u00a0<br \/> \u00a0<br \/> O presidente acredita que, em 2010, o n\u00famero de vagas ofertadas ser\u00e1 ainda maior porque as novas universidades j\u00e1 estar\u00e3o em funcionamento. De acordo com ele, a medida vai fazer com que o Brasil se transforme em uma na\u00e7\u00e3o \u201cdefinitivamente rica e independente\u201c.\u00a0<br \/> \u00a0<br \/> \u201cTrabalho com o sonho de que o Brasil vai atingir o \u00e1pice da sua compet\u00eancia internacional e da sua competitividade. O dia em que a gente estiver com mat\u00e9ria-prima para exportar a nossa intelig\u00eancia, o nosso conhecimento transformado em pesquisa, em produtos manufaturados, que \u00e9 o sonho desse pa\u00eds. E eu espero que a gente possa cumprir.\u201c\u00a0<br \/> \u00a0<br \/> Desde 2003, 12 universidades federais foram criadas. Outros quatro projetos para cria\u00e7\u00e3o de institui\u00e7\u00f5es de ensino superior tramitam no Congresso Nacional, como a Universidade da \u00c1frica. Segundo o Minist\u00e9rio da Educa\u00e7\u00e3o, as regi\u00f5es que ir\u00e3o apresentar maior crescimento no n\u00famero de vagas ser\u00e3o a Nordeste, com 112%, e a Sul, com 107%. \u00a0<br \/> \u00a0<\/p>\n","protected":false},"excerpt":{"rendered":"<p>Ao comentar o an\u00fancio, feito na \u00faltima quarta-feira (3), da oferta de mais 44 mil vagas por universidades federais em 2009, o presidente Luiz In\u00e1cio Lula da Silva refor\u00e7ou hoje (8) que uma parte do dinheiro arrecadado com a explora\u00e7\u00e3o da camada pr\u00e9-sal ser\u00e1 destinada \u00e0 educa\u00e7\u00e3o, para que a energia brasileira se torne \u201cdefinitiva\u201c.\u00a0 [&hellip;]<\/p>\n","protected":false},"author":1,"featured_media":0,"comment_status":"closed","ping_status":"closed","sticky":false,"template":"","format":"standard","meta":{"footnotes":"","_links_to":"","_links_to_target":""},"categories":[9],"tags":[],"class_list":["post-2254","post","type-post","status-publish","format-standard","hentry","category-noticias-da-imprensa"],"yoast_head":"<!-- This site is optimized with the Yoast SEO plugin v15.1 - https:\/\/yoast.com\/wordpress\/plugins\/seo\/ -->\n<title>Dinheiro arrecadado com pr\u00e9-sal ser\u00e1 destinado \u00e0 educa\u00e7\u00e3o, repete presidente Lula &raquo; Abrelivros<\/title>\n<meta name=\"robots\" content=\"index, follow, max-snippet:-1, max-image-preview:large, max-video-preview:-1\" \/>\n<link rel=\"canonical\" href=\"https:\/\/abrelivros.org.br\/site\/dinheiro-arrecadado-com-pre-sal-sera-destinado-a-educacao-repete-presidente-lula\/\" \/>\n<meta property=\"og:locale\" content=\"pt_BR\" \/>\n<meta property=\"og:type\" content=\"article\" \/>\n<meta property=\"og:title\" content=\"Dinheiro arrecadado com pr\u00e9-sal ser\u00e1 destinado \u00e0 educa\u00e7\u00e3o, repete presidente Lula &raquo; Abrelivros\" \/>\n<meta property=\"og:description\" content=\"Ao comentar o an\u00fancio, feito na \u00faltima quarta-feira (3), da oferta de mais 44 mil vagas por universidades federais em 2009, o presidente Luiz In\u00e1cio Lula da Silva refor\u00e7ou hoje (8) que uma parte do dinheiro arrecadado com a explora\u00e7\u00e3o da camada pr\u00e9-sal ser\u00e1 destinada \u00e0 educa\u00e7\u00e3o, para que a energia brasileira se torne \u201cdefinitiva\u201c.\u00a0 [&hellip;]\" \/>\n<meta property=\"og:url\" content=\"https:\/\/abrelivros.org.br\/site\/dinheiro-arrecadado-com-pre-sal-sera-destinado-a-educacao-repete-presidente-lula\/\" \/>\n<meta property=\"og:site_name\" content=\"Abrelivros\" \/>\n<meta property=\"article:published_time\" content=\"2008-09-08T19:07:00+00:00\" \/>\n<meta name=\"twitter:card\" content=\"summary_large_image\" \/>\n<script type=\"application\/ld+json\" class=\"yoast-schema-graph\">{\"@context\":\"https:\/\/schema.org\",\"@graph\":[{\"@type\":\"WebSite\",\"@id\":\"https:\/\/abrelivros.org.br\/site\/#website\",\"url\":\"https:\/\/abrelivros.org.br\/site\/\",\"name\":\"Abrelivros\",\"description\":\"\",\"potentialAction\":[{\"@type\":\"SearchAction\",\"target\":\"https:\/\/abrelivros.org.br\/site\/?s={search_term_string}\",\"query-input\":\"required name=search_term_string\"}],\"inLanguage\":\"pt-BR\"},{\"@type\":\"WebPage\",\"@id\":\"https:\/\/abrelivros.org.br\/site\/dinheiro-arrecadado-com-pre-sal-sera-destinado-a-educacao-repete-presidente-lula\/#webpage\",\"url\":\"https:\/\/abrelivros.org.br\/site\/dinheiro-arrecadado-com-pre-sal-sera-destinado-a-educacao-repete-presidente-lula\/\",\"name\":\"Dinheiro arrecadado com pr\\u00e9-sal ser\\u00e1 destinado \\u00e0 educa\\u00e7\\u00e3o, repete presidente Lula &raquo; Abrelivros\",\"isPartOf\":{\"@id\":\"https:\/\/abrelivros.org.br\/site\/#website\"},\"datePublished\":\"2008-09-08T19:07:00+00:00\",\"dateModified\":\"2008-09-08T19:07:00+00:00\",\"author\":{\"@id\":\"https:\/\/abrelivros.org.br\/site\/#\/schema\/person\/2b867f13a717bb230f1a3555505f5593\"},\"breadcrumb\":{\"@id\":\"https:\/\/abrelivros.org.br\/site\/dinheiro-arrecadado-com-pre-sal-sera-destinado-a-educacao-repete-presidente-lula\/#breadcrumb\"},\"inLanguage\":\"pt-BR\",\"potentialAction\":[{\"@type\":\"ReadAction\",\"target\":[\"https:\/\/abrelivros.org.br\/site\/dinheiro-arrecadado-com-pre-sal-sera-destinado-a-educacao-repete-presidente-lula\/\"]}]},{\"@type\":\"BreadcrumbList\",\"@id\":\"https:\/\/abrelivros.org.br\/site\/dinheiro-arrecadado-com-pre-sal-sera-destinado-a-educacao-repete-presidente-lula\/#breadcrumb\",\"itemListElement\":[{\"@type\":\"ListItem\",\"position\":1,\"item\":{\"@type\":\"WebPage\",\"@id\":\"https:\/\/abrelivros.org.br\/site\/\",\"url\":\"https:\/\/abrelivros.org.br\/site\/\",\"name\":\"In\\u00edcio\"}},{\"@type\":\"ListItem\",\"position\":2,\"item\":{\"@type\":\"WebPage\",\"@id\":\"https:\/\/abrelivros.org.br\/site\/category\/noticias\/\",\"url\":\"https:\/\/abrelivros.org.br\/site\/category\/noticias\/\",\"name\":\"Not\\u00edcias\"}},{\"@type\":\"ListItem\",\"position\":3,\"item\":{\"@type\":\"WebPage\",\"@id\":\"https:\/\/abrelivros.org.br\/site\/category\/noticias\/noticias-da-imprensa\/\",\"url\":\"https:\/\/abrelivros.org.br\/site\/category\/noticias\/noticias-da-imprensa\/\",\"name\":\"Not\\u00edcias da imprensa\"}},{\"@type\":\"ListItem\",\"position\":4,\"item\":{\"@type\":\"WebPage\",\"@id\":\"https:\/\/abrelivros.org.br\/site\/dinheiro-arrecadado-com-pre-sal-sera-destinado-a-educacao-repete-presidente-lula\/\",\"url\":\"https:\/\/abrelivros.org.br\/site\/dinheiro-arrecadado-com-pre-sal-sera-destinado-a-educacao-repete-presidente-lula\/\",\"name\":\"Dinheiro arrecadado com pr\\u00e9-sal ser\\u00e1 destinado \\u00e0 educa\\u00e7\\u00e3o, repete presidente Lula\"}}]},{\"@type\":\"Person\",\"@id\":\"https:\/\/abrelivros.org.br\/site\/#\/schema\/person\/2b867f13a717bb230f1a3555505f5593\",\"name\":\"\\u00a0\",\"image\":{\"@type\":\"ImageObject\",\"@id\":\"https:\/\/abrelivros.org.br\/site\/#personlogo\",\"inLanguage\":\"pt-BR\",\"url\":\"https:\/\/secure.gravatar.com\/avatar\/e80b7f5231be2fff5040a8023da424898002831c5439420df182ae62676d2a6f?s=96&d=mm&r=g\",\"caption\":\"\\u00a0\"}}]}<\/script>\n<!-- \/ Yoast SEO plugin. -->","_links":{"self":[{"href":"https:\/\/abrelivros.org.br\/site\/wp-json\/wp\/v2\/posts\/2254","targetHints":{"allow":["GET"]}}],"collection":[{"href":"https:\/\/abrelivros.org.br\/site\/wp-json\/wp\/v2\/posts"}],"about":[{"href":"https:\/\/abrelivros.org.br\/site\/wp-json\/wp\/v2\/types\/post"}],"author":[{"embeddable":true,"href":"https:\/\/abrelivros.org.br\/site\/wp-json\/wp\/v2\/users\/1"}],"replies":[{"embeddable":true,"href":"https:\/\/abrelivros.org.br\/site\/wp-json\/wp\/v2\/comments?post=2254"}],"version-history":[{"count":0,"href":"https:\/\/abrelivros.org.br\/site\/wp-json\/wp\/v2\/posts\/2254\/revisions"}],"wp:attachment":[{"href":"https:\/\/abrelivros.org.br\/site\/wp-json\/wp\/v2\/media?parent=2254"}],"wp:term":[{"taxonomy":"category","embeddable":true,"href":"https:\/\/abrelivros.org.br\/site\/wp-json\/wp\/v2\/categories?post=2254"},{"taxonomy":"post_tag","embeddable":true,"href":"https:\/\/abrelivros.org.br\/site\/wp-json\/wp\/v2\/tags?post=2254"}],"curies":[{"name":"wp","href":"https:\/\/api.w.org\/{rel}","templated":true}]}}