{"id":2253,"date":"2008-09-08T17:09:00","date_gmt":"2008-09-08T20:09:00","guid":{"rendered":"https:\/\/abrelivros.org.br\/site\/2008\/09\/08\/mec-quer-alfabetizar-13-milhao-de-pessoas-em-2009\/"},"modified":"2008-09-08T17:09:00","modified_gmt":"2008-09-08T20:09:00","slug":"mec-quer-alfabetizar-13-milhao-de-pessoas-em-2009","status":"publish","type":"post","link":"https:\/\/abrelivros.org.br\/site\/mec-quer-alfabetizar-13-milhao-de-pessoas-em-2009\/","title":{"rendered":"MEC quer alfabetizar 1,3 milh\u00e3o de pessoas em 2009"},"content":{"rendered":"<p>A meta do Plano de Desenvolvimento da Educa\u00e7\u00e3o de alfabetizar ao ano 1,3 milh\u00e3o de pessoas deve ser atingida em 2009. A previs\u00e3o \u00e9 do diretor de Pol\u00edticas da Educa\u00e7\u00e3o de Jovens e Adultos do MEC (Minist\u00e9rio da Educa\u00e7\u00e3o), Jorge Teles. Segundo ele, o programa Brasil Alfabetizado tem formado por ano de 1 milh\u00e3o.\u00a0<br \/> \u00a0<br \/> \u201cEm cinco anos de programa, as pessoas mais sens\u00edveis \u00e0 alfabetiza\u00e7\u00e3o j\u00e1 aderiram. Agora voc\u00ea precisar atrair as pessoas analfabetas que t\u00eam menos disposi\u00e7\u00e3o a estudar, \u00e9 mais dif\u00edcil captar esse p\u00fablico para o processo educativo\u201c, analisa o diretor.\u00a0<br \/> \u00a0<br \/> Para 2009, al\u00e9m da amplia\u00e7\u00e3o do n\u00famero de atendidos pelo Brasil Alfabetizado, outras novidades s\u00e3o a distribui\u00e7\u00e3o de livros did\u00e1ticos espec\u00edficos para esse p\u00fablico e o desenvolvimento de projetos de leitura para consolidar as ferramentas de uso da l\u00edngua escrita e falada.\u00a0<br \/> \u00a0<br \/> \u201cA gente considera importante a possibilidade de continuidade formal [ensino fundamental e m\u00e9dio], mas agora estamos lan\u00e7ando uma pol\u00edtica de fomento \u00e0 leitura para que o alfabetizado use no dia-a-dia o que ele aprendeu no curso. Voc\u00ea s\u00f3 se apropria do conte\u00fado se voc\u00ea usar na vida\u201c, defende.\u00a0<br \/> \u00a0<br \/> Para a professora da Unifesp (Universidade Federal de S\u00e3o Paulo) e especialista em educa\u00e7\u00e3o de jovens e adultos, Cl\u00e1udia V\u00f3vio, o Brasil Alfabetizado atinge um n\u00famero pequeno de pessoas em rela\u00e7\u00e3o \u00e0 demanda potencial da alfabetiza\u00e7\u00e3o: 14,3 milh\u00f5es de brasileiros.\u00a0<br \/> \u00a0<br \/> \u201cFaltam programas para muitas pessoas, o Brasil Alfabetizado \u00e9 uma das iniciativas. \u00c9 preciso pensar as orienta\u00e7\u00f5es em cada esfera de governo, muitas vezes os alunos n\u00e3o conseguem continuar os estudos porque no munic\u00edpio n\u00e3o h\u00e1 oferta de ensino fundamental. A aprendizagem precisa ser consolidada e acaba se perdendo\u201c, alerta.\u00a0<br \/> \u00a0<br \/> O curso do Brasil Alfabetizado tem dura\u00e7\u00e3o de seis meses e, segundo Jorge Teles, a meta \u00e9 chegar a 4 mil munic\u00edpios em 2008. A verba para o programa, que este ano foi de R$ 200 milh\u00f5es, \u00e9 repassada a estados e munic\u00edpios, respons\u00e1veis por coordenar as turmas. Os alfabetizadores recebem uma bolsa de R$ 250, repassados diretamente pelo MEC.\u00a0<br \/> \u00a0<br \/> \u201cCom um programa nacional, a gente consegue organizar a pol\u00edtica de forma que a alfabetiza\u00e7\u00e3o seja uma porta de entrada para a educa\u00e7\u00e3o e n\u00e3o uma campanha em si\u201c, acredita o diretor. \u00a0<\/p>\n<p><B> Brasil sediar\u00e1 confer\u00eancia internacional sobre educa\u00e7\u00e3o de jovens e adultos<br \/><\/B> Ag\u00eancia Brasil<\/p>\n<p> Em maio de 2009 o Brasil vai sediar a 6\u00aa Confintea (Confer\u00eancia Internacional de Educa\u00e7\u00e3o de Adultos). O encontro \u00e9 convocado pela Unesco (Organiza\u00e7\u00e3o das Na\u00e7\u00f5es Unidas para a Educa\u00e7\u00e3o, a Ci\u00eancia e Cultura) de 12 em 12 anos. Est\u00e1 ser\u00e1 a primeira vez que a confer\u00eancia acontecer\u00e1 no hemisf\u00e9rio sul.<\/p>\n<p> \u201c\u00c9 uma confer\u00eancia muito importante na \u00e1rea educacional. O Brasil vai ser anfitri\u00e3o e durante algum tempo ser\u00e1 vitrine para o resto do mundo, isso pode servir como um grande est\u00edmulo para o desenvolvimento das pol\u00edticas na \u00e1rea\u201c, avalia o especialista em educa\u00e7\u00e3o de jovens e adultos da Unesco, Timothy Ireland.<\/p>\n<p> A \u00faltima edi\u00e7\u00e3o da Confintea foi em Hamburgo, na Alemanha, em 1997. Cerca de 150 delega\u00e7\u00f5es dos estados-membros da Unesco compareceram ao evento. Timothy espera a mesma participa\u00e7\u00e3o no encontro brasileiro, que ocorrer\u00e1 entre os dias 19 e 22 de maio em Bel\u00e9m (PA).<\/p>\n<p> O objetivo da Confintea \u00e9 promover o reconhecimento da educa\u00e7\u00e3o desse p\u00fablico e tra\u00e7ar um panorama global da situa\u00e7\u00e3o do ensino de jovens e adultos no mundo.<\/p>\n<p><\/p>\n","protected":false},"excerpt":{"rendered":"<p>A meta do Plano de Desenvolvimento da Educa\u00e7\u00e3o de alfabetizar ao ano 1,3 milh\u00e3o de pessoas deve ser atingida em 2009. A previs\u00e3o \u00e9 do diretor de Pol\u00edticas da Educa\u00e7\u00e3o de Jovens e Adultos do MEC (Minist\u00e9rio da Educa\u00e7\u00e3o), Jorge Teles. Segundo ele, o programa Brasil Alfabetizado tem formado por ano de 1 milh\u00e3o.\u00a0 \u00a0 [&hellip;]<\/p>\n","protected":false},"author":1,"featured_media":0,"comment_status":"closed","ping_status":"closed","sticky":false,"template":"","format":"standard","meta":{"footnotes":"","_links_to":"","_links_to_target":""},"categories":[9],"tags":[],"class_list":["post-2253","post","type-post","status-publish","format-standard","hentry","category-noticias-da-imprensa"],"yoast_head":"<!-- This site is optimized with the Yoast SEO plugin v15.1 - https:\/\/yoast.com\/wordpress\/plugins\/seo\/ -->\n<title>MEC quer alfabetizar 1,3 milh\u00e3o de pessoas em 2009 &raquo; Abrelivros<\/title>\n<meta name=\"robots\" content=\"index, follow, max-snippet:-1, max-image-preview:large, max-video-preview:-1\" \/>\n<link rel=\"canonical\" href=\"https:\/\/abrelivros.org.br\/site\/mec-quer-alfabetizar-13-milhao-de-pessoas-em-2009\/\" \/>\n<meta property=\"og:locale\" content=\"pt_BR\" \/>\n<meta property=\"og:type\" content=\"article\" \/>\n<meta property=\"og:title\" content=\"MEC quer alfabetizar 1,3 milh\u00e3o de pessoas em 2009 &raquo; Abrelivros\" \/>\n<meta property=\"og:description\" content=\"A meta do Plano de Desenvolvimento da Educa\u00e7\u00e3o de alfabetizar ao ano 1,3 milh\u00e3o de pessoas deve ser atingida em 2009. A previs\u00e3o \u00e9 do diretor de Pol\u00edticas da Educa\u00e7\u00e3o de Jovens e Adultos do MEC (Minist\u00e9rio da Educa\u00e7\u00e3o), Jorge Teles. Segundo ele, o programa Brasil Alfabetizado tem formado por ano de 1 milh\u00e3o.\u00a0 \u00a0 [&hellip;]\" \/>\n<meta property=\"og:url\" content=\"https:\/\/abrelivros.org.br\/site\/mec-quer-alfabetizar-13-milhao-de-pessoas-em-2009\/\" \/>\n<meta property=\"og:site_name\" content=\"Abrelivros\" \/>\n<meta property=\"article:published_time\" content=\"2008-09-08T20:09:00+00:00\" \/>\n<meta name=\"twitter:card\" content=\"summary_large_image\" \/>\n<script type=\"application\/ld+json\" class=\"yoast-schema-graph\">{\"@context\":\"https:\/\/schema.org\",\"@graph\":[{\"@type\":\"WebSite\",\"@id\":\"https:\/\/abrelivros.org.br\/site\/#website\",\"url\":\"https:\/\/abrelivros.org.br\/site\/\",\"name\":\"Abrelivros\",\"description\":\"\",\"potentialAction\":[{\"@type\":\"SearchAction\",\"target\":\"https:\/\/abrelivros.org.br\/site\/?s={search_term_string}\",\"query-input\":\"required name=search_term_string\"}],\"inLanguage\":\"pt-BR\"},{\"@type\":\"WebPage\",\"@id\":\"https:\/\/abrelivros.org.br\/site\/mec-quer-alfabetizar-13-milhao-de-pessoas-em-2009\/#webpage\",\"url\":\"https:\/\/abrelivros.org.br\/site\/mec-quer-alfabetizar-13-milhao-de-pessoas-em-2009\/\",\"name\":\"MEC quer alfabetizar 1,3 milh\\u00e3o de pessoas em 2009 &raquo; Abrelivros\",\"isPartOf\":{\"@id\":\"https:\/\/abrelivros.org.br\/site\/#website\"},\"datePublished\":\"2008-09-08T20:09:00+00:00\",\"dateModified\":\"2008-09-08T20:09:00+00:00\",\"author\":{\"@id\":\"https:\/\/abrelivros.org.br\/site\/#\/schema\/person\/2b867f13a717bb230f1a3555505f5593\"},\"breadcrumb\":{\"@id\":\"https:\/\/abrelivros.org.br\/site\/mec-quer-alfabetizar-13-milhao-de-pessoas-em-2009\/#breadcrumb\"},\"inLanguage\":\"pt-BR\",\"potentialAction\":[{\"@type\":\"ReadAction\",\"target\":[\"https:\/\/abrelivros.org.br\/site\/mec-quer-alfabetizar-13-milhao-de-pessoas-em-2009\/\"]}]},{\"@type\":\"BreadcrumbList\",\"@id\":\"https:\/\/abrelivros.org.br\/site\/mec-quer-alfabetizar-13-milhao-de-pessoas-em-2009\/#breadcrumb\",\"itemListElement\":[{\"@type\":\"ListItem\",\"position\":1,\"item\":{\"@type\":\"WebPage\",\"@id\":\"https:\/\/abrelivros.org.br\/site\/\",\"url\":\"https:\/\/abrelivros.org.br\/site\/\",\"name\":\"In\\u00edcio\"}},{\"@type\":\"ListItem\",\"position\":2,\"item\":{\"@type\":\"WebPage\",\"@id\":\"https:\/\/abrelivros.org.br\/site\/category\/noticias\/\",\"url\":\"https:\/\/abrelivros.org.br\/site\/category\/noticias\/\",\"name\":\"Not\\u00edcias\"}},{\"@type\":\"ListItem\",\"position\":3,\"item\":{\"@type\":\"WebPage\",\"@id\":\"https:\/\/abrelivros.org.br\/site\/category\/noticias\/noticias-da-imprensa\/\",\"url\":\"https:\/\/abrelivros.org.br\/site\/category\/noticias\/noticias-da-imprensa\/\",\"name\":\"Not\\u00edcias da imprensa\"}},{\"@type\":\"ListItem\",\"position\":4,\"item\":{\"@type\":\"WebPage\",\"@id\":\"https:\/\/abrelivros.org.br\/site\/mec-quer-alfabetizar-13-milhao-de-pessoas-em-2009\/\",\"url\":\"https:\/\/abrelivros.org.br\/site\/mec-quer-alfabetizar-13-milhao-de-pessoas-em-2009\/\",\"name\":\"MEC quer alfabetizar 1,3 milh\\u00e3o de pessoas em 2009\"}}]},{\"@type\":\"Person\",\"@id\":\"https:\/\/abrelivros.org.br\/site\/#\/schema\/person\/2b867f13a717bb230f1a3555505f5593\",\"name\":\"\\u00a0\",\"image\":{\"@type\":\"ImageObject\",\"@id\":\"https:\/\/abrelivros.org.br\/site\/#personlogo\",\"inLanguage\":\"pt-BR\",\"url\":\"https:\/\/secure.gravatar.com\/avatar\/e80b7f5231be2fff5040a8023da424898002831c5439420df182ae62676d2a6f?s=96&d=mm&r=g\",\"caption\":\"\\u00a0\"}}]}<\/script>\n<!-- \/ Yoast SEO plugin. -->","_links":{"self":[{"href":"https:\/\/abrelivros.org.br\/site\/wp-json\/wp\/v2\/posts\/2253","targetHints":{"allow":["GET"]}}],"collection":[{"href":"https:\/\/abrelivros.org.br\/site\/wp-json\/wp\/v2\/posts"}],"about":[{"href":"https:\/\/abrelivros.org.br\/site\/wp-json\/wp\/v2\/types\/post"}],"author":[{"embeddable":true,"href":"https:\/\/abrelivros.org.br\/site\/wp-json\/wp\/v2\/users\/1"}],"replies":[{"embeddable":true,"href":"https:\/\/abrelivros.org.br\/site\/wp-json\/wp\/v2\/comments?post=2253"}],"version-history":[{"count":0,"href":"https:\/\/abrelivros.org.br\/site\/wp-json\/wp\/v2\/posts\/2253\/revisions"}],"wp:attachment":[{"href":"https:\/\/abrelivros.org.br\/site\/wp-json\/wp\/v2\/media?parent=2253"}],"wp:term":[{"taxonomy":"category","embeddable":true,"href":"https:\/\/abrelivros.org.br\/site\/wp-json\/wp\/v2\/categories?post=2253"},{"taxonomy":"post_tag","embeddable":true,"href":"https:\/\/abrelivros.org.br\/site\/wp-json\/wp\/v2\/tags?post=2253"}],"curies":[{"name":"wp","href":"https:\/\/api.w.org\/{rel}","templated":true}]}}