{"id":2251,"date":"2008-09-09T17:43:00","date_gmt":"2008-09-09T20:43:00","guid":{"rendered":"https:\/\/abrelivros.org.br\/site\/2008\/09\/09\/64-dos-que-chegam-a-4a-serie-nao-sabem-ler-textos-longos\/"},"modified":"2008-09-09T17:43:00","modified_gmt":"2008-09-09T20:43:00","slug":"64-dos-que-chegam-a-4a-serie-nao-sabem-ler-textos-longos","status":"publish","type":"post","link":"https:\/\/abrelivros.org.br\/site\/64-dos-que-chegam-a-4a-serie-nao-sabem-ler-textos-longos\/","title":{"rendered":"64% dos que chegam \u00e0 4\u00aa s\u00e9rie n\u00e3o sabem ler textos longos"},"content":{"rendered":"<p>Um estudo aponta que 64% dos jovens e adultos brasileiros que chegaram at\u00e9 a quarta s\u00e9rie n\u00e3o conseguem ler e entender textos longos. Outros 12% continuam completamente analfabetos, mesmo ap\u00f3s os quatro anos de estudo. Os n\u00fameros se baseiam em pesquisa do Instituto Brasileiro de Opini\u00e3o P\u00fablica e Estat\u00edstica (Ibope). \u00a0<br \/> \u00a0<br \/> Esta segunda-feira (8) marca o Dia Internacional da Alfabetiza\u00e7\u00e3o, institu\u00eddo pela Organiza\u00e7\u00e3o das Na\u00e7\u00f5es Unidas para a educa\u00e7\u00e3o, a ci\u00eancia e a cultura (Unesco). E no pa\u00eds h\u00e1 muito trabalho antes da comemora\u00e7\u00e3o. Entre os motivos para tamanha defasagem de aprendizado, est\u00e3o salas de aula lotadas, professores n\u00e3o especializados em alfabetiza\u00e7\u00e3o e falta de material que estimule e facilite o aprendizado. \u00a0<br \/> \u00a0<br \/> \u201cAs frases t\u00edpicas de cartilha, tais como o boi bebe e bab\u00e1 o dedo \u00e9 de didi. S\u00e3o frases constru\u00eddas artificialmente pra crian\u00e7a aprender a ler e escrever. Elas s\u00e3o chatas e n\u00e3o est\u00e3o a servi\u00e7o da comunica\u00e7\u00e3o\u201c, afirma a educadora Silvia Colello. \u00a0<br \/> \u00a0<br \/> Na sala de aula, uma pergunta estranha tem resposta perturbadora. \u201cPor que voc\u00ea acha que na escola \u00e9 mais dif\u00edcil aprender?\u201d \u201cPorque eles n\u00e3o ensinam\u201d, responde Rodrigo, de 8 anos. \u00a0<br \/> \u00a0<br \/><B> Hora de aprender \u00a0<br \/> \u00a0<br \/><\/B> Crian\u00e7as de at\u00e9 12 anos est\u00e3o aprendendo a ler e escrever o nome completo em uma ONG em S\u00e3o Paulo, que supre car\u00eancias dos que tiveram poucas oportunidades em casa e na escola p\u00fablica. \u00a0<br \/> \u00a0<br \/> \u201cQuanto mais textos completos, poemas da cultura popular, jogos, brincadeiras, a crian\u00e7a tem na mem\u00f3ria, mais f\u00e1cil ela se alfabetiza\u201d, diz o coordenador Claudemir Belintane. A escola particular vai al\u00e9m, crian\u00e7as ainda menores fazem o jogo da forca numa lousa digital&#8230; Nada de a\u00e9iou, d\u00e1d\u00e9did\u00f3d\u00fa. \u00a0<br \/> \u00a0<br \/> Para Belintane \u00e9 tarefa do governo e da sociedade fazer com que esse n\u00e3o seja um privil\u00e9gio de poucos. \u201c\u00c9 preciso uma pol\u00edtica e um programa que centre toda a aten\u00e7\u00e3o na leitura e na alfabetiza\u00e7\u00e3o neste pa\u00eds\u201d. \u00a0<br \/> \u00a0<\/p>\n","protected":false},"excerpt":{"rendered":"<p>Um estudo aponta que 64% dos jovens e adultos brasileiros que chegaram at\u00e9 a quarta s\u00e9rie n\u00e3o conseguem ler e entender textos longos. Outros 12% continuam completamente analfabetos, mesmo ap\u00f3s os quatro anos de estudo. Os n\u00fameros se baseiam em pesquisa do Instituto Brasileiro de Opini\u00e3o P\u00fablica e Estat\u00edstica (Ibope). \u00a0 \u00a0 Esta segunda-feira (8) [&hellip;]<\/p>\n","protected":false},"author":1,"featured_media":0,"comment_status":"closed","ping_status":"closed","sticky":false,"template":"","format":"standard","meta":{"footnotes":"","_links_to":"","_links_to_target":""},"categories":[9],"tags":[],"class_list":["post-2251","post","type-post","status-publish","format-standard","hentry","category-noticias-da-imprensa"],"yoast_head":"<!-- This site is optimized with the Yoast SEO plugin v15.1 - https:\/\/yoast.com\/wordpress\/plugins\/seo\/ -->\n<title>64% dos que chegam \u00e0 4\u00aa s\u00e9rie n\u00e3o sabem ler textos longos &raquo; Abrelivros<\/title>\n<meta name=\"robots\" content=\"index, follow, max-snippet:-1, max-image-preview:large, max-video-preview:-1\" \/>\n<link rel=\"canonical\" href=\"https:\/\/abrelivros.org.br\/site\/64-dos-que-chegam-a-4a-serie-nao-sabem-ler-textos-longos\/\" \/>\n<meta property=\"og:locale\" content=\"pt_BR\" \/>\n<meta property=\"og:type\" content=\"article\" \/>\n<meta property=\"og:title\" content=\"64% dos que chegam \u00e0 4\u00aa s\u00e9rie n\u00e3o sabem ler textos longos &raquo; Abrelivros\" \/>\n<meta property=\"og:description\" content=\"Um estudo aponta que 64% dos jovens e adultos brasileiros que chegaram at\u00e9 a quarta s\u00e9rie n\u00e3o conseguem ler e entender textos longos. Outros 12% continuam completamente analfabetos, mesmo ap\u00f3s os quatro anos de estudo. Os n\u00fameros se baseiam em pesquisa do Instituto Brasileiro de Opini\u00e3o P\u00fablica e Estat\u00edstica (Ibope). \u00a0 \u00a0 Esta segunda-feira (8) [&hellip;]\" \/>\n<meta property=\"og:url\" content=\"https:\/\/abrelivros.org.br\/site\/64-dos-que-chegam-a-4a-serie-nao-sabem-ler-textos-longos\/\" \/>\n<meta property=\"og:site_name\" content=\"Abrelivros\" \/>\n<meta property=\"article:published_time\" content=\"2008-09-09T20:43:00+00:00\" \/>\n<meta name=\"twitter:card\" content=\"summary_large_image\" \/>\n<script type=\"application\/ld+json\" class=\"yoast-schema-graph\">{\"@context\":\"https:\/\/schema.org\",\"@graph\":[{\"@type\":\"WebSite\",\"@id\":\"https:\/\/abrelivros.org.br\/site\/#website\",\"url\":\"https:\/\/abrelivros.org.br\/site\/\",\"name\":\"Abrelivros\",\"description\":\"\",\"potentialAction\":[{\"@type\":\"SearchAction\",\"target\":\"https:\/\/abrelivros.org.br\/site\/?s={search_term_string}\",\"query-input\":\"required name=search_term_string\"}],\"inLanguage\":\"pt-BR\"},{\"@type\":\"WebPage\",\"@id\":\"https:\/\/abrelivros.org.br\/site\/64-dos-que-chegam-a-4a-serie-nao-sabem-ler-textos-longos\/#webpage\",\"url\":\"https:\/\/abrelivros.org.br\/site\/64-dos-que-chegam-a-4a-serie-nao-sabem-ler-textos-longos\/\",\"name\":\"64% dos que chegam \\u00e0 4\\u00aa s\\u00e9rie n\\u00e3o sabem ler textos longos &raquo; Abrelivros\",\"isPartOf\":{\"@id\":\"https:\/\/abrelivros.org.br\/site\/#website\"},\"datePublished\":\"2008-09-09T20:43:00+00:00\",\"dateModified\":\"2008-09-09T20:43:00+00:00\",\"author\":{\"@id\":\"https:\/\/abrelivros.org.br\/site\/#\/schema\/person\/2b867f13a717bb230f1a3555505f5593\"},\"breadcrumb\":{\"@id\":\"https:\/\/abrelivros.org.br\/site\/64-dos-que-chegam-a-4a-serie-nao-sabem-ler-textos-longos\/#breadcrumb\"},\"inLanguage\":\"pt-BR\",\"potentialAction\":[{\"@type\":\"ReadAction\",\"target\":[\"https:\/\/abrelivros.org.br\/site\/64-dos-que-chegam-a-4a-serie-nao-sabem-ler-textos-longos\/\"]}]},{\"@type\":\"BreadcrumbList\",\"@id\":\"https:\/\/abrelivros.org.br\/site\/64-dos-que-chegam-a-4a-serie-nao-sabem-ler-textos-longos\/#breadcrumb\",\"itemListElement\":[{\"@type\":\"ListItem\",\"position\":1,\"item\":{\"@type\":\"WebPage\",\"@id\":\"https:\/\/abrelivros.org.br\/site\/\",\"url\":\"https:\/\/abrelivros.org.br\/site\/\",\"name\":\"In\\u00edcio\"}},{\"@type\":\"ListItem\",\"position\":2,\"item\":{\"@type\":\"WebPage\",\"@id\":\"https:\/\/abrelivros.org.br\/site\/category\/noticias\/\",\"url\":\"https:\/\/abrelivros.org.br\/site\/category\/noticias\/\",\"name\":\"Not\\u00edcias\"}},{\"@type\":\"ListItem\",\"position\":3,\"item\":{\"@type\":\"WebPage\",\"@id\":\"https:\/\/abrelivros.org.br\/site\/category\/noticias\/noticias-da-imprensa\/\",\"url\":\"https:\/\/abrelivros.org.br\/site\/category\/noticias\/noticias-da-imprensa\/\",\"name\":\"Not\\u00edcias da imprensa\"}},{\"@type\":\"ListItem\",\"position\":4,\"item\":{\"@type\":\"WebPage\",\"@id\":\"https:\/\/abrelivros.org.br\/site\/64-dos-que-chegam-a-4a-serie-nao-sabem-ler-textos-longos\/\",\"url\":\"https:\/\/abrelivros.org.br\/site\/64-dos-que-chegam-a-4a-serie-nao-sabem-ler-textos-longos\/\",\"name\":\"64% dos que chegam \\u00e0 4\\u00aa s\\u00e9rie n\\u00e3o sabem ler textos longos\"}}]},{\"@type\":\"Person\",\"@id\":\"https:\/\/abrelivros.org.br\/site\/#\/schema\/person\/2b867f13a717bb230f1a3555505f5593\",\"name\":\"\\u00a0\",\"image\":{\"@type\":\"ImageObject\",\"@id\":\"https:\/\/abrelivros.org.br\/site\/#personlogo\",\"inLanguage\":\"pt-BR\",\"url\":\"https:\/\/secure.gravatar.com\/avatar\/e80b7f5231be2fff5040a8023da424898002831c5439420df182ae62676d2a6f?s=96&d=mm&r=g\",\"caption\":\"\\u00a0\"}}]}<\/script>\n<!-- \/ Yoast SEO plugin. -->","_links":{"self":[{"href":"https:\/\/abrelivros.org.br\/site\/wp-json\/wp\/v2\/posts\/2251","targetHints":{"allow":["GET"]}}],"collection":[{"href":"https:\/\/abrelivros.org.br\/site\/wp-json\/wp\/v2\/posts"}],"about":[{"href":"https:\/\/abrelivros.org.br\/site\/wp-json\/wp\/v2\/types\/post"}],"author":[{"embeddable":true,"href":"https:\/\/abrelivros.org.br\/site\/wp-json\/wp\/v2\/users\/1"}],"replies":[{"embeddable":true,"href":"https:\/\/abrelivros.org.br\/site\/wp-json\/wp\/v2\/comments?post=2251"}],"version-history":[{"count":0,"href":"https:\/\/abrelivros.org.br\/site\/wp-json\/wp\/v2\/posts\/2251\/revisions"}],"wp:attachment":[{"href":"https:\/\/abrelivros.org.br\/site\/wp-json\/wp\/v2\/media?parent=2251"}],"wp:term":[{"taxonomy":"category","embeddable":true,"href":"https:\/\/abrelivros.org.br\/site\/wp-json\/wp\/v2\/categories?post=2251"},{"taxonomy":"post_tag","embeddable":true,"href":"https:\/\/abrelivros.org.br\/site\/wp-json\/wp\/v2\/tags?post=2251"}],"curies":[{"name":"wp","href":"https:\/\/api.w.org\/{rel}","templated":true}]}}