{"id":2249,"date":"2008-09-10T14:59:00","date_gmt":"2008-09-10T17:59:00","guid":{"rendered":"https:\/\/abrelivros.org.br\/site\/2008\/09\/10\/brasil-fica-em-ultimo-em-tabela-sobre-investimento-por-aluno\/"},"modified":"2008-09-10T14:59:00","modified_gmt":"2008-09-10T17:59:00","slug":"brasil-fica-em-ultimo-em-tabela-sobre-investimento-por-aluno","status":"publish","type":"post","link":"https:\/\/abrelivros.org.br\/site\/brasil-fica-em-ultimo-em-tabela-sobre-investimento-por-aluno\/","title":{"rendered":"Brasil fica em \u00faltimo em tabela sobre investimento por aluno"},"content":{"rendered":"<p>O Brasil ficou em \u00faltimo lugar em uma tabela sobre investimentos por aluno em 33 pa\u00edses, elaborada pela Organiza\u00e7\u00e3o para a Coopera\u00e7\u00e3o e Desenvolvimento Econ\u00f4mico.&nbsp;<br \/> &nbsp;<br \/> Com um investimento de pouco mais de 1.000 euros (R$ 2.439) anuais por aluno, o Brasil ficou atr\u00e1s de pa\u00edses como Est\u00f4nia, Pol\u00f4nia, Eslov\u00e1quia, Chile, M\u00e9xico e R\u00fassia, que gastam anualmente entre 2.700 e 1.400 euros (entre R$ 6.586 e R$ 3.415) com cada estudante.&nbsp;<br \/> &nbsp;<br \/> Portugal investe em m\u00e9dia cerca de 4.200 euros (R$ 10.246) por estudante, o que coloca o pa\u00eds na 22\u00aa posi\u00e7\u00e3o.&nbsp;<br \/> &nbsp;<br \/> Com dados referentes a 2005, os Estados Unidos lideram o grupo com cerca de 9.000 euros (R$ 21.956), seguidos da Su\u00ed\u00e7a, Noruega, \u00c1ustria, Dinamarca e Su\u00e9cia, com valores que variam entre 8.500 e 6.450 euros (entre R$ 20.736 e R$ 15.735).&nbsp;<br \/> &nbsp;<br \/> No quesito tempo em sala de aula por cada aluno entre sete e 14 anos, o Chile lidera com quase 9.000 horas (o equivalente a permanecer 366 dias ininterruptos na sala), enquanto a Est\u00f4nia estabelece o menor tempo letivo, com apenas 233 dias.&nbsp;<br \/> &nbsp;<br \/> Depois dos chilenos, os alunos que mais tempo passam nas aulas s\u00e3o os italianos, holandeses, australianos, neozelandeses, franceses e mexicanos, com perman\u00eancias que variam entre os 350 e os 312 dias.&nbsp;<br \/> &nbsp;<br \/> Com menos tempo dedicado \u00e0 escola, depois da Est\u00f4nia aparece a Finl\u00e2ndia, Eslov\u00eania, Noruega, Su\u00e9cia, Cor\u00e9ia do Sul e Alemanha, com cargas hor\u00e1rias que totalizam entre 237 e 258 dias ininterruptos nos sete anos de escolaridade contabilizados. &nbsp;<\/p>\n","protected":false},"excerpt":{"rendered":"<p>O Brasil ficou em \u00faltimo lugar em uma tabela sobre investimentos por aluno em 33 pa\u00edses, elaborada pela Organiza\u00e7\u00e3o para a Coopera\u00e7\u00e3o e Desenvolvimento Econ\u00f4mico.&nbsp; &nbsp; Com um investimento de pouco mais de 1.000 euros (R$ 2.439) anuais por aluno, o Brasil ficou atr\u00e1s de pa\u00edses como Est\u00f4nia, Pol\u00f4nia, Eslov\u00e1quia, Chile, M\u00e9xico e R\u00fassia, que [&hellip;]<\/p>\n","protected":false},"author":1,"featured_media":0,"comment_status":"closed","ping_status":"closed","sticky":false,"template":"","format":"standard","meta":{"footnotes":"","_links_to":"","_links_to_target":""},"categories":[9],"tags":[],"class_list":["post-2249","post","type-post","status-publish","format-standard","hentry","category-noticias-da-imprensa"],"yoast_head":"<!-- This site is optimized with the Yoast SEO plugin v15.1 - https:\/\/yoast.com\/wordpress\/plugins\/seo\/ -->\n<title>Brasil fica em \u00faltimo em tabela sobre investimento por aluno &raquo; Abrelivros<\/title>\n<meta name=\"robots\" content=\"index, follow, max-snippet:-1, max-image-preview:large, max-video-preview:-1\" \/>\n<link rel=\"canonical\" href=\"https:\/\/abrelivros.org.br\/site\/brasil-fica-em-ultimo-em-tabela-sobre-investimento-por-aluno\/\" \/>\n<meta property=\"og:locale\" content=\"pt_BR\" \/>\n<meta property=\"og:type\" content=\"article\" \/>\n<meta property=\"og:title\" content=\"Brasil fica em \u00faltimo em tabela sobre investimento por aluno &raquo; Abrelivros\" \/>\n<meta property=\"og:description\" content=\"O Brasil ficou em \u00faltimo lugar em uma tabela sobre investimentos por aluno em 33 pa\u00edses, elaborada pela Organiza\u00e7\u00e3o para a Coopera\u00e7\u00e3o e Desenvolvimento Econ\u00f4mico.&nbsp; &nbsp; Com um investimento de pouco mais de 1.000 euros (R$ 2.439) anuais por aluno, o Brasil ficou atr\u00e1s de pa\u00edses como Est\u00f4nia, Pol\u00f4nia, Eslov\u00e1quia, Chile, M\u00e9xico e R\u00fassia, que [&hellip;]\" \/>\n<meta property=\"og:url\" content=\"https:\/\/abrelivros.org.br\/site\/brasil-fica-em-ultimo-em-tabela-sobre-investimento-por-aluno\/\" \/>\n<meta property=\"og:site_name\" content=\"Abrelivros\" \/>\n<meta property=\"article:published_time\" content=\"2008-09-10T17:59:00+00:00\" \/>\n<meta name=\"twitter:card\" content=\"summary_large_image\" \/>\n<script type=\"application\/ld+json\" class=\"yoast-schema-graph\">{\"@context\":\"https:\/\/schema.org\",\"@graph\":[{\"@type\":\"WebSite\",\"@id\":\"https:\/\/abrelivros.org.br\/site\/#website\",\"url\":\"https:\/\/abrelivros.org.br\/site\/\",\"name\":\"Abrelivros\",\"description\":\"\",\"potentialAction\":[{\"@type\":\"SearchAction\",\"target\":\"https:\/\/abrelivros.org.br\/site\/?s={search_term_string}\",\"query-input\":\"required name=search_term_string\"}],\"inLanguage\":\"pt-BR\"},{\"@type\":\"WebPage\",\"@id\":\"https:\/\/abrelivros.org.br\/site\/brasil-fica-em-ultimo-em-tabela-sobre-investimento-por-aluno\/#webpage\",\"url\":\"https:\/\/abrelivros.org.br\/site\/brasil-fica-em-ultimo-em-tabela-sobre-investimento-por-aluno\/\",\"name\":\"Brasil fica em \\u00faltimo em tabela sobre investimento por aluno &raquo; Abrelivros\",\"isPartOf\":{\"@id\":\"https:\/\/abrelivros.org.br\/site\/#website\"},\"datePublished\":\"2008-09-10T17:59:00+00:00\",\"dateModified\":\"2008-09-10T17:59:00+00:00\",\"author\":{\"@id\":\"https:\/\/abrelivros.org.br\/site\/#\/schema\/person\/2b867f13a717bb230f1a3555505f5593\"},\"breadcrumb\":{\"@id\":\"https:\/\/abrelivros.org.br\/site\/brasil-fica-em-ultimo-em-tabela-sobre-investimento-por-aluno\/#breadcrumb\"},\"inLanguage\":\"pt-BR\",\"potentialAction\":[{\"@type\":\"ReadAction\",\"target\":[\"https:\/\/abrelivros.org.br\/site\/brasil-fica-em-ultimo-em-tabela-sobre-investimento-por-aluno\/\"]}]},{\"@type\":\"BreadcrumbList\",\"@id\":\"https:\/\/abrelivros.org.br\/site\/brasil-fica-em-ultimo-em-tabela-sobre-investimento-por-aluno\/#breadcrumb\",\"itemListElement\":[{\"@type\":\"ListItem\",\"position\":1,\"item\":{\"@type\":\"WebPage\",\"@id\":\"https:\/\/abrelivros.org.br\/site\/\",\"url\":\"https:\/\/abrelivros.org.br\/site\/\",\"name\":\"In\\u00edcio\"}},{\"@type\":\"ListItem\",\"position\":2,\"item\":{\"@type\":\"WebPage\",\"@id\":\"https:\/\/abrelivros.org.br\/site\/category\/noticias\/\",\"url\":\"https:\/\/abrelivros.org.br\/site\/category\/noticias\/\",\"name\":\"Not\\u00edcias\"}},{\"@type\":\"ListItem\",\"position\":3,\"item\":{\"@type\":\"WebPage\",\"@id\":\"https:\/\/abrelivros.org.br\/site\/category\/noticias\/noticias-da-imprensa\/\",\"url\":\"https:\/\/abrelivros.org.br\/site\/category\/noticias\/noticias-da-imprensa\/\",\"name\":\"Not\\u00edcias da imprensa\"}},{\"@type\":\"ListItem\",\"position\":4,\"item\":{\"@type\":\"WebPage\",\"@id\":\"https:\/\/abrelivros.org.br\/site\/brasil-fica-em-ultimo-em-tabela-sobre-investimento-por-aluno\/\",\"url\":\"https:\/\/abrelivros.org.br\/site\/brasil-fica-em-ultimo-em-tabela-sobre-investimento-por-aluno\/\",\"name\":\"Brasil fica em \\u00faltimo em tabela sobre investimento por aluno\"}}]},{\"@type\":\"Person\",\"@id\":\"https:\/\/abrelivros.org.br\/site\/#\/schema\/person\/2b867f13a717bb230f1a3555505f5593\",\"name\":\"\\u00a0\",\"image\":{\"@type\":\"ImageObject\",\"@id\":\"https:\/\/abrelivros.org.br\/site\/#personlogo\",\"inLanguage\":\"pt-BR\",\"url\":\"https:\/\/secure.gravatar.com\/avatar\/e80b7f5231be2fff5040a8023da424898002831c5439420df182ae62676d2a6f?s=96&d=mm&r=g\",\"caption\":\"\\u00a0\"}}]}<\/script>\n<!-- \/ Yoast SEO plugin. -->","_links":{"self":[{"href":"https:\/\/abrelivros.org.br\/site\/wp-json\/wp\/v2\/posts\/2249","targetHints":{"allow":["GET"]}}],"collection":[{"href":"https:\/\/abrelivros.org.br\/site\/wp-json\/wp\/v2\/posts"}],"about":[{"href":"https:\/\/abrelivros.org.br\/site\/wp-json\/wp\/v2\/types\/post"}],"author":[{"embeddable":true,"href":"https:\/\/abrelivros.org.br\/site\/wp-json\/wp\/v2\/users\/1"}],"replies":[{"embeddable":true,"href":"https:\/\/abrelivros.org.br\/site\/wp-json\/wp\/v2\/comments?post=2249"}],"version-history":[{"count":0,"href":"https:\/\/abrelivros.org.br\/site\/wp-json\/wp\/v2\/posts\/2249\/revisions"}],"wp:attachment":[{"href":"https:\/\/abrelivros.org.br\/site\/wp-json\/wp\/v2\/media?parent=2249"}],"wp:term":[{"taxonomy":"category","embeddable":true,"href":"https:\/\/abrelivros.org.br\/site\/wp-json\/wp\/v2\/categories?post=2249"},{"taxonomy":"post_tag","embeddable":true,"href":"https:\/\/abrelivros.org.br\/site\/wp-json\/wp\/v2\/tags?post=2249"}],"curies":[{"name":"wp","href":"https:\/\/api.w.org\/{rel}","templated":true}]}}