{"id":2248,"date":"2008-09-11T09:58:00","date_gmt":"2008-09-11T12:58:00","guid":{"rendered":"https:\/\/abrelivros.org.br\/site\/2008\/09\/11\/formacao-de-professores-na-pauta-do-mec\/"},"modified":"2008-09-11T09:58:00","modified_gmt":"2008-09-11T12:58:00","slug":"formacao-de-professores-na-pauta-do-mec","status":"publish","type":"post","link":"https:\/\/abrelivros.org.br\/site\/formacao-de-professores-na-pauta-do-mec\/","title":{"rendered":"Forma\u00e7\u00e3o de professores na pauta do MEC"},"content":{"rendered":"<p>O ministro da Educa\u00e7\u00e3o, Fernando Haddad, disse na ter\u00e7a-feira, dia 9, em Bras\u00edlia, aos membros do Conselho Nacional de Educa\u00e7\u00e3o (CNE), que a tarefa mais importante do MEC neste momento \u00e9 a constru\u00e7\u00e3o do Sistema Nacional de Forma\u00e7\u00e3o dos Profissionais da Educa\u00e7\u00e3o B\u00e1sica. A previs\u00e3o \u00e9 que o sistema seja lan\u00e7ado no m\u00eas de outubro.\u00a0<br \/> \u00a0<br \/> Hoje, explicou, \u201ctemos o plano de v\u00f4o\u201d, mas o desafio \u00e9 como esse plano vai se desenvolver. Ser\u00e1 preciso definir metas de forma\u00e7\u00e3o, compromissos com a qualidade, parcerias com amplos setores, entre eles, as universidades p\u00fablicas, as secretarias estaduais e municipais de educa\u00e7\u00e3o, os empres\u00e1rios, as entidades sindicais. Na avalia\u00e7\u00e3o de Haddad, para que o sistema funcione, uma das condi\u00e7\u00f5es essenciais \u00e9 que o secret\u00e1rio de educa\u00e7\u00e3o de cada estado e do Distrito Federal assuma a coordena\u00e7\u00e3o, \u201cseja o ministro\u201d na sua localidade.\u00a0<br \/> \u00a0<br \/> Para dinamizar o sistema nas 27 unidades da Federa\u00e7\u00e3o, o MEC estuda a cria\u00e7\u00e3o de um f\u00f3rum permanente por estado, sob a chefia do secret\u00e1rio estadual de educa\u00e7\u00e3o. A expectativa \u00e9 que o sistema promova a forma\u00e7\u00e3o inicial e continuada de 100 mil profissionais por ano. Para que isso aconte\u00e7a, ser\u00e1 preciso contar com a ades\u00e3o e a parceria das universidades p\u00fablicas,  Universidade Aberta do Brasil (UAB) e institutos federais de educa\u00e7\u00e3o tecnol\u00f3gica (Ifets). Para o ministro, o sistema j\u00e1 nasce com uma base forte de apoio: cerca de 100 universidades p\u00fablicas federais, estaduais e municipais, de 20 a 30 institui\u00e7\u00f5es comunit\u00e1rias e 800 p\u00f3los da UAB espalhados pelo pa\u00eds.\u00a0<br \/> \u00a0<br \/> Segundo Haddad, o Sistema Nacional de Forma\u00e7\u00e3o dos Profissionais da Educa\u00e7\u00e3o B\u00e1sica constitui a terceira etapa de um conjunto de organismos de promo\u00e7\u00e3o da melhoria da qualidade da educa\u00e7\u00e3o: o sistema nacional de avalia\u00e7\u00e3o, que \u00e9 coordenado pelo Inep; o regime de financiamento, sob responsabilidade do FNDE; e o sistema de forma\u00e7\u00e3o de professores, que ter\u00e1 a coordena\u00e7\u00e3o da Capes.\u00a0<br \/> \u00a0<br \/> No encontro com os conselheiros, Haddad tamb\u00e9m tratou da educa\u00e7\u00e3o superior, b\u00e1sica e tecnol\u00f3gica, falou da convoca\u00e7\u00e3o da Confer\u00eancia Nacional de Educa\u00e7\u00e3o (Conae) que ser\u00e1 realizada em 2010, da possibilidade de atingir 5% do Produto Interno Bruto (PIB) do pa\u00eds para a educa\u00e7\u00e3o ao final de 2010 e da sua preocupa\u00e7\u00e3o em qualificar os gestores da educa\u00e7\u00e3o para aplicar esses recursos. \u00a0<br \/> \u00a0<br \/> \u00a0<\/p>\n","protected":false},"excerpt":{"rendered":"<p>O ministro da Educa\u00e7\u00e3o, Fernando Haddad, disse na ter\u00e7a-feira, dia 9, em Bras\u00edlia, aos membros do Conselho Nacional de Educa\u00e7\u00e3o (CNE), que a tarefa mais importante do MEC neste momento \u00e9 a constru\u00e7\u00e3o do Sistema Nacional de Forma\u00e7\u00e3o dos Profissionais da Educa\u00e7\u00e3o B\u00e1sica. A previs\u00e3o \u00e9 que o sistema seja lan\u00e7ado no m\u00eas de outubro.\u00a0 [&hellip;]<\/p>\n","protected":false},"author":1,"featured_media":0,"comment_status":"closed","ping_status":"closed","sticky":false,"template":"","format":"standard","meta":{"footnotes":"","_links_to":"","_links_to_target":""},"categories":[9],"tags":[],"class_list":["post-2248","post","type-post","status-publish","format-standard","hentry","category-noticias-da-imprensa"],"yoast_head":"<!-- This site is optimized with the Yoast SEO plugin v15.1 - https:\/\/yoast.com\/wordpress\/plugins\/seo\/ -->\n<title>Forma\u00e7\u00e3o de professores na pauta do MEC &raquo; Abrelivros<\/title>\n<meta name=\"robots\" content=\"index, follow, max-snippet:-1, max-image-preview:large, max-video-preview:-1\" \/>\n<link rel=\"canonical\" href=\"https:\/\/abrelivros.org.br\/site\/formacao-de-professores-na-pauta-do-mec\/\" \/>\n<meta property=\"og:locale\" content=\"pt_BR\" \/>\n<meta property=\"og:type\" content=\"article\" \/>\n<meta property=\"og:title\" content=\"Forma\u00e7\u00e3o de professores na pauta do MEC &raquo; Abrelivros\" \/>\n<meta property=\"og:description\" content=\"O ministro da Educa\u00e7\u00e3o, Fernando Haddad, disse na ter\u00e7a-feira, dia 9, em Bras\u00edlia, aos membros do Conselho Nacional de Educa\u00e7\u00e3o (CNE), que a tarefa mais importante do MEC neste momento \u00e9 a constru\u00e7\u00e3o do Sistema Nacional de Forma\u00e7\u00e3o dos Profissionais da Educa\u00e7\u00e3o B\u00e1sica. A previs\u00e3o \u00e9 que o sistema seja lan\u00e7ado no m\u00eas de outubro.\u00a0 [&hellip;]\" \/>\n<meta property=\"og:url\" content=\"https:\/\/abrelivros.org.br\/site\/formacao-de-professores-na-pauta-do-mec\/\" \/>\n<meta property=\"og:site_name\" content=\"Abrelivros\" \/>\n<meta property=\"article:published_time\" content=\"2008-09-11T12:58:00+00:00\" \/>\n<meta name=\"twitter:card\" content=\"summary_large_image\" \/>\n<script type=\"application\/ld+json\" class=\"yoast-schema-graph\">{\"@context\":\"https:\/\/schema.org\",\"@graph\":[{\"@type\":\"WebSite\",\"@id\":\"https:\/\/abrelivros.org.br\/site\/#website\",\"url\":\"https:\/\/abrelivros.org.br\/site\/\",\"name\":\"Abrelivros\",\"description\":\"\",\"potentialAction\":[{\"@type\":\"SearchAction\",\"target\":\"https:\/\/abrelivros.org.br\/site\/?s={search_term_string}\",\"query-input\":\"required name=search_term_string\"}],\"inLanguage\":\"pt-BR\"},{\"@type\":\"WebPage\",\"@id\":\"https:\/\/abrelivros.org.br\/site\/formacao-de-professores-na-pauta-do-mec\/#webpage\",\"url\":\"https:\/\/abrelivros.org.br\/site\/formacao-de-professores-na-pauta-do-mec\/\",\"name\":\"Forma\\u00e7\\u00e3o de professores na pauta do MEC &raquo; Abrelivros\",\"isPartOf\":{\"@id\":\"https:\/\/abrelivros.org.br\/site\/#website\"},\"datePublished\":\"2008-09-11T12:58:00+00:00\",\"dateModified\":\"2008-09-11T12:58:00+00:00\",\"author\":{\"@id\":\"https:\/\/abrelivros.org.br\/site\/#\/schema\/person\/2b867f13a717bb230f1a3555505f5593\"},\"breadcrumb\":{\"@id\":\"https:\/\/abrelivros.org.br\/site\/formacao-de-professores-na-pauta-do-mec\/#breadcrumb\"},\"inLanguage\":\"pt-BR\",\"potentialAction\":[{\"@type\":\"ReadAction\",\"target\":[\"https:\/\/abrelivros.org.br\/site\/formacao-de-professores-na-pauta-do-mec\/\"]}]},{\"@type\":\"BreadcrumbList\",\"@id\":\"https:\/\/abrelivros.org.br\/site\/formacao-de-professores-na-pauta-do-mec\/#breadcrumb\",\"itemListElement\":[{\"@type\":\"ListItem\",\"position\":1,\"item\":{\"@type\":\"WebPage\",\"@id\":\"https:\/\/abrelivros.org.br\/site\/\",\"url\":\"https:\/\/abrelivros.org.br\/site\/\",\"name\":\"In\\u00edcio\"}},{\"@type\":\"ListItem\",\"position\":2,\"item\":{\"@type\":\"WebPage\",\"@id\":\"https:\/\/abrelivros.org.br\/site\/category\/noticias\/\",\"url\":\"https:\/\/abrelivros.org.br\/site\/category\/noticias\/\",\"name\":\"Not\\u00edcias\"}},{\"@type\":\"ListItem\",\"position\":3,\"item\":{\"@type\":\"WebPage\",\"@id\":\"https:\/\/abrelivros.org.br\/site\/category\/noticias\/noticias-da-imprensa\/\",\"url\":\"https:\/\/abrelivros.org.br\/site\/category\/noticias\/noticias-da-imprensa\/\",\"name\":\"Not\\u00edcias da imprensa\"}},{\"@type\":\"ListItem\",\"position\":4,\"item\":{\"@type\":\"WebPage\",\"@id\":\"https:\/\/abrelivros.org.br\/site\/formacao-de-professores-na-pauta-do-mec\/\",\"url\":\"https:\/\/abrelivros.org.br\/site\/formacao-de-professores-na-pauta-do-mec\/\",\"name\":\"Forma\\u00e7\\u00e3o de professores na pauta do MEC\"}}]},{\"@type\":\"Person\",\"@id\":\"https:\/\/abrelivros.org.br\/site\/#\/schema\/person\/2b867f13a717bb230f1a3555505f5593\",\"name\":\"\\u00a0\",\"image\":{\"@type\":\"ImageObject\",\"@id\":\"https:\/\/abrelivros.org.br\/site\/#personlogo\",\"inLanguage\":\"pt-BR\",\"url\":\"https:\/\/secure.gravatar.com\/avatar\/e80b7f5231be2fff5040a8023da424898002831c5439420df182ae62676d2a6f?s=96&d=mm&r=g\",\"caption\":\"\\u00a0\"}}]}<\/script>\n<!-- \/ Yoast SEO plugin. -->","_links":{"self":[{"href":"https:\/\/abrelivros.org.br\/site\/wp-json\/wp\/v2\/posts\/2248","targetHints":{"allow":["GET"]}}],"collection":[{"href":"https:\/\/abrelivros.org.br\/site\/wp-json\/wp\/v2\/posts"}],"about":[{"href":"https:\/\/abrelivros.org.br\/site\/wp-json\/wp\/v2\/types\/post"}],"author":[{"embeddable":true,"href":"https:\/\/abrelivros.org.br\/site\/wp-json\/wp\/v2\/users\/1"}],"replies":[{"embeddable":true,"href":"https:\/\/abrelivros.org.br\/site\/wp-json\/wp\/v2\/comments?post=2248"}],"version-history":[{"count":0,"href":"https:\/\/abrelivros.org.br\/site\/wp-json\/wp\/v2\/posts\/2248\/revisions"}],"wp:attachment":[{"href":"https:\/\/abrelivros.org.br\/site\/wp-json\/wp\/v2\/media?parent=2248"}],"wp:term":[{"taxonomy":"category","embeddable":true,"href":"https:\/\/abrelivros.org.br\/site\/wp-json\/wp\/v2\/categories?post=2248"},{"taxonomy":"post_tag","embeddable":true,"href":"https:\/\/abrelivros.org.br\/site\/wp-json\/wp\/v2\/tags?post=2248"}],"curies":[{"name":"wp","href":"https:\/\/api.w.org\/{rel}","templated":true}]}}