{"id":22470,"date":"2026-09-04T17:00:11","date_gmt":"2026-09-04T20:00:11","guid":{"rendered":"https:\/\/abrelivros.org.br\/site\/?p=22470"},"modified":"2026-09-02T16:48:04","modified_gmt":"2026-09-02T19:48:04","slug":"anuario-abrelivros-2026","status":"publish","type":"post","link":"https:\/\/abrelivros.org.br\/site\/anuario-abrelivros-2026\/","title":{"rendered":"Anu\u00e1rio Abrelivros 2026"},"content":{"rendered":"<p>&nbsp;<\/p>\n<p><img fetchpriority=\"high\" decoding=\"async\" class=\"wp-image-22471 alignleft\" src=\"https:\/\/abrelivros.org.br\/site\/wp-content\/uploads\/2026\/09\/CapaAnuario_page-0001-scaled.jpg\" alt=\"\" width=\"283\" height=\"357\" srcset=\"https:\/\/abrelivros.org.br\/site\/wp-content\/uploads\/2026\/09\/CapaAnuario_page-0001-scaled.jpg 2027w, https:\/\/abrelivros.org.br\/site\/wp-content\/uploads\/2026\/09\/CapaAnuario_page-0001-238x300.jpg 238w, https:\/\/abrelivros.org.br\/site\/wp-content\/uploads\/2026\/09\/CapaAnuario_page-0001-811x1024.jpg 811w, https:\/\/abrelivros.org.br\/site\/wp-content\/uploads\/2026\/09\/CapaAnuario_page-0001-768x970.jpg 768w, https:\/\/abrelivros.org.br\/site\/wp-content\/uploads\/2026\/09\/CapaAnuario_page-0001-1216x1536.jpg 1216w, https:\/\/abrelivros.org.br\/site\/wp-content\/uploads\/2026\/09\/CapaAnuario_page-0001-1622x2048.jpg 1622w\" sizes=\"(max-width: 283px) 100vw, 283px\" \/><\/p>\n<p style=\"text-align: left;\">Em sua 5\u00aa edi\u00e7\u00e3o, o Anu\u00e1rio Abrelivros 2026 aborda temas fundamentais para a educa\u00e7\u00e3o brasileira, como forma\u00e7\u00e3o, carreira e valoriza\u00e7\u00e3o docente, al\u00e9m de destacar o papel dos materiais educacionais na atua\u00e7\u00e3o dos professores e reunir indicadores e dados do PNLD, trazendo conte\u00fados com diferentes perspectivas e evidenciando a import\u00e2ncia dos materiais educacionais para o fortalecimento da atua\u00e7\u00e3o docente.<\/p>\n<p>O Brasil vive o grande desafio de formar bons professores, oferecer carreiras bem estruturadas e reconhecer de fato o trabalho de profissionais essenciais para qualquer projeto de educa\u00e7\u00e3o de qualidade. Para discutir o tema, \u00e9 preciso um olhar multidimensional, que envolva formuladores de pol\u00edticas p\u00fablicas, gestores municipais, estaduais e federais, e principalmente os professores.<\/p>\n<p>&nbsp;<\/p>\n<p>Como nas edi\u00e7\u00f5es anteriores, o Anu\u00e1rio apresenta uma se\u00e7\u00e3o dedicada aos dados do Programa Nacional do Livro e do Material Did\u00e1tico (PNLD), contextualizados pelos principais indicadores educacionais da rede p\u00fablica brasileira.<\/p>\n<p><strong>Boa Leitura!<\/strong><\/p>\n<p>&nbsp;<\/p>\n<p><a href=\"https:\/\/abrelivros.org.br\/site\/wp-content\/uploads\/2026\/09\/smallAnuario-Abrelivros-2026-19-08-26-v2.pdf\">Anu\u00e1rio Abrelivros 2026<\/a> (link para download em PDF)<\/p>\n","protected":false},"excerpt":{"rendered":"<p>&nbsp; Em sua 5\u00aa edi\u00e7\u00e3o, o Anu\u00e1rio Abrelivros 2026 aborda temas fundamentais para a educa\u00e7\u00e3o brasileira, como forma\u00e7\u00e3o, carreira e valoriza\u00e7\u00e3o docente, al\u00e9m de destacar o papel dos materiais educacionais na atua\u00e7\u00e3o dos professores e reunir indicadores e dados do PNLD, trazendo conte\u00fados com diferentes perspectivas e evidenciando a import\u00e2ncia dos materiais educacionais para o [&hellip;]<\/p>\n","protected":false},"author":4,"featured_media":0,"comment_status":"closed","ping_status":"closed","sticky":false,"template":"","format":"standard","meta":{"footnotes":"","_links_to":"","_links_to_target":""},"categories":[1],"tags":[],"class_list":["post-22470","post","type-post","status-publish","format-standard","hentry","category-uncategorised"],"yoast_head":"<!-- This site is optimized with the Yoast SEO plugin v15.1 - https:\/\/yoast.com\/wordpress\/plugins\/seo\/ -->\n<title>Anu\u00e1rio Abrelivros 2026 &raquo; Abrelivros<\/title>\n<meta name=\"robots\" content=\"index, follow, max-snippet:-1, max-image-preview:large, max-video-preview:-1\" \/>\n<link rel=\"canonical\" href=\"https:\/\/abrelivros.org.br\/site\/anuario-abrelivros-2026\/\" \/>\n<meta property=\"og:locale\" content=\"pt_BR\" \/>\n<meta property=\"og:type\" content=\"article\" \/>\n<meta property=\"og:title\" content=\"Anu\u00e1rio Abrelivros 2026 &raquo; Abrelivros\" \/>\n<meta property=\"og:description\" content=\"&nbsp; Em sua 5\u00aa edi\u00e7\u00e3o, o Anu\u00e1rio Abrelivros 2026 aborda temas fundamentais para a educa\u00e7\u00e3o brasileira, como forma\u00e7\u00e3o, carreira e valoriza\u00e7\u00e3o docente, al\u00e9m de destacar o papel dos materiais educacionais na atua\u00e7\u00e3o dos professores e reunir indicadores e dados do PNLD, trazendo conte\u00fados com diferentes perspectivas e evidenciando a import\u00e2ncia dos materiais educacionais para o [&hellip;]\" \/>\n<meta property=\"og:url\" content=\"https:\/\/abrelivros.org.br\/site\/anuario-abrelivros-2026\/\" \/>\n<meta property=\"og:site_name\" content=\"Abrelivros\" \/>\n<meta property=\"article:published_time\" content=\"2026-09-04T20:00:11+00:00\" \/>\n<meta property=\"article:modified_time\" content=\"2026-09-02T19:48:04+00:00\" \/>\n<meta property=\"og:image\" content=\"https:\/\/abrelivros.org.br\/site\/wp-content\/uploads\/2026\/09\/CapaAnuario_page-0001-scaled.jpg\" \/>\n<meta name=\"twitter:card\" content=\"summary_large_image\" \/>\n<script type=\"application\/ld+json\" class=\"yoast-schema-graph\">{\"@context\":\"https:\/\/schema.org\",\"@graph\":[{\"@type\":\"WebSite\",\"@id\":\"https:\/\/abrelivros.org.br\/site\/#website\",\"url\":\"https:\/\/abrelivros.org.br\/site\/\",\"name\":\"Abrelivros\",\"description\":\"\",\"potentialAction\":[{\"@type\":\"SearchAction\",\"target\":\"https:\/\/abrelivros.org.br\/site\/?s={search_term_string}\",\"query-input\":\"required name=search_term_string\"}],\"inLanguage\":\"pt-BR\"},{\"@type\":\"ImageObject\",\"@id\":\"https:\/\/abrelivros.org.br\/site\/anuario-abrelivros-2026\/#primaryimage\",\"inLanguage\":\"pt-BR\",\"url\":\"https:\/\/abrelivros.org.br\/site\/wp-content\/uploads\/2026\/09\/CapaAnuario_page-0001-scaled.jpg\",\"width\":2027,\"height\":2560},{\"@type\":\"WebPage\",\"@id\":\"https:\/\/abrelivros.org.br\/site\/anuario-abrelivros-2026\/#webpage\",\"url\":\"https:\/\/abrelivros.org.br\/site\/anuario-abrelivros-2026\/\",\"name\":\"Anu\\u00e1rio Abrelivros 2026 &raquo; Abrelivros\",\"isPartOf\":{\"@id\":\"https:\/\/abrelivros.org.br\/site\/#website\"},\"primaryImageOfPage\":{\"@id\":\"https:\/\/abrelivros.org.br\/site\/anuario-abrelivros-2026\/#primaryimage\"},\"datePublished\":\"2026-09-04T20:00:11+00:00\",\"dateModified\":\"2026-09-02T19:48:04+00:00\",\"author\":{\"@id\":\"https:\/\/abrelivros.org.br\/site\/#\/schema\/person\/65db80e26409802ce15ac5feec6a15fd\"},\"breadcrumb\":{\"@id\":\"https:\/\/abrelivros.org.br\/site\/anuario-abrelivros-2026\/#breadcrumb\"},\"inLanguage\":\"pt-BR\",\"potentialAction\":[{\"@type\":\"ReadAction\",\"target\":[\"https:\/\/abrelivros.org.br\/site\/anuario-abrelivros-2026\/\"]}]},{\"@type\":\"BreadcrumbList\",\"@id\":\"https:\/\/abrelivros.org.br\/site\/anuario-abrelivros-2026\/#breadcrumb\",\"itemListElement\":[{\"@type\":\"ListItem\",\"position\":1,\"item\":{\"@type\":\"WebPage\",\"@id\":\"https:\/\/abrelivros.org.br\/site\/\",\"url\":\"https:\/\/abrelivros.org.br\/site\/\",\"name\":\"In\\u00edcio\"}},{\"@type\":\"ListItem\",\"position\":2,\"item\":{\"@type\":\"WebPage\",\"@id\":\"https:\/\/abrelivros.org.br\/site\/category\/uncategorised\/\",\"url\":\"https:\/\/abrelivros.org.br\/site\/category\/uncategorised\/\",\"name\":\"Uncategorised\"}},{\"@type\":\"ListItem\",\"position\":3,\"item\":{\"@type\":\"WebPage\",\"@id\":\"https:\/\/abrelivros.org.br\/site\/anuario-abrelivros-2026\/\",\"url\":\"https:\/\/abrelivros.org.br\/site\/anuario-abrelivros-2026\/\",\"name\":\"Anu\\u00e1rio Abrelivros 2026\"}}]},{\"@type\":\"Person\",\"@id\":\"https:\/\/abrelivros.org.br\/site\/#\/schema\/person\/65db80e26409802ce15ac5feec6a15fd\",\"name\":\"Reda\\u00e7\\u00e3o Abrelivros\",\"image\":{\"@type\":\"ImageObject\",\"@id\":\"https:\/\/abrelivros.org.br\/site\/#personlogo\",\"inLanguage\":\"pt-BR\",\"url\":\"https:\/\/secure.gravatar.com\/avatar\/c4e57f9c7e3482965bd428192061218520756c39080b1d1820b679fa5e9af192?s=96&d=mm&r=g\",\"caption\":\"Reda\\u00e7\\u00e3o Abrelivros\"}}]}<\/script>\n<!-- \/ Yoast SEO plugin. -->","_links":{"self":[{"href":"https:\/\/abrelivros.org.br\/site\/wp-json\/wp\/v2\/posts\/22470","targetHints":{"allow":["GET"]}}],"collection":[{"href":"https:\/\/abrelivros.org.br\/site\/wp-json\/wp\/v2\/posts"}],"about":[{"href":"https:\/\/abrelivros.org.br\/site\/wp-json\/wp\/v2\/types\/post"}],"author":[{"embeddable":true,"href":"https:\/\/abrelivros.org.br\/site\/wp-json\/wp\/v2\/users\/4"}],"replies":[{"embeddable":true,"href":"https:\/\/abrelivros.org.br\/site\/wp-json\/wp\/v2\/comments?post=22470"}],"version-history":[{"count":6,"href":"https:\/\/abrelivros.org.br\/site\/wp-json\/wp\/v2\/posts\/22470\/revisions"}],"predecessor-version":[{"id":22478,"href":"https:\/\/abrelivros.org.br\/site\/wp-json\/wp\/v2\/posts\/22470\/revisions\/22478"}],"wp:attachment":[{"href":"https:\/\/abrelivros.org.br\/site\/wp-json\/wp\/v2\/media?parent=22470"}],"wp:term":[{"taxonomy":"category","embeddable":true,"href":"https:\/\/abrelivros.org.br\/site\/wp-json\/wp\/v2\/categories?post=22470"},{"taxonomy":"post_tag","embeddable":true,"href":"https:\/\/abrelivros.org.br\/site\/wp-json\/wp\/v2\/tags?post=22470"}],"curies":[{"name":"wp","href":"https:\/\/api.w.org\/{rel}","templated":true}]}}