{"id":2247,"date":"2008-09-11T13:34:00","date_gmt":"2008-09-11T16:34:00","guid":{"rendered":"https:\/\/abrelivros.org.br\/site\/2008\/09\/11\/educacao-especial-tera-investimento\/"},"modified":"2008-09-11T13:34:00","modified_gmt":"2008-09-11T16:34:00","slug":"educacao-especial-tera-investimento","status":"publish","type":"post","link":"https:\/\/abrelivros.org.br\/site\/educacao-especial-tera-investimento\/","title":{"rendered":"Educa\u00e7\u00e3o especial ter\u00e1 investimento"},"content":{"rendered":"<p>O Minist\u00e9rio da Educa\u00e7\u00e3o promover\u00e1 preg\u00e3o eletr\u00f4nico no dia 19 pr\u00f3ximo para aquisi\u00e7\u00e3o de equipamentos destinados \u00e0 montagem de 4,3 mil salas de recursos multifuncionais. As instala\u00e7\u00f5es ser\u00e3o utilizadas para a inclus\u00e3o de alunos com defici\u00eancia no ensino regular. Entre os aparelhos necess\u00e1rios para o atendimento especializado est\u00e3o 4,3 mil microcomputadores completos e 5,6 mil port\u00e1teis (notebooks). A inten\u00e7\u00e3o \u00e9 garantir que as escolas tenham condi\u00e7\u00f5es de atender \u00e0 nova pol\u00edtica nacional de educa\u00e7\u00e3o especial na perspectiva da educa\u00e7\u00e3o inclusiva, oficializada em julho.\u00a0<br \/> \u00a0<br \/> Um dos pilares da nova pol\u00edtica \u00e9 a id\u00e9ia de que o atendimento especializado n\u00e3o substitui o ensino regular. Ou seja, os alunos com necessidades especiais devem receber aten\u00e7\u00e3o espec\u00edfica para minimizar suas dificuldades e, ao mesmo tempo, cursar o ensino regular. As salas ser\u00e3o montadas justamente para viabilizar o atendimento especializado, que deve ser proporcionado, de acordo com especialistas, no turno oposto ao das aulas regulares.\u00a0<br \/> \u00a0<br \/> O edital que estabelece as normas do preg\u00e3o eletr\u00f4nico est\u00e1 dispon\u00edvel no <a href=\"http:\/\/www.comprasnet.gov.br\/\" target=\"_blank\" rel=\"noopener noreferrer\">Portal<\/a> de Compras do governo federal e na <a href=\"http:\/\/www.fnde.gov.br\/home\/index.jsp\" target=\"_blank\" rel=\"noopener noreferrer\">p\u00e1gina<\/a> eletr\u00f4nica do Fundo Nacional de Desenvolvimento da Educa\u00e7\u00e3o (FNDE).\u00a0<br \/> \u00a0<br \/> \u201cTodas as crian\u00e7as t\u00eam direito \u00e0 educa\u00e7\u00e3o e, no caso dos deficientes, a garantia desse direito \u00e9 o atendimento especializado\u201d, explica Ros\u00e2ngela Machado, coordenadora-geral da pol\u00edtica pedag\u00f3gica da educa\u00e7\u00e3o especial do MEC.\u00a0<br \/> \u00a0<br \/><B> Avan\u00e7os<\/B> \u2014 At\u00e9 o fim deste m\u00eas, o presidente da Rep\u00fablica, Luiz In\u00e1cio Lula da Silva, deve assinar decreto que destinar\u00e1 mais recursos do Fundo da Educa\u00e7\u00e3o B\u00e1sica (Fundeb) a alunos com defici\u00eancia. As escolas receber\u00e3o duas vezes o valor do repasse de um aluno normal para cada deficiente matriculado. \u201cEsse dinheiro deve ser utilizado para custear recursos que garantam a acessibilidade dos estudantes\u201d, afirmou Ros\u00e2ngela.\u00a0<br \/> \u00a0<br \/> Em mar\u00e7o de 2007, o Brasil assinou a Conven\u00e7\u00e3o Internacional sobre os Direitos das Pessoas com Defici\u00eancia, na sede das Na\u00e7\u00f5es Unidas, em Nova York, Estados Unidos. O documento tem equival\u00eancia com a Constitui\u00e7\u00e3o. Ou seja, nenhuma lei relacionada aos deficientes pode ir contra os preceitos estabelecidos pela conven\u00e7\u00e3o. Com a assinatura, o pa\u00eds se compromete a garantir a inclus\u00e3o de estudantes deficientes em escolas regulares.\u00a0<br \/> \u00a0<br \/> Pela nova norma, o descumprimento de qualquer item que favore\u00e7a a inclus\u00e3o das pessoas com defici\u00eancia \u00e9 considerado discrimina\u00e7\u00e3o. Isso abrange, por exemplo, a acessibilidade, seja por meio de \u00f4nibus adaptados para deficientes ou legendas nos programas de televis\u00e3o. \u00a0<br \/> \u00a0<\/p>\n","protected":false},"excerpt":{"rendered":"<p>O Minist\u00e9rio da Educa\u00e7\u00e3o promover\u00e1 preg\u00e3o eletr\u00f4nico no dia 19 pr\u00f3ximo para aquisi\u00e7\u00e3o de equipamentos destinados \u00e0 montagem de 4,3 mil salas de recursos multifuncionais. As instala\u00e7\u00f5es ser\u00e3o utilizadas para a inclus\u00e3o de alunos com defici\u00eancia no ensino regular. Entre os aparelhos necess\u00e1rios para o atendimento especializado est\u00e3o 4,3 mil microcomputadores completos e 5,6 mil [&hellip;]<\/p>\n","protected":false},"author":1,"featured_media":0,"comment_status":"closed","ping_status":"closed","sticky":false,"template":"","format":"standard","meta":{"footnotes":"","_links_to":"","_links_to_target":""},"categories":[9],"tags":[],"class_list":["post-2247","post","type-post","status-publish","format-standard","hentry","category-noticias-da-imprensa"],"yoast_head":"<!-- This site is optimized with the Yoast SEO plugin v15.1 - https:\/\/yoast.com\/wordpress\/plugins\/seo\/ -->\n<title>Educa\u00e7\u00e3o especial ter\u00e1 investimento &raquo; Abrelivros<\/title>\n<meta name=\"robots\" content=\"index, follow, max-snippet:-1, max-image-preview:large, max-video-preview:-1\" \/>\n<link rel=\"canonical\" href=\"https:\/\/abrelivros.org.br\/site\/educacao-especial-tera-investimento\/\" \/>\n<meta property=\"og:locale\" content=\"pt_BR\" \/>\n<meta property=\"og:type\" content=\"article\" \/>\n<meta property=\"og:title\" content=\"Educa\u00e7\u00e3o especial ter\u00e1 investimento &raquo; Abrelivros\" \/>\n<meta property=\"og:description\" content=\"O Minist\u00e9rio da Educa\u00e7\u00e3o promover\u00e1 preg\u00e3o eletr\u00f4nico no dia 19 pr\u00f3ximo para aquisi\u00e7\u00e3o de equipamentos destinados \u00e0 montagem de 4,3 mil salas de recursos multifuncionais. As instala\u00e7\u00f5es ser\u00e3o utilizadas para a inclus\u00e3o de alunos com defici\u00eancia no ensino regular. Entre os aparelhos necess\u00e1rios para o atendimento especializado est\u00e3o 4,3 mil microcomputadores completos e 5,6 mil [&hellip;]\" \/>\n<meta property=\"og:url\" content=\"https:\/\/abrelivros.org.br\/site\/educacao-especial-tera-investimento\/\" \/>\n<meta property=\"og:site_name\" content=\"Abrelivros\" \/>\n<meta property=\"article:published_time\" content=\"2008-09-11T16:34:00+00:00\" \/>\n<meta name=\"twitter:card\" content=\"summary_large_image\" \/>\n<script type=\"application\/ld+json\" class=\"yoast-schema-graph\">{\"@context\":\"https:\/\/schema.org\",\"@graph\":[{\"@type\":\"WebSite\",\"@id\":\"https:\/\/abrelivros.org.br\/site\/#website\",\"url\":\"https:\/\/abrelivros.org.br\/site\/\",\"name\":\"Abrelivros\",\"description\":\"\",\"potentialAction\":[{\"@type\":\"SearchAction\",\"target\":\"https:\/\/abrelivros.org.br\/site\/?s={search_term_string}\",\"query-input\":\"required name=search_term_string\"}],\"inLanguage\":\"pt-BR\"},{\"@type\":\"WebPage\",\"@id\":\"https:\/\/abrelivros.org.br\/site\/educacao-especial-tera-investimento\/#webpage\",\"url\":\"https:\/\/abrelivros.org.br\/site\/educacao-especial-tera-investimento\/\",\"name\":\"Educa\\u00e7\\u00e3o especial ter\\u00e1 investimento &raquo; Abrelivros\",\"isPartOf\":{\"@id\":\"https:\/\/abrelivros.org.br\/site\/#website\"},\"datePublished\":\"2008-09-11T16:34:00+00:00\",\"dateModified\":\"2008-09-11T16:34:00+00:00\",\"author\":{\"@id\":\"https:\/\/abrelivros.org.br\/site\/#\/schema\/person\/2b867f13a717bb230f1a3555505f5593\"},\"breadcrumb\":{\"@id\":\"https:\/\/abrelivros.org.br\/site\/educacao-especial-tera-investimento\/#breadcrumb\"},\"inLanguage\":\"pt-BR\",\"potentialAction\":[{\"@type\":\"ReadAction\",\"target\":[\"https:\/\/abrelivros.org.br\/site\/educacao-especial-tera-investimento\/\"]}]},{\"@type\":\"BreadcrumbList\",\"@id\":\"https:\/\/abrelivros.org.br\/site\/educacao-especial-tera-investimento\/#breadcrumb\",\"itemListElement\":[{\"@type\":\"ListItem\",\"position\":1,\"item\":{\"@type\":\"WebPage\",\"@id\":\"https:\/\/abrelivros.org.br\/site\/\",\"url\":\"https:\/\/abrelivros.org.br\/site\/\",\"name\":\"In\\u00edcio\"}},{\"@type\":\"ListItem\",\"position\":2,\"item\":{\"@type\":\"WebPage\",\"@id\":\"https:\/\/abrelivros.org.br\/site\/category\/noticias\/\",\"url\":\"https:\/\/abrelivros.org.br\/site\/category\/noticias\/\",\"name\":\"Not\\u00edcias\"}},{\"@type\":\"ListItem\",\"position\":3,\"item\":{\"@type\":\"WebPage\",\"@id\":\"https:\/\/abrelivros.org.br\/site\/category\/noticias\/noticias-da-imprensa\/\",\"url\":\"https:\/\/abrelivros.org.br\/site\/category\/noticias\/noticias-da-imprensa\/\",\"name\":\"Not\\u00edcias da imprensa\"}},{\"@type\":\"ListItem\",\"position\":4,\"item\":{\"@type\":\"WebPage\",\"@id\":\"https:\/\/abrelivros.org.br\/site\/educacao-especial-tera-investimento\/\",\"url\":\"https:\/\/abrelivros.org.br\/site\/educacao-especial-tera-investimento\/\",\"name\":\"Educa\\u00e7\\u00e3o especial ter\\u00e1 investimento\"}}]},{\"@type\":\"Person\",\"@id\":\"https:\/\/abrelivros.org.br\/site\/#\/schema\/person\/2b867f13a717bb230f1a3555505f5593\",\"name\":\"\\u00a0\",\"image\":{\"@type\":\"ImageObject\",\"@id\":\"https:\/\/abrelivros.org.br\/site\/#personlogo\",\"inLanguage\":\"pt-BR\",\"url\":\"https:\/\/secure.gravatar.com\/avatar\/e80b7f5231be2fff5040a8023da424898002831c5439420df182ae62676d2a6f?s=96&d=mm&r=g\",\"caption\":\"\\u00a0\"}}]}<\/script>\n<!-- \/ Yoast SEO plugin. -->","_links":{"self":[{"href":"https:\/\/abrelivros.org.br\/site\/wp-json\/wp\/v2\/posts\/2247","targetHints":{"allow":["GET"]}}],"collection":[{"href":"https:\/\/abrelivros.org.br\/site\/wp-json\/wp\/v2\/posts"}],"about":[{"href":"https:\/\/abrelivros.org.br\/site\/wp-json\/wp\/v2\/types\/post"}],"author":[{"embeddable":true,"href":"https:\/\/abrelivros.org.br\/site\/wp-json\/wp\/v2\/users\/1"}],"replies":[{"embeddable":true,"href":"https:\/\/abrelivros.org.br\/site\/wp-json\/wp\/v2\/comments?post=2247"}],"version-history":[{"count":0,"href":"https:\/\/abrelivros.org.br\/site\/wp-json\/wp\/v2\/posts\/2247\/revisions"}],"wp:attachment":[{"href":"https:\/\/abrelivros.org.br\/site\/wp-json\/wp\/v2\/media?parent=2247"}],"wp:term":[{"taxonomy":"category","embeddable":true,"href":"https:\/\/abrelivros.org.br\/site\/wp-json\/wp\/v2\/categories?post=2247"},{"taxonomy":"post_tag","embeddable":true,"href":"https:\/\/abrelivros.org.br\/site\/wp-json\/wp\/v2\/tags?post=2247"}],"curies":[{"name":"wp","href":"https:\/\/api.w.org\/{rel}","templated":true}]}}