{"id":2246,"date":"2008-09-11T16:33:00","date_gmt":"2008-09-11T19:33:00","guid":{"rendered":"https:\/\/abrelivros.org.br\/site\/2008\/09\/11\/brasil-so-crescera-mais-quando-melhorar-a-educacao-diz-estudo\/"},"modified":"2008-09-11T16:33:00","modified_gmt":"2008-09-11T19:33:00","slug":"brasil-so-crescera-mais-quando-melhorar-a-educacao-diz-estudo","status":"publish","type":"post","link":"https:\/\/abrelivros.org.br\/site\/brasil-so-crescera-mais-quando-melhorar-a-educacao-diz-estudo\/","title":{"rendered":"Brasil s\u00f3 crescer\u00e1 mais quando melhorar a educa\u00e7\u00e3o, diz estudo"},"content":{"rendered":"<p>No paradigma atual, onde conhecimento &#8211; e n\u00e3o recursos naturais ou m\u00e3o-de-obra barata &#8211; \u00e9 o elemento central para um pa\u00eds ter vantagens competitivas, o Brasil est\u00e1 ficando para tr\u00e1s e s\u00f3 conseguir\u00e1 avan\u00e7ar quando educar melhor sua popula\u00e7\u00e3o. \u00a0<br \/>  \u00a0<br \/> A conclus\u00e3o \u00e9 de um estudo in\u00e9dito do Banco Mundial, que ser\u00e1 divulgado nesta quinta-feira, 10, em semin\u00e1rio promovido pela Funda\u00e7\u00e3o Lemann, que apontou os fatores da defici\u00eancia brasileira na \u00e1rea: ensino b\u00e1sico prec\u00e1rio, que resulta em profissionais pouco qualificados, universidades distantes do setor produtivo e voltadas mais para conhecimento te\u00f3rico do que pr\u00e1tico e tradi\u00e7\u00e3o em importar e adaptar tecnologias, em vez de cri\u00e1-las.\u00a0<br \/> \u00a0<br \/> Segundo Alberto Rodriguez, um dos principais autores do estudo, nesta semana no Pa\u00eds para lan\u00e7ar o material, enquanto outros pa\u00edses em desenvolvimento, como China, \u00cdndia e Cor\u00e9ia, est\u00e3o se transformando em pa\u00edses produtores de conhecimento gra\u00e7as a investimentos na forma\u00e7\u00e3o de pesquisadores em \u00e1reas tecnol\u00f3gicas &#8211; e, com isso, alavancando sua economia -, o Brasil segue dependente de seus bens naturais, crescendo num ritmo menor. \u201cApenas 19% dos estudantes de ensino superior no Brasil est\u00e3o nas \u00e1reas de ci\u00eancias e engenharias. No Chile s\u00e3o 33% e na China, 53%\u201c, afirma o relat\u00f3rio.\u00a0<br \/> \u00a0<br \/> De acordo com levantamento feito pelo N\u00facleo de Inova\u00e7\u00e3o Tecnol\u00f3gica (NIT) da Unesp com base em dados do Instituto Nacional da Propriedade Industrial (INPI), hoje as universidades representam 0,78% do total de depositantes de patentes no Pa\u00eds, que conta com cerca de 50 mil pesquisadores.\u00a0<br \/> \u00a0<br \/> Leia, abaixo, entrevista de Rodriguez ao Estado:\u00a0<br \/> \u00a0<br \/><B> Qual a principal conclus\u00e3o do trabalho? Por que o Brasil n\u00e3o deslancha na \u00e1rea da inova\u00e7\u00e3o?\u00a0<br \/> \u00a0<br \/><\/B> Fazemos uma an\u00e1lise de como a educa\u00e7\u00e3o, no caso do Brasil, \u00e9 um instrumento important\u00edssimo para a melhoria da competitividade no Pa\u00eds. O Brasil vem crescendo, mas vem crescendo pouco quando voc\u00ea compara com outros pa\u00edses em desenvolvimento. S\u00f3 que esse crescimento econ\u00f4mico est\u00e1 embasado em dois elementos. Um deles est\u00e1 ligado ao boom das commodities, ou seja, que prova que o Brasil tem muitos recursos naturais e sabe explor\u00e1-los, conseguindo, com isso, uma balan\u00e7a comercial positiva. Um segundo elemento \u00e9 que esse crescimento econ\u00f4mico, em compara\u00e7\u00e3o com outros pa\u00edses competidores do Brasil, como a China , como Cor\u00e9ia, como \u00cdndia, inclusive como o M\u00e9xico, n\u00e3o \u00e9 um crescimento impressionante, muito forte, \u00e9 um crescimento razo\u00e1vel, mas n\u00e3o vai permitir que o Brasil chegue no patamar de pa\u00eds desenvolvido no futuro pr\u00f3ximo. \u00a0<br \/> \u00a0<br \/><B> Por qu\u00ea? \u00a0<br \/> \u00a0<br \/><\/B> O Brasil n\u00e3o cresceu por ser uma sociedade inovadora, cresceu porque a base de capital de trabalho aumentou. Se voc\u00ea compara essa base do Brasil com a Cor\u00e9ia, o comportamento \u00e9 muito parecido, mas a Cor\u00e9ia cresceu cinco vezes mais nesse per\u00edodo, o PIB per capita cinco vezes mais nesse per\u00edodo, voc\u00ea analisa porque e descobre que o elemento fundamental est\u00e1 no que se chama nos fatores totais da produtividade, essencialmente, na capacidade da sociedade em produzir de forma melhor, mais eficiente e mais barata o mesmo produto de alta qualidade. O Brasil foi d\u00e9bil nos \u00faltimos 30 anos. \u00a0<br \/> \u00a0<br \/><B> H\u00e1 tr\u00eas tipos de inova\u00e7\u00e3o. Os avi\u00f5es da Embraer, o iPod s\u00e3o inova\u00e7\u00f5es da cria\u00e7\u00e3o de conhecimento, e o Brasil, nesse campo, tem algumas coisas boas e ruins. \u00a0<br \/> \u00a0<br \/><\/B> O Brasil est\u00e1 publicando pesquisas em um ritmo bastante aceit\u00e1vel. Ele hoje publica 2% das pesquisas nas revistas e jornais internacionais e o PIB do Brasil \u00e9 cerca de 2% do PIB do mundo. Ent\u00e3o, em pesquisas est\u00e1 indo, mas em patentes est\u00e1 baixo, menos 0,18% das patentes internacionais s\u00e3o brasileiras. H\u00e1 a necessidade de que a pesquisa e desenvolvimento sejam mais voltados para a ind\u00fastria e menos para a teoria. \u00c9 preciso conseguir que as empresas privadas fa\u00e7am investimentos em pesquisa e desenvolvimento. No Brasil, cerca de 70% do investimento em P&#038;D \u00e9 p\u00fablico, o que contrasta com o Jap\u00e3o, por exemplo, onde apenas cerca de 20% do investimento em P&#038;D \u00e9 p\u00fablico. \u00a0<br \/> \u00a0<br \/> O segundo tipo de inova\u00e7\u00e3o \u00e9 a inova\u00e7\u00e3o que vem de trazer conhecimento do exterior. \u00c9 ado\u00e7\u00e3o e adapta\u00e7\u00e3o da ci\u00eancia e tecnologia. Esse tipo de inova\u00e7\u00e3o \u00e9 um tipo onde o Brasil mais uma vez fica um pouco atr\u00e1s. H\u00e1 dois mecanismos principais pelos quais um pa\u00eds consegue trazer conhecimento: um atrav\u00e9s do com\u00e9rcio exterior, porque a maioria do conhecimento vem atrav\u00e9s de maquinaria, por exemplo. A segunda forma pela qual voc\u00ea consegue trazer e adotar tecnologia do exterior \u00e9 atrav\u00e9s da troca universit\u00e1ria, pesquisadores brasileiros que v\u00e3o para fora, alunos que v\u00e3o para l\u00e1, alunos que v\u00eam para o Brasil. A\u00ed tamb\u00e9m o Pa\u00eds fica bem atr\u00e1s, o n\u00famero de alunos indo para universidades no exterior \u00e9 bem menor do que voc\u00ea em outros pa\u00edses at\u00e9 com popula\u00e7\u00f5es menores. O terceiro tipo de inova\u00e7\u00e3o \u00e9 o que se chama difus\u00e3o de tecnologia e conhecimento que j\u00e1 est\u00e3o no Brasil e que s\u00f3 precisam passar de uma empresa para outra para melhorar a produtividade de todas as empresas. \u00a0<br \/> \u00a0<br \/><B> E o que esses fatores t\u00eam a ver com a educa\u00e7\u00e3o?\u00a0<br \/> \u00a0<br \/><\/B> Para criar novas tecnologias n\u00e3o precisa de muita coisa, o que precisa \u00e9 de PhD. Para pesquisar e obter patente \u00e9 preciso educa\u00e7\u00e3o de alto n\u00edvel. No caso do Brasil \u00e9 preciso investir muito mais em pesquisa pr\u00e1tica aplicada a empresa, isso tem a ver com as universidade e sua rela\u00e7\u00e3o com as ind\u00fastrias. J\u00e1 para fazer ado\u00e7\u00e3o de tecnologias, voc\u00ea precisa de um cara que possa ler o manual da m\u00e1quina nova que chegou de fora e possa ler, entender o que est\u00e1 dizendo e pensar em como ele pode melhorar o processo produtivo em que ele participa. Para isso \u00e9 important\u00edssimo uma educa\u00e7\u00e3o b\u00e1sica s\u00f3lida. Aquela capacidade do empregado de pensar o que est\u00e1 fazendo de uma forma cr\u00edtica e de propor ao gerente da companhia coisas diferentes l\u00e1 na ponta, essa \u00e9 a raz\u00e3o pela qual aos empres\u00e1rios fazem grandes investimentos na educa\u00e7\u00e3o b\u00e1sica, especificamente na alfabetiza\u00e7\u00e3o. \u00a0<br \/> \u00a0<br \/> Analisamos os dados e vimos que as empresas brasileiras fazem grandes investimentos em treinamento para os seus funcion\u00e1rios, muito maiores que a m\u00e9dia mundial, s\u00f3 que as empresas grandes, produtivas, investem seus empregados para melhorar sua produtividade, as pequenas, quando fazem investimento,s s\u00e3o para suprir as defici\u00eancias do ensino b\u00e1sico. Ent\u00e3o, h\u00e1 um problema s\u00e9rio no ensino b\u00e1sico de n\u00e3o permite que as empresas possam realmente inovar, treinar para melhorar a produtividade ou conseguir difus\u00e3o de tecnologia entre as empresas, porque seus funcion\u00e1rios n\u00e3o t\u00eam n\u00edvel educacional b\u00e1sico suficiente.\u00a0<br \/>  \u00a0<br \/><B> Existe algum modelo inova\u00e7\u00e3o que o Brasil \u00e9 melhor ou pior?\u00a0<br \/> \u00a0<br \/><\/B> O Brasil tem fachos de luz em termos de produ\u00e7\u00e3o de conhecimento. Embraer, Petrobr\u00e1s, pesquisa industrial em \u00e1lcool. O Brasil tem feito grandes esfor\u00e7os para criar conhecimentos novos, o problema nesses casos \u00e9 que n\u00e3o s\u00e3o suficientes para que a economia do Brasil cres\u00e7a fortemente. \u00c9 muito pouco e, al\u00e9m de ser pouco, a gente n\u00e3o percebe o impacto deles em sua cadeia produtiva. Na cria\u00e7\u00e3o de conhecimento o Brasil tem fachos de luz que merecem reconhecimento nacional e internacional que n\u00e3o tem sido suficientes.\u00a0<br \/> \u00a0<\/p>\n","protected":false},"excerpt":{"rendered":"<p>No paradigma atual, onde conhecimento &#8211; e n\u00e3o recursos naturais ou m\u00e3o-de-obra barata &#8211; \u00e9 o elemento central para um pa\u00eds ter vantagens competitivas, o Brasil est\u00e1 ficando para tr\u00e1s e s\u00f3 conseguir\u00e1 avan\u00e7ar quando educar melhor sua popula\u00e7\u00e3o. \u00a0 \u00a0 A conclus\u00e3o \u00e9 de um estudo in\u00e9dito do Banco Mundial, que ser\u00e1 divulgado nesta [&hellip;]<\/p>\n","protected":false},"author":1,"featured_media":0,"comment_status":"closed","ping_status":"closed","sticky":false,"template":"","format":"standard","meta":{"footnotes":"","_links_to":"","_links_to_target":""},"categories":[9],"tags":[],"class_list":["post-2246","post","type-post","status-publish","format-standard","hentry","category-noticias-da-imprensa"],"yoast_head":"<!-- This site is optimized with the Yoast SEO plugin v15.1 - https:\/\/yoast.com\/wordpress\/plugins\/seo\/ -->\n<title>Brasil s\u00f3 crescer\u00e1 mais quando melhorar a educa\u00e7\u00e3o, diz estudo &raquo; Abrelivros<\/title>\n<meta name=\"robots\" content=\"index, follow, max-snippet:-1, max-image-preview:large, max-video-preview:-1\" \/>\n<link rel=\"canonical\" href=\"https:\/\/abrelivros.org.br\/site\/brasil-so-crescera-mais-quando-melhorar-a-educacao-diz-estudo\/\" \/>\n<meta property=\"og:locale\" content=\"pt_BR\" \/>\n<meta property=\"og:type\" content=\"article\" \/>\n<meta property=\"og:title\" content=\"Brasil s\u00f3 crescer\u00e1 mais quando melhorar a educa\u00e7\u00e3o, diz estudo &raquo; Abrelivros\" \/>\n<meta property=\"og:description\" content=\"No paradigma atual, onde conhecimento &#8211; e n\u00e3o recursos naturais ou m\u00e3o-de-obra barata &#8211; \u00e9 o elemento central para um pa\u00eds ter vantagens competitivas, o Brasil est\u00e1 ficando para tr\u00e1s e s\u00f3 conseguir\u00e1 avan\u00e7ar quando educar melhor sua popula\u00e7\u00e3o. \u00a0 \u00a0 A conclus\u00e3o \u00e9 de um estudo in\u00e9dito do Banco Mundial, que ser\u00e1 divulgado nesta [&hellip;]\" \/>\n<meta property=\"og:url\" content=\"https:\/\/abrelivros.org.br\/site\/brasil-so-crescera-mais-quando-melhorar-a-educacao-diz-estudo\/\" \/>\n<meta property=\"og:site_name\" content=\"Abrelivros\" \/>\n<meta property=\"article:published_time\" content=\"2008-09-11T19:33:00+00:00\" \/>\n<meta name=\"twitter:card\" content=\"summary_large_image\" \/>\n<script type=\"application\/ld+json\" class=\"yoast-schema-graph\">{\"@context\":\"https:\/\/schema.org\",\"@graph\":[{\"@type\":\"WebSite\",\"@id\":\"https:\/\/abrelivros.org.br\/site\/#website\",\"url\":\"https:\/\/abrelivros.org.br\/site\/\",\"name\":\"Abrelivros\",\"description\":\"\",\"potentialAction\":[{\"@type\":\"SearchAction\",\"target\":\"https:\/\/abrelivros.org.br\/site\/?s={search_term_string}\",\"query-input\":\"required name=search_term_string\"}],\"inLanguage\":\"pt-BR\"},{\"@type\":\"WebPage\",\"@id\":\"https:\/\/abrelivros.org.br\/site\/brasil-so-crescera-mais-quando-melhorar-a-educacao-diz-estudo\/#webpage\",\"url\":\"https:\/\/abrelivros.org.br\/site\/brasil-so-crescera-mais-quando-melhorar-a-educacao-diz-estudo\/\",\"name\":\"Brasil s\\u00f3 crescer\\u00e1 mais quando melhorar a educa\\u00e7\\u00e3o, diz estudo &raquo; Abrelivros\",\"isPartOf\":{\"@id\":\"https:\/\/abrelivros.org.br\/site\/#website\"},\"datePublished\":\"2008-09-11T19:33:00+00:00\",\"dateModified\":\"2008-09-11T19:33:00+00:00\",\"author\":{\"@id\":\"https:\/\/abrelivros.org.br\/site\/#\/schema\/person\/2b867f13a717bb230f1a3555505f5593\"},\"breadcrumb\":{\"@id\":\"https:\/\/abrelivros.org.br\/site\/brasil-so-crescera-mais-quando-melhorar-a-educacao-diz-estudo\/#breadcrumb\"},\"inLanguage\":\"pt-BR\",\"potentialAction\":[{\"@type\":\"ReadAction\",\"target\":[\"https:\/\/abrelivros.org.br\/site\/brasil-so-crescera-mais-quando-melhorar-a-educacao-diz-estudo\/\"]}]},{\"@type\":\"BreadcrumbList\",\"@id\":\"https:\/\/abrelivros.org.br\/site\/brasil-so-crescera-mais-quando-melhorar-a-educacao-diz-estudo\/#breadcrumb\",\"itemListElement\":[{\"@type\":\"ListItem\",\"position\":1,\"item\":{\"@type\":\"WebPage\",\"@id\":\"https:\/\/abrelivros.org.br\/site\/\",\"url\":\"https:\/\/abrelivros.org.br\/site\/\",\"name\":\"In\\u00edcio\"}},{\"@type\":\"ListItem\",\"position\":2,\"item\":{\"@type\":\"WebPage\",\"@id\":\"https:\/\/abrelivros.org.br\/site\/category\/noticias\/\",\"url\":\"https:\/\/abrelivros.org.br\/site\/category\/noticias\/\",\"name\":\"Not\\u00edcias\"}},{\"@type\":\"ListItem\",\"position\":3,\"item\":{\"@type\":\"WebPage\",\"@id\":\"https:\/\/abrelivros.org.br\/site\/category\/noticias\/noticias-da-imprensa\/\",\"url\":\"https:\/\/abrelivros.org.br\/site\/category\/noticias\/noticias-da-imprensa\/\",\"name\":\"Not\\u00edcias da imprensa\"}},{\"@type\":\"ListItem\",\"position\":4,\"item\":{\"@type\":\"WebPage\",\"@id\":\"https:\/\/abrelivros.org.br\/site\/brasil-so-crescera-mais-quando-melhorar-a-educacao-diz-estudo\/\",\"url\":\"https:\/\/abrelivros.org.br\/site\/brasil-so-crescera-mais-quando-melhorar-a-educacao-diz-estudo\/\",\"name\":\"Brasil s\\u00f3 crescer\\u00e1 mais quando melhorar a educa\\u00e7\\u00e3o, diz estudo\"}}]},{\"@type\":\"Person\",\"@id\":\"https:\/\/abrelivros.org.br\/site\/#\/schema\/person\/2b867f13a717bb230f1a3555505f5593\",\"name\":\"\\u00a0\",\"image\":{\"@type\":\"ImageObject\",\"@id\":\"https:\/\/abrelivros.org.br\/site\/#personlogo\",\"inLanguage\":\"pt-BR\",\"url\":\"https:\/\/secure.gravatar.com\/avatar\/e80b7f5231be2fff5040a8023da424898002831c5439420df182ae62676d2a6f?s=96&d=mm&r=g\",\"caption\":\"\\u00a0\"}}]}<\/script>\n<!-- \/ Yoast SEO plugin. -->","_links":{"self":[{"href":"https:\/\/abrelivros.org.br\/site\/wp-json\/wp\/v2\/posts\/2246","targetHints":{"allow":["GET"]}}],"collection":[{"href":"https:\/\/abrelivros.org.br\/site\/wp-json\/wp\/v2\/posts"}],"about":[{"href":"https:\/\/abrelivros.org.br\/site\/wp-json\/wp\/v2\/types\/post"}],"author":[{"embeddable":true,"href":"https:\/\/abrelivros.org.br\/site\/wp-json\/wp\/v2\/users\/1"}],"replies":[{"embeddable":true,"href":"https:\/\/abrelivros.org.br\/site\/wp-json\/wp\/v2\/comments?post=2246"}],"version-history":[{"count":0,"href":"https:\/\/abrelivros.org.br\/site\/wp-json\/wp\/v2\/posts\/2246\/revisions"}],"wp:attachment":[{"href":"https:\/\/abrelivros.org.br\/site\/wp-json\/wp\/v2\/media?parent=2246"}],"wp:term":[{"taxonomy":"category","embeddable":true,"href":"https:\/\/abrelivros.org.br\/site\/wp-json\/wp\/v2\/categories?post=2246"},{"taxonomy":"post_tag","embeddable":true,"href":"https:\/\/abrelivros.org.br\/site\/wp-json\/wp\/v2\/tags?post=2246"}],"curies":[{"name":"wp","href":"https:\/\/api.w.org\/{rel}","templated":true}]}}