{"id":22453,"date":"2026-08-25T10:41:54","date_gmt":"2026-08-25T13:41:54","guid":{"rendered":"https:\/\/abrelivros.org.br\/site\/?p=22453"},"modified":"2026-08-25T10:41:54","modified_gmt":"2026-08-25T13:41:54","slug":"pnld-anos-iniciais-2027-2030-escolas-tem-ate-8-de-setembro-para-registrar-escolha-de-livros","status":"publish","type":"post","link":"https:\/\/abrelivros.org.br\/site\/pnld-anos-iniciais-2027-2030-escolas-tem-ate-8-de-setembro-para-registrar-escolha-de-livros\/","title":{"rendered":"PNLD Anos Iniciais 2027-2030: escolas t\u00eam at\u00e9 8 de setembro para registrar escolha de livros"},"content":{"rendered":"<p>O Fundo Nacional de Desenvolvimento da Educa\u00e7\u00e3o (FNDE), autarquia vinculada ao Minist\u00e9rio da Educa\u00e7\u00e3o (MEC), informa que est\u00e1 aberto o per\u00edodo de escolha das obras did\u00e1ticas do Programa Nacional do Livro e do Material Did\u00e1tico (PNLD) para os Anos Iniciais do Ensino Fundamental \u2013 ciclo 2027-2030.<!--more--><\/p>\n<p>Diretores e professores das escolas p\u00fablicas aptas a participar do processo devem registrar a escolha das obras at\u00e9 8 de setembro de 2026, exclusivamente no <a href=\"https:\/\/pnlddigital.fnde.gov.br\/login\">sistema PNLD Gest\u00e3o<\/a>, com acesso pela plataforma <a href=\"https:\/\/gov.br\/\">Gov.br.<\/a><\/p>\n<p>A escolha est\u00e1 organizada em tr\u00eas categorias:<\/p>\n<p><strong>Categoria 1 \u2013 1\u00ba e 2\u00ba anos | Escolha obrigat\u00f3ria<\/strong><\/p>\n<p><strong>Componentes curriculares:<\/strong><\/p>\n<ul>\n<li>L\u00edngua Portuguesa;<\/li>\n<li>Arte;<\/li>\n<li>Educa\u00e7\u00e3o F\u00edsica*;<\/li>\n<li>Matem\u00e1tica;<\/li>\n<li>Ci\u00eancias da Natureza, Hist\u00f3ria e Geografia (obra interdisciplinar);<\/li>\n<li>Educa\u00e7\u00e3o Digital e Midi\u00e1tica.<\/li>\n<\/ul>\n<p>Todos os livros do estudante s\u00e3o consum\u00edveis (n\u00e3o reutiliz\u00e1veis) e permanecem com o aluno, que pode escrever e interagir diretamente com o material.<\/p>\n<p><strong>Categoria 2 \u2013 3\u00ba, 4\u00ba e 5\u00ba anos | Escolha obrigat\u00f3ria<\/strong><\/p>\n<p><strong>Componentes curriculares:<\/strong><\/p>\n<ul>\n<li>L\u00edngua Portuguesa;<\/li>\n<li>Arte;<\/li>\n<li>Educa\u00e7\u00e3o F\u00edsica*;<\/li>\n<li>Matem\u00e1tica;<\/li>\n<li>Ci\u00eancias da Natureza;<\/li>\n<li>Hist\u00f3ria;<\/li>\n<li>Geografia;<\/li>\n<li>Livro Regionalizado de Hist\u00f3ria e Geografia;<\/li>\n<li>Produ\u00e7\u00e3o de Texto;<\/li>\n<li>Educa\u00e7\u00e3o Digital e Midi\u00e1tica.<\/li>\n<\/ul>\n<p>Os livros de L\u00edngua Portuguesa e Matem\u00e1tica s\u00e3o consum\u00edveis (n\u00e3o reutiliz\u00e1veis). Os demais s\u00e3o reutiliz\u00e1veis e devem ser devolvidos \u00e0 escola ao final do ano letivo.<\/p>\n<p>* Os livros de Educa\u00e7\u00e3o F\u00edsica das Categorias 1 e 2 s\u00e3o destinados exclusivamente ao professor.<\/p>\n<p><strong>Livro Regionalizado de Hist\u00f3ria e Geografia<\/strong><\/p>\n<p>A Categoria 2 inclui o Livro Regionalizado de Hist\u00f3ria e Geografia. As obras apresentam conte\u00fados relacionados \u00e0 hist\u00f3ria e \u00e0 geografia das respectivas regi\u00f5es, de acordo com as orienta\u00e7\u00f5es do programa.<\/p>\n<p><strong>Categoria 3 \u2013 1\u00ba ao 5\u00ba ano | Escolha optativa<\/strong><\/p>\n<p><strong>Componentes curriculares:<\/strong><\/p>\n<ul>\n<li>L\u00edngua Espanhola;<\/li>\n<li>L\u00edngua Inglesa.<\/li>\n<\/ul>\n<p>Os livros da Categoria 3 s\u00e3o reutiliz\u00e1veis e devem ser devolvidos \u00e0 escola ao final do ano letivo.<\/p>\n<p>Escolha por componente curricular<\/p>\n<p>A escola pode selecionar cole\u00e7\u00f5es distintas para cada componente curricular. N\u00e3o \u00e9 necess\u00e1rio escolher a mesma cole\u00e7\u00e3o para todas as disciplinas. Em cada componente, devem ser selecionadas as cole\u00e7\u00f5es dispon\u00edveis no processo de escolha.<\/p>\n<p><strong>Guia Digital do PNLD<\/strong><\/p>\n<p>O Guia Digital do PNLD \u00e9 o documento oficial de consulta para o processo de escolha. Nele est\u00e3o dispon\u00edveis as resenhas e a \u00edntegra das obras did\u00e1ticas aprovadas, al\u00e9m das orienta\u00e7\u00f5es para realiza\u00e7\u00e3o do processo.<\/p>\n<p>O guia est\u00e1 dispon\u00edvel em: <a href=\"https:\/\/www.fnde.gov.br\/guialivro\">https:\/\/www.fnde.gov.br\/guialivro.<\/a><\/p>\n<p>Para acessar a \u00edntegra das obras, professores e gestores precisam estar cadastrados no Sistema Gest\u00e3o Presente ou possuir cadastro anterior no Portal do Livro Digital e utilizar uma conta Gov.br.<\/p>\n<p><strong>Orienta\u00e7\u00f5es para o registro<\/strong><\/p>\n<p>Em todas as categorias, a escola que n\u00e3o desejar receber os livros dever\u00e1 selecionar, no sistema PNLD Gest\u00e3o, a op\u00e7\u00e3o \u201cN\u00c3O DESEJO RECEBER O LIVRO\u201d.<\/p>\n<p>Para as Categorias 1 e 2, caso a escola n\u00e3o realize a escolha nem registre a op\u00e7\u00e3o de n\u00e3o recebimento, o FNDE far\u00e1 a atribui\u00e7\u00e3o dos exemplares com base em crit\u00e9rios t\u00e9cnicos previamente estabelecidos.<\/p>\n<p>Na Categoria 3, por se tratar de ades\u00e3o optativa, n\u00e3o haver\u00e1 atribui\u00e7\u00e3o t\u00e9cnica caso a escola n\u00e3o manifeste interesse.<\/p>\n<p><strong>Escolas aptas<\/strong><\/p>\n<p>S\u00e3o consideradas aptas a participar da escolha as escolas pertencentes a redes de ensino com ades\u00e3o ao PNLD para essa etapa e que possuam alunado registrado no Censo Escolar de 2025.<\/p>\n<p>A lista de escolas aptas est\u00e1 dispon\u00edvel na p\u00e1gina do <a href=\"https:\/\/www.gov.br\/fnde\/pt-br\/acesso-a-informacao\/acoes-e-programas\/programas\/programas-do-livro\/pnld\/pnld-anos-iniciais-2027-2030-obras-didaticas\">PNLD Anos Iniciais 2027-2030.<\/a><\/p>\n<p>O prazo para registro da escolha termina em 8 de setembro de 2026.<\/p>\n<p>Em caso de d\u00favidas, entre em contato com a Equipe do Livro pelo e-mail <a href=\"livrodidatico@fnde.gov.br\">livrodidatico@fnde.gov.br.<\/a><\/p>\n","protected":false},"excerpt":{"rendered":"<p>O Fundo Nacional de Desenvolvimento da Educa\u00e7\u00e3o (FNDE), autarquia vinculada ao Minist\u00e9rio da Educa\u00e7\u00e3o (MEC), informa que est\u00e1 aberto o per\u00edodo de escolha das obras did\u00e1ticas do Programa Nacional do Livro e do Material Did\u00e1tico (PNLD) para os Anos Iniciais do Ensino Fundamental \u2013 ciclo 2027-2030.<\/p>\n","protected":false},"author":4,"featured_media":0,"comment_status":"closed","ping_status":"closed","sticky":false,"template":"","format":"standard","meta":{"footnotes":"","_links_to":"","_links_to_target":""},"categories":[9],"tags":[],"class_list":["post-22453","post","type-post","status-publish","format-standard","hentry","category-noticias-da-imprensa"],"yoast_head":"<!-- This site is optimized with the Yoast SEO plugin v15.1 - https:\/\/yoast.com\/wordpress\/plugins\/seo\/ -->\n<title>PNLD Anos Iniciais 2027-2030: escolas t\u00eam at\u00e9 8 de setembro para registrar escolha de livros &raquo; Abrelivros<\/title>\n<meta name=\"robots\" content=\"index, follow, max-snippet:-1, max-image-preview:large, max-video-preview:-1\" \/>\n<link rel=\"canonical\" href=\"https:\/\/abrelivros.org.br\/site\/pnld-anos-iniciais-2027-2030-escolas-tem-ate-8-de-setembro-para-registrar-escolha-de-livros\/\" \/>\n<meta property=\"og:locale\" content=\"pt_BR\" \/>\n<meta property=\"og:type\" content=\"article\" \/>\n<meta property=\"og:title\" content=\"PNLD Anos Iniciais 2027-2030: escolas t\u00eam at\u00e9 8 de setembro para registrar escolha de livros &raquo; Abrelivros\" \/>\n<meta property=\"og:description\" content=\"O Fundo Nacional de Desenvolvimento da Educa\u00e7\u00e3o (FNDE), autarquia vinculada ao Minist\u00e9rio da Educa\u00e7\u00e3o (MEC), informa que est\u00e1 aberto o per\u00edodo de escolha das obras did\u00e1ticas do Programa Nacional do Livro e do Material Did\u00e1tico (PNLD) para os Anos Iniciais do Ensino Fundamental \u2013 ciclo 2027-2030.\" \/>\n<meta property=\"og:url\" content=\"https:\/\/abrelivros.org.br\/site\/pnld-anos-iniciais-2027-2030-escolas-tem-ate-8-de-setembro-para-registrar-escolha-de-livros\/\" \/>\n<meta property=\"og:site_name\" content=\"Abrelivros\" \/>\n<meta property=\"article:published_time\" content=\"2026-08-25T13:41:54+00:00\" \/>\n<meta name=\"twitter:card\" content=\"summary_large_image\" \/>\n<script type=\"application\/ld+json\" class=\"yoast-schema-graph\">{\"@context\":\"https:\/\/schema.org\",\"@graph\":[{\"@type\":\"WebSite\",\"@id\":\"https:\/\/abrelivros.org.br\/site\/#website\",\"url\":\"https:\/\/abrelivros.org.br\/site\/\",\"name\":\"Abrelivros\",\"description\":\"\",\"potentialAction\":[{\"@type\":\"SearchAction\",\"target\":\"https:\/\/abrelivros.org.br\/site\/?s={search_term_string}\",\"query-input\":\"required name=search_term_string\"}],\"inLanguage\":\"pt-BR\"},{\"@type\":\"WebPage\",\"@id\":\"https:\/\/abrelivros.org.br\/site\/pnld-anos-iniciais-2027-2030-escolas-tem-ate-8-de-setembro-para-registrar-escolha-de-livros\/#webpage\",\"url\":\"https:\/\/abrelivros.org.br\/site\/pnld-anos-iniciais-2027-2030-escolas-tem-ate-8-de-setembro-para-registrar-escolha-de-livros\/\",\"name\":\"PNLD Anos Iniciais 2027-2030: escolas t\\u00eam at\\u00e9 8 de setembro para registrar escolha de livros &raquo; Abrelivros\",\"isPartOf\":{\"@id\":\"https:\/\/abrelivros.org.br\/site\/#website\"},\"datePublished\":\"2026-08-25T13:41:54+00:00\",\"dateModified\":\"2026-08-25T13:41:54+00:00\",\"author\":{\"@id\":\"https:\/\/abrelivros.org.br\/site\/#\/schema\/person\/65db80e26409802ce15ac5feec6a15fd\"},\"breadcrumb\":{\"@id\":\"https:\/\/abrelivros.org.br\/site\/pnld-anos-iniciais-2027-2030-escolas-tem-ate-8-de-setembro-para-registrar-escolha-de-livros\/#breadcrumb\"},\"inLanguage\":\"pt-BR\",\"potentialAction\":[{\"@type\":\"ReadAction\",\"target\":[\"https:\/\/abrelivros.org.br\/site\/pnld-anos-iniciais-2027-2030-escolas-tem-ate-8-de-setembro-para-registrar-escolha-de-livros\/\"]}]},{\"@type\":\"BreadcrumbList\",\"@id\":\"https:\/\/abrelivros.org.br\/site\/pnld-anos-iniciais-2027-2030-escolas-tem-ate-8-de-setembro-para-registrar-escolha-de-livros\/#breadcrumb\",\"itemListElement\":[{\"@type\":\"ListItem\",\"position\":1,\"item\":{\"@type\":\"WebPage\",\"@id\":\"https:\/\/abrelivros.org.br\/site\/\",\"url\":\"https:\/\/abrelivros.org.br\/site\/\",\"name\":\"In\\u00edcio\"}},{\"@type\":\"ListItem\",\"position\":2,\"item\":{\"@type\":\"WebPage\",\"@id\":\"https:\/\/abrelivros.org.br\/site\/category\/noticias\/\",\"url\":\"https:\/\/abrelivros.org.br\/site\/category\/noticias\/\",\"name\":\"Not\\u00edcias\"}},{\"@type\":\"ListItem\",\"position\":3,\"item\":{\"@type\":\"WebPage\",\"@id\":\"https:\/\/abrelivros.org.br\/site\/category\/noticias\/noticias-da-imprensa\/\",\"url\":\"https:\/\/abrelivros.org.br\/site\/category\/noticias\/noticias-da-imprensa\/\",\"name\":\"Not\\u00edcias da imprensa\"}},{\"@type\":\"ListItem\",\"position\":4,\"item\":{\"@type\":\"WebPage\",\"@id\":\"https:\/\/abrelivros.org.br\/site\/pnld-anos-iniciais-2027-2030-escolas-tem-ate-8-de-setembro-para-registrar-escolha-de-livros\/\",\"url\":\"https:\/\/abrelivros.org.br\/site\/pnld-anos-iniciais-2027-2030-escolas-tem-ate-8-de-setembro-para-registrar-escolha-de-livros\/\",\"name\":\"PNLD Anos Iniciais 2027-2030: escolas t\\u00eam at\\u00e9 8 de setembro para registrar escolha de livros\"}}]},{\"@type\":\"Person\",\"@id\":\"https:\/\/abrelivros.org.br\/site\/#\/schema\/person\/65db80e26409802ce15ac5feec6a15fd\",\"name\":\"Reda\\u00e7\\u00e3o Abrelivros\",\"image\":{\"@type\":\"ImageObject\",\"@id\":\"https:\/\/abrelivros.org.br\/site\/#personlogo\",\"inLanguage\":\"pt-BR\",\"url\":\"https:\/\/secure.gravatar.com\/avatar\/c4e57f9c7e3482965bd428192061218520756c39080b1d1820b679fa5e9af192?s=96&d=mm&r=g\",\"caption\":\"Reda\\u00e7\\u00e3o Abrelivros\"}}]}<\/script>\n<!-- \/ Yoast SEO plugin. -->","_links":{"self":[{"href":"https:\/\/abrelivros.org.br\/site\/wp-json\/wp\/v2\/posts\/22453","targetHints":{"allow":["GET"]}}],"collection":[{"href":"https:\/\/abrelivros.org.br\/site\/wp-json\/wp\/v2\/posts"}],"about":[{"href":"https:\/\/abrelivros.org.br\/site\/wp-json\/wp\/v2\/types\/post"}],"author":[{"embeddable":true,"href":"https:\/\/abrelivros.org.br\/site\/wp-json\/wp\/v2\/users\/4"}],"replies":[{"embeddable":true,"href":"https:\/\/abrelivros.org.br\/site\/wp-json\/wp\/v2\/comments?post=22453"}],"version-history":[{"count":1,"href":"https:\/\/abrelivros.org.br\/site\/wp-json\/wp\/v2\/posts\/22453\/revisions"}],"predecessor-version":[{"id":22454,"href":"https:\/\/abrelivros.org.br\/site\/wp-json\/wp\/v2\/posts\/22453\/revisions\/22454"}],"wp:attachment":[{"href":"https:\/\/abrelivros.org.br\/site\/wp-json\/wp\/v2\/media?parent=22453"}],"wp:term":[{"taxonomy":"category","embeddable":true,"href":"https:\/\/abrelivros.org.br\/site\/wp-json\/wp\/v2\/categories?post=22453"},{"taxonomy":"post_tag","embeddable":true,"href":"https:\/\/abrelivros.org.br\/site\/wp-json\/wp\/v2\/tags?post=22453"}],"curies":[{"name":"wp","href":"https:\/\/api.w.org\/{rel}","templated":true}]}}