{"id":22451,"date":"2026-08-25T10:35:19","date_gmt":"2026-08-25T13:35:19","guid":{"rendered":"https:\/\/abrelivros.org.br\/site\/?p=22451"},"modified":"2026-08-25T10:35:19","modified_gmt":"2026-08-25T13:35:19","slug":"escolha-de-livros-didaticos-do-pnld-comecou-nesta-segunda-24","status":"publish","type":"post","link":"https:\/\/abrelivros.org.br\/site\/escolha-de-livros-didaticos-do-pnld-comecou-nesta-segunda-24\/","title":{"rendered":"Escolha de livros did\u00e1ticos do PNLD come\u00e7ou nesta segunda (24)"},"content":{"rendered":"<p>Come\u00e7ou nesta segunda-feira (24) o per\u00edodo de sele\u00e7\u00e3o dos livros did\u00e1ticos que ser\u00e3o utilizados por estudantes e professores do 1\u00ba ao 5\u00ba ano do ensino fundamental no ciclo 2027-2030. As escolas p\u00fablicas t\u00eam at\u00e9 8 de setembro para realizar o processo.<!--more--><\/p>\n<p>O Minist\u00e9rio da Educa\u00e7\u00e3o (MEC) orienta as redes de ensino a escolherem considerando a proposta pedag\u00f3gica da unidade, os objetivos de ensino, bem como as caracter\u00edsticas e as necessidades da comunidade escolar.<\/p>\n<p>Para apoiar essa decis\u00e3o, est\u00e1 dispon\u00edvel o <a href=\"https:\/\/www.fnde.gov.br\/guialivro\">Guia Digital do Programa Nacional do Livro e do Material Did\u00e1tico (PNLD)<\/a>. A ferramenta re\u00fane informa\u00e7\u00f5es sobre as obras aprovadas, incluindo resenhas, metodologias propostas, organiza\u00e7\u00e3o dos conte\u00fados e orienta\u00e7\u00f5es para a escolha.<\/p>\n<p><strong>Como escolher os livros<\/strong> \u2013 A sele\u00e7\u00e3o deve ser feita com a participa\u00e7\u00e3o dos professores e da equipe gestora. Antes de registrar a decis\u00e3o, a escola deve analisar as obras dispon\u00edveis no <a href=\"https:\/\/www.fnde.gov.br\/guialivro\">Guia Digital<\/a> e identificar aquelas que mais se adequam ao seu projeto pedag\u00f3gico.<\/p>\n<p>O PNLD Anos Iniciais 2027-2030 contempla materiais para os estudantes do 1\u00ba ao 5\u00ba ano e est\u00e1 organizado em tr\u00eas categorias:<\/p>\n<p><strong>Categoria 1<\/strong> \u2013 escolha obrigat\u00f3ria: 1\u00ba e 2\u00ba anos;<\/p>\n<p><strong>Categoria 2<\/strong> \u2013 escolha obrigat\u00f3ria: 3\u00ba, 4\u00ba e 5\u00ba anos;<\/p>\n<p><strong>Categoria 3<\/strong> \u2013 escolha optativa: 1\u00ba ao 5\u00ba ano, para l\u00edngua espanhola e l\u00edngua inglesa.<\/p>\n<p>A escola que n\u00e3o desejar receber determinada obra ou componente dever\u00e1 registrar no sistema a op\u00e7\u00e3o \u201cN\u00c3O DESEJO RECEBER O LIVRO\u201d.<\/p>\n<p><strong>Passo a passo para registrar a escolha<\/strong><\/p>\n<p>1. <a href=\"https:\/\/www.fnde.gov.br\/guialivro\">Consulte o Guia Digital<\/a><\/p>\n<p>Professores e gestores devem analisar as obras dispon\u00edveis e avaliar quais materiais est\u00e3o mais alinhados \u00e0 proposta pedag\u00f3gica da escola.<\/p>\n<p>2. Fa\u00e7a a escolha com a equipe escolar<\/p>\n<p>A decis\u00e3o deve ser constru\u00edda de forma coletiva, garantindo a participa\u00e7\u00e3o dos professores.<\/p>\n<p><a href=\"https:\/\/www.fnde.gov.br\/guialivro\/pnld_anos_iniciais_2027_2030_objeto_01\/orientacoes_para_escolha\">3. Formalize a decis\u00e3o<\/a><\/p>\n<p>A decis\u00e3o deve ser registrada na Ata de Escolha, garantindo transpar\u00eancia ao processo.<\/p>\n<p><a href=\"https:\/\/pnlddigital.fnde.gov.br\/\">4. Acesse o PNLD Gest\u00e3o<\/a><\/p>\n<p>O registro oficial da escolha \u00e9 feito pelo diretor da escola no sistema <a href=\"https:\/\/pnlddigital.fnde.gov.br\/\">PNLD Gest\u00e3o<\/a>, com acesso pela conta Gov.br.<\/p>\n<p><a href=\"https:\/\/pnlddigital.fnde.gov.br\/\">5. Registre a escolha no sistema<\/a><\/p>\n<p>\u00c9 o registro realizado no PNLD Gest\u00e3o que oficializa a op\u00e7\u00e3o da escola. O preenchimento da ata, por si s\u00f3, n\u00e3o conclui o processo.<\/p>\n<p>6. D\u00ea publicidade \u00e0 decis\u00e3o<\/p>\n<p>Depois de conclu\u00eddo o processo, a Ata e o Comprovante de Escolha devem ser disponibilizados em local vis\u00edvel na escola.<\/p>\n<p>Em caso de d\u00favidas ou problemas relacionados ao acesso ou ao processo de sele\u00e7\u00e3o, as escolas podem entrar em contato com o FNDE pelo e-mail <a href=\"livrodidatico@fnde.gov.br\">livrodidatico@fnde.gov.br.<\/a><\/p>\n","protected":false},"excerpt":{"rendered":"<p>Come\u00e7ou nesta segunda-feira (24) o per\u00edodo de sele\u00e7\u00e3o dos livros did\u00e1ticos que ser\u00e3o utilizados por estudantes e professores do 1\u00ba ao 5\u00ba ano do ensino fundamental no ciclo 2027-2030. As escolas p\u00fablicas t\u00eam at\u00e9 8 de setembro para realizar o processo.<\/p>\n","protected":false},"author":4,"featured_media":0,"comment_status":"closed","ping_status":"closed","sticky":false,"template":"","format":"standard","meta":{"footnotes":"","_links_to":"","_links_to_target":""},"categories":[9],"tags":[],"class_list":["post-22451","post","type-post","status-publish","format-standard","hentry","category-noticias-da-imprensa"],"yoast_head":"<!-- This site is optimized with the Yoast SEO plugin v15.1 - https:\/\/yoast.com\/wordpress\/plugins\/seo\/ -->\n<title>Escolha de livros did\u00e1ticos do PNLD come\u00e7ou nesta segunda (24) &raquo; Abrelivros<\/title>\n<meta name=\"robots\" content=\"index, follow, max-snippet:-1, max-image-preview:large, max-video-preview:-1\" \/>\n<link rel=\"canonical\" href=\"https:\/\/abrelivros.org.br\/site\/escolha-de-livros-didaticos-do-pnld-comecou-nesta-segunda-24\/\" \/>\n<meta property=\"og:locale\" content=\"pt_BR\" \/>\n<meta property=\"og:type\" content=\"article\" \/>\n<meta property=\"og:title\" content=\"Escolha de livros did\u00e1ticos do PNLD come\u00e7ou nesta segunda (24) &raquo; Abrelivros\" \/>\n<meta property=\"og:description\" content=\"Come\u00e7ou nesta segunda-feira (24) o per\u00edodo de sele\u00e7\u00e3o dos livros did\u00e1ticos que ser\u00e3o utilizados por estudantes e professores do 1\u00ba ao 5\u00ba ano do ensino fundamental no ciclo 2027-2030. As escolas p\u00fablicas t\u00eam at\u00e9 8 de setembro para realizar o processo.\" \/>\n<meta property=\"og:url\" content=\"https:\/\/abrelivros.org.br\/site\/escolha-de-livros-didaticos-do-pnld-comecou-nesta-segunda-24\/\" \/>\n<meta property=\"og:site_name\" content=\"Abrelivros\" \/>\n<meta property=\"article:published_time\" content=\"2026-08-25T13:35:19+00:00\" \/>\n<meta name=\"twitter:card\" content=\"summary_large_image\" \/>\n<script type=\"application\/ld+json\" class=\"yoast-schema-graph\">{\"@context\":\"https:\/\/schema.org\",\"@graph\":[{\"@type\":\"WebSite\",\"@id\":\"https:\/\/abrelivros.org.br\/site\/#website\",\"url\":\"https:\/\/abrelivros.org.br\/site\/\",\"name\":\"Abrelivros\",\"description\":\"\",\"potentialAction\":[{\"@type\":\"SearchAction\",\"target\":\"https:\/\/abrelivros.org.br\/site\/?s={search_term_string}\",\"query-input\":\"required name=search_term_string\"}],\"inLanguage\":\"pt-BR\"},{\"@type\":\"WebPage\",\"@id\":\"https:\/\/abrelivros.org.br\/site\/escolha-de-livros-didaticos-do-pnld-comecou-nesta-segunda-24\/#webpage\",\"url\":\"https:\/\/abrelivros.org.br\/site\/escolha-de-livros-didaticos-do-pnld-comecou-nesta-segunda-24\/\",\"name\":\"Escolha de livros did\\u00e1ticos do PNLD come\\u00e7ou nesta segunda (24) &raquo; Abrelivros\",\"isPartOf\":{\"@id\":\"https:\/\/abrelivros.org.br\/site\/#website\"},\"datePublished\":\"2026-08-25T13:35:19+00:00\",\"dateModified\":\"2026-08-25T13:35:19+00:00\",\"author\":{\"@id\":\"https:\/\/abrelivros.org.br\/site\/#\/schema\/person\/65db80e26409802ce15ac5feec6a15fd\"},\"breadcrumb\":{\"@id\":\"https:\/\/abrelivros.org.br\/site\/escolha-de-livros-didaticos-do-pnld-comecou-nesta-segunda-24\/#breadcrumb\"},\"inLanguage\":\"pt-BR\",\"potentialAction\":[{\"@type\":\"ReadAction\",\"target\":[\"https:\/\/abrelivros.org.br\/site\/escolha-de-livros-didaticos-do-pnld-comecou-nesta-segunda-24\/\"]}]},{\"@type\":\"BreadcrumbList\",\"@id\":\"https:\/\/abrelivros.org.br\/site\/escolha-de-livros-didaticos-do-pnld-comecou-nesta-segunda-24\/#breadcrumb\",\"itemListElement\":[{\"@type\":\"ListItem\",\"position\":1,\"item\":{\"@type\":\"WebPage\",\"@id\":\"https:\/\/abrelivros.org.br\/site\/\",\"url\":\"https:\/\/abrelivros.org.br\/site\/\",\"name\":\"In\\u00edcio\"}},{\"@type\":\"ListItem\",\"position\":2,\"item\":{\"@type\":\"WebPage\",\"@id\":\"https:\/\/abrelivros.org.br\/site\/category\/noticias\/\",\"url\":\"https:\/\/abrelivros.org.br\/site\/category\/noticias\/\",\"name\":\"Not\\u00edcias\"}},{\"@type\":\"ListItem\",\"position\":3,\"item\":{\"@type\":\"WebPage\",\"@id\":\"https:\/\/abrelivros.org.br\/site\/category\/noticias\/noticias-da-imprensa\/\",\"url\":\"https:\/\/abrelivros.org.br\/site\/category\/noticias\/noticias-da-imprensa\/\",\"name\":\"Not\\u00edcias da imprensa\"}},{\"@type\":\"ListItem\",\"position\":4,\"item\":{\"@type\":\"WebPage\",\"@id\":\"https:\/\/abrelivros.org.br\/site\/escolha-de-livros-didaticos-do-pnld-comecou-nesta-segunda-24\/\",\"url\":\"https:\/\/abrelivros.org.br\/site\/escolha-de-livros-didaticos-do-pnld-comecou-nesta-segunda-24\/\",\"name\":\"Escolha de livros did\\u00e1ticos do PNLD come\\u00e7ou nesta segunda (24)\"}}]},{\"@type\":\"Person\",\"@id\":\"https:\/\/abrelivros.org.br\/site\/#\/schema\/person\/65db80e26409802ce15ac5feec6a15fd\",\"name\":\"Reda\\u00e7\\u00e3o Abrelivros\",\"image\":{\"@type\":\"ImageObject\",\"@id\":\"https:\/\/abrelivros.org.br\/site\/#personlogo\",\"inLanguage\":\"pt-BR\",\"url\":\"https:\/\/secure.gravatar.com\/avatar\/c4e57f9c7e3482965bd428192061218520756c39080b1d1820b679fa5e9af192?s=96&d=mm&r=g\",\"caption\":\"Reda\\u00e7\\u00e3o Abrelivros\"}}]}<\/script>\n<!-- \/ Yoast SEO plugin. -->","_links":{"self":[{"href":"https:\/\/abrelivros.org.br\/site\/wp-json\/wp\/v2\/posts\/22451","targetHints":{"allow":["GET"]}}],"collection":[{"href":"https:\/\/abrelivros.org.br\/site\/wp-json\/wp\/v2\/posts"}],"about":[{"href":"https:\/\/abrelivros.org.br\/site\/wp-json\/wp\/v2\/types\/post"}],"author":[{"embeddable":true,"href":"https:\/\/abrelivros.org.br\/site\/wp-json\/wp\/v2\/users\/4"}],"replies":[{"embeddable":true,"href":"https:\/\/abrelivros.org.br\/site\/wp-json\/wp\/v2\/comments?post=22451"}],"version-history":[{"count":1,"href":"https:\/\/abrelivros.org.br\/site\/wp-json\/wp\/v2\/posts\/22451\/revisions"}],"predecessor-version":[{"id":22452,"href":"https:\/\/abrelivros.org.br\/site\/wp-json\/wp\/v2\/posts\/22451\/revisions\/22452"}],"wp:attachment":[{"href":"https:\/\/abrelivros.org.br\/site\/wp-json\/wp\/v2\/media?parent=22451"}],"wp:term":[{"taxonomy":"category","embeddable":true,"href":"https:\/\/abrelivros.org.br\/site\/wp-json\/wp\/v2\/categories?post=22451"},{"taxonomy":"post_tag","embeddable":true,"href":"https:\/\/abrelivros.org.br\/site\/wp-json\/wp\/v2\/tags?post=22451"}],"curies":[{"name":"wp","href":"https:\/\/api.w.org\/{rel}","templated":true}]}}