{"id":2245,"date":"2008-09-11T17:00:00","date_gmt":"2008-09-11T20:00:00","guid":{"rendered":"https:\/\/abrelivros.org.br\/site\/2008\/09\/11\/escolas-expoem-modelo-de-qualidade\/"},"modified":"2008-09-11T17:00:00","modified_gmt":"2008-09-11T20:00:00","slug":"escolas-expoem-modelo-de-qualidade","status":"publish","type":"post","link":"https:\/\/abrelivros.org.br\/site\/escolas-expoem-modelo-de-qualidade\/","title":{"rendered":"Escolas exp\u00f5em modelo de qualidade"},"content":{"rendered":"<p>Os col\u00e9gios de aplica\u00e7\u00e3o, institui\u00e7\u00f5es ligadas a universidades federais e consideradas como refer\u00eancia de qualidade na educa\u00e7\u00e3o b\u00e1sica, foram convidados pelo ministro da Educa\u00e7\u00e3o, Fernando Haddad, a colaborar com o Portal do Professor. \u201cOs col\u00e9gios de aplica\u00e7\u00e3o s\u00e3o as melhores escolas p\u00fablicas do pa\u00eds. O que eles podem fazer para atender os professores das redes estaduais e municipais\u201d?, indagou Haddad aos diretores, reunidos nesta ter\u00e7a-feira, 8, em Bras\u00edlia.\u00a0<br \/> \u00a0<br \/> O desafio foi aceito pelos diretores, que j\u00e1 marcaram reuni\u00e3o para o pr\u00f3ximo dia 17 com o secret\u00e1rio de Educa\u00e7\u00e3o a Dist\u00e2ncia, Carlos Bielschowsky, quando detalhar\u00e3o as atividades. A proposta de Haddad \u00e9 que os professores dessas institui\u00e7\u00f5es de ensino contribuam com suas pr\u00e1ticas em sala de aula, que ele chama de \u201cch\u00e3o da escola\u201d. Por exemplo, como  planejam e organizam as aulas, como se comunicam com os alunos, que dificuldades encontram e que sa\u00eddas usam, qual a quantidade de deveres de casa passam para os estudantes.\u00a0<br \/> \u00a0<br \/> Lan\u00e7ado na internet em 18 de junho deste ano, o <a href=\"http:\/\/portaldoprofessor.mec.gov.br\/lessonPage.action\" target=\"_blank\" rel=\"noopener noreferrer\">Portal do Professor<\/a> \u00e9 um espa\u00e7o de pesquisa, troca de pr\u00e1ticas pedag\u00f3gicas e de experi\u00eancias entre os docentes, com acesso a objetos de aprendizagem constru\u00eddos por universidades de diversos pa\u00edses. Enfim, \u201c\u00e9 um mundo aberto ao professor\u201d, diz Haddad. O que o ministro pretende, agora, \u00e9 ampliar a troca de experi\u00eancias entre colegas do magist\u00e9rio e socializar o memorial do conhecimento testado e aprovado nos col\u00e9gios de aplica\u00e7\u00e3o para atender o Plano de Desenvolvimento da Educa\u00e7\u00e3o B\u00e1sica (PDE), lan\u00e7ado em abril de 2007. O plano atribui ao governo federal a tarefa de formar os professores das redes p\u00fablicas.\u00a0<br \/> \u00a0<br \/> Em contrapartida \u00e0 colabora\u00e7\u00e3o dos col\u00e9gios, o Minist\u00e9rio da Educa\u00e7\u00e3o oferece recursos para o custeio da atividade extra e bolsas da Coordena\u00e7\u00e3o de Aperfei\u00e7oamento de Pessoal de N\u00edvel Superior (Capes) aos professores. O custeio e a oferta de bolsas tamb\u00e9m ser\u00e3o temas da reuni\u00e3o do dia 17.\u00a0<br \/> \u00a0<br \/><B> Qualidade<\/B> \u2014 O pa\u00eds tem hoje 16 col\u00e9gios de aplica\u00e7\u00e3o, distribu\u00eddos em universidades federais de todas as regi\u00f5es. Eles oferecem da educa\u00e7\u00e3o infantil ao ensino m\u00e9dio. S\u00e3o aproximadamente 12 mil alunos e 1,1 mil professores. De acordo com o presidente do Conselho de Diretores dos Col\u00e9gios de Aplica\u00e7\u00e3o da Educa\u00e7\u00e3o B\u00e1sica, Romeu Augusto Bezerra, a resposta ao pedido do ministro \u00e9 positiva. A excel\u00eancia da educa\u00e7\u00e3o oferecida pela institui\u00e7\u00f5es, segundo Bezerra, est\u00e1 na qualifica\u00e7\u00e3o dos professores. No col\u00e9gio da Universidade Federal de Santa Catarina, dirigido por Bezerra, 82% dos professores s\u00e3o mestres ou doutores. \u00a0<br \/> \u00a0<br \/> Bezerra destaca o reconhecimento da popula\u00e7\u00e3o \u00e0 qualidade do ensino ministrado nesses col\u00e9gios, medido  pela procura de vagas. Para atender de forma justa essa procura, os col\u00e9gios usam como sistema de ingresso o processo seletivo e sorteio p\u00fablico de vagas.\u00a0<br \/> \u00a0<br \/> \u00a0<\/p>\n<p><\/p>\n","protected":false},"excerpt":{"rendered":"<p>Os col\u00e9gios de aplica\u00e7\u00e3o, institui\u00e7\u00f5es ligadas a universidades federais e consideradas como refer\u00eancia de qualidade na educa\u00e7\u00e3o b\u00e1sica, foram convidados pelo ministro da Educa\u00e7\u00e3o, Fernando Haddad, a colaborar com o Portal do Professor. \u201cOs col\u00e9gios de aplica\u00e7\u00e3o s\u00e3o as melhores escolas p\u00fablicas do pa\u00eds. O que eles podem fazer para atender os professores das redes [&hellip;]<\/p>\n","protected":false},"author":1,"featured_media":0,"comment_status":"closed","ping_status":"closed","sticky":false,"template":"","format":"standard","meta":{"footnotes":"","_links_to":"","_links_to_target":""},"categories":[9],"tags":[],"class_list":["post-2245","post","type-post","status-publish","format-standard","hentry","category-noticias-da-imprensa"],"yoast_head":"<!-- This site is optimized with the Yoast SEO plugin v15.1 - https:\/\/yoast.com\/wordpress\/plugins\/seo\/ -->\n<title>Escolas exp\u00f5em modelo de qualidade &raquo; Abrelivros<\/title>\n<meta name=\"robots\" content=\"index, follow, max-snippet:-1, max-image-preview:large, max-video-preview:-1\" \/>\n<link rel=\"canonical\" href=\"https:\/\/abrelivros.org.br\/site\/escolas-expoem-modelo-de-qualidade\/\" \/>\n<meta property=\"og:locale\" content=\"pt_BR\" \/>\n<meta property=\"og:type\" content=\"article\" \/>\n<meta property=\"og:title\" content=\"Escolas exp\u00f5em modelo de qualidade &raquo; Abrelivros\" \/>\n<meta property=\"og:description\" content=\"Os col\u00e9gios de aplica\u00e7\u00e3o, institui\u00e7\u00f5es ligadas a universidades federais e consideradas como refer\u00eancia de qualidade na educa\u00e7\u00e3o b\u00e1sica, foram convidados pelo ministro da Educa\u00e7\u00e3o, Fernando Haddad, a colaborar com o Portal do Professor. \u201cOs col\u00e9gios de aplica\u00e7\u00e3o s\u00e3o as melhores escolas p\u00fablicas do pa\u00eds. O que eles podem fazer para atender os professores das redes [&hellip;]\" \/>\n<meta property=\"og:url\" content=\"https:\/\/abrelivros.org.br\/site\/escolas-expoem-modelo-de-qualidade\/\" \/>\n<meta property=\"og:site_name\" content=\"Abrelivros\" \/>\n<meta property=\"article:published_time\" content=\"2008-09-11T20:00:00+00:00\" \/>\n<meta name=\"twitter:card\" content=\"summary_large_image\" \/>\n<script type=\"application\/ld+json\" class=\"yoast-schema-graph\">{\"@context\":\"https:\/\/schema.org\",\"@graph\":[{\"@type\":\"WebSite\",\"@id\":\"https:\/\/abrelivros.org.br\/site\/#website\",\"url\":\"https:\/\/abrelivros.org.br\/site\/\",\"name\":\"Abrelivros\",\"description\":\"\",\"potentialAction\":[{\"@type\":\"SearchAction\",\"target\":\"https:\/\/abrelivros.org.br\/site\/?s={search_term_string}\",\"query-input\":\"required name=search_term_string\"}],\"inLanguage\":\"pt-BR\"},{\"@type\":\"WebPage\",\"@id\":\"https:\/\/abrelivros.org.br\/site\/escolas-expoem-modelo-de-qualidade\/#webpage\",\"url\":\"https:\/\/abrelivros.org.br\/site\/escolas-expoem-modelo-de-qualidade\/\",\"name\":\"Escolas exp\\u00f5em modelo de qualidade &raquo; Abrelivros\",\"isPartOf\":{\"@id\":\"https:\/\/abrelivros.org.br\/site\/#website\"},\"datePublished\":\"2008-09-11T20:00:00+00:00\",\"dateModified\":\"2008-09-11T20:00:00+00:00\",\"author\":{\"@id\":\"https:\/\/abrelivros.org.br\/site\/#\/schema\/person\/2b867f13a717bb230f1a3555505f5593\"},\"breadcrumb\":{\"@id\":\"https:\/\/abrelivros.org.br\/site\/escolas-expoem-modelo-de-qualidade\/#breadcrumb\"},\"inLanguage\":\"pt-BR\",\"potentialAction\":[{\"@type\":\"ReadAction\",\"target\":[\"https:\/\/abrelivros.org.br\/site\/escolas-expoem-modelo-de-qualidade\/\"]}]},{\"@type\":\"BreadcrumbList\",\"@id\":\"https:\/\/abrelivros.org.br\/site\/escolas-expoem-modelo-de-qualidade\/#breadcrumb\",\"itemListElement\":[{\"@type\":\"ListItem\",\"position\":1,\"item\":{\"@type\":\"WebPage\",\"@id\":\"https:\/\/abrelivros.org.br\/site\/\",\"url\":\"https:\/\/abrelivros.org.br\/site\/\",\"name\":\"In\\u00edcio\"}},{\"@type\":\"ListItem\",\"position\":2,\"item\":{\"@type\":\"WebPage\",\"@id\":\"https:\/\/abrelivros.org.br\/site\/category\/noticias\/\",\"url\":\"https:\/\/abrelivros.org.br\/site\/category\/noticias\/\",\"name\":\"Not\\u00edcias\"}},{\"@type\":\"ListItem\",\"position\":3,\"item\":{\"@type\":\"WebPage\",\"@id\":\"https:\/\/abrelivros.org.br\/site\/category\/noticias\/noticias-da-imprensa\/\",\"url\":\"https:\/\/abrelivros.org.br\/site\/category\/noticias\/noticias-da-imprensa\/\",\"name\":\"Not\\u00edcias da imprensa\"}},{\"@type\":\"ListItem\",\"position\":4,\"item\":{\"@type\":\"WebPage\",\"@id\":\"https:\/\/abrelivros.org.br\/site\/escolas-expoem-modelo-de-qualidade\/\",\"url\":\"https:\/\/abrelivros.org.br\/site\/escolas-expoem-modelo-de-qualidade\/\",\"name\":\"Escolas exp\\u00f5em modelo de qualidade\"}}]},{\"@type\":\"Person\",\"@id\":\"https:\/\/abrelivros.org.br\/site\/#\/schema\/person\/2b867f13a717bb230f1a3555505f5593\",\"name\":\"\\u00a0\",\"image\":{\"@type\":\"ImageObject\",\"@id\":\"https:\/\/abrelivros.org.br\/site\/#personlogo\",\"inLanguage\":\"pt-BR\",\"url\":\"https:\/\/secure.gravatar.com\/avatar\/e80b7f5231be2fff5040a8023da424898002831c5439420df182ae62676d2a6f?s=96&d=mm&r=g\",\"caption\":\"\\u00a0\"}}]}<\/script>\n<!-- \/ Yoast SEO plugin. -->","_links":{"self":[{"href":"https:\/\/abrelivros.org.br\/site\/wp-json\/wp\/v2\/posts\/2245","targetHints":{"allow":["GET"]}}],"collection":[{"href":"https:\/\/abrelivros.org.br\/site\/wp-json\/wp\/v2\/posts"}],"about":[{"href":"https:\/\/abrelivros.org.br\/site\/wp-json\/wp\/v2\/types\/post"}],"author":[{"embeddable":true,"href":"https:\/\/abrelivros.org.br\/site\/wp-json\/wp\/v2\/users\/1"}],"replies":[{"embeddable":true,"href":"https:\/\/abrelivros.org.br\/site\/wp-json\/wp\/v2\/comments?post=2245"}],"version-history":[{"count":0,"href":"https:\/\/abrelivros.org.br\/site\/wp-json\/wp\/v2\/posts\/2245\/revisions"}],"wp:attachment":[{"href":"https:\/\/abrelivros.org.br\/site\/wp-json\/wp\/v2\/media?parent=2245"}],"wp:term":[{"taxonomy":"category","embeddable":true,"href":"https:\/\/abrelivros.org.br\/site\/wp-json\/wp\/v2\/categories?post=2245"},{"taxonomy":"post_tag","embeddable":true,"href":"https:\/\/abrelivros.org.br\/site\/wp-json\/wp\/v2\/tags?post=2245"}],"curies":[{"name":"wp","href":"https:\/\/api.w.org\/{rel}","templated":true}]}}