{"id":22449,"date":"2026-08-21T14:59:32","date_gmt":"2026-08-21T17:59:32","guid":{"rendered":"https:\/\/abrelivros.org.br\/site\/?p=22449"},"modified":"2026-08-21T14:59:32","modified_gmt":"2026-08-21T17:59:32","slug":"resultados-do-ideb-orientam-acoes-nas-redes-de-ensino","status":"publish","type":"post","link":"https:\/\/abrelivros.org.br\/site\/resultados-do-ideb-orientam-acoes-nas-redes-de-ensino\/","title":{"rendered":"Resultados do Ideb orientam a\u00e7\u00f5es nas redes de ensino"},"content":{"rendered":"<p>O Minist\u00e9rio da Educa\u00e7\u00e3o (MEC) iniciou, por meio da estrat\u00e9gia Brasil Aprende+, uma mobiliza\u00e7\u00e3o nacional que re\u00fane a Uni\u00e3o, os estados, os munic\u00edpios e o Distrito Federal para apoiar as redes de ensino na an\u00e1lise dos resultados do <a href=\"https:\/\/www.gov.br\/inep\/pt-br\/areas-de-atuacao\/pesquisas-estatisticas-e-indicadores\/ideb\">\u00cdndice de Desenvolvimento da Educa\u00e7\u00e3o B\u00e1sica (Ideb)<\/a> e na constru\u00e7\u00e3o de a\u00e7\u00f5es voltadas \u00e0 melhoria da aprendizagem no ensino fundamental.<!--more--><\/p>\n<p>A iniciativa parte dos <a href=\"https:\/\/www.gov.br\/inep\/pt-br\/areas-de-atuacao\/pesquisas-estatisticas-e-indicadores\/ideb\/resultados\">resultados do Ideb 2025<\/a> para orientar decis\u00f5es pedag\u00f3gicas ainda neste ano. A proposta \u00e9 que redes e escolas utilizem os dados para identificar desafios, definir prioridades, planejar a\u00e7\u00f5es e acompanhar os resultados, sem esperar pelo pr\u00f3ximo ciclo de avalia\u00e7\u00e3o, previsto para 2027.<\/p>\n<p>O Brasil Aprende+ est\u00e1 vinculado ao <a href=\"https:\/\/www.gov.br\/mec\/pt-br\/recomposicao-aprendizagens\">Pacto Nacional pela Recomposi\u00e7\u00e3o das Aprendizagens<\/a> e ser\u00e1 desenvolvido em oito etapas, que envolvem desde a an\u00e1lise dos resultados at\u00e9 o acompanhamento das a\u00e7\u00f5es realizadas nas escolas.<\/p>\n<p>A mobiliza\u00e7\u00e3o come\u00e7ou com uma reuni\u00e3o t\u00e9cnica nacional realizada entre representantes do MEC e da Uni\u00e3o Nacional dos Dirigentes Municipais de Educa\u00e7\u00e3o (Undime), al\u00e9m de secret\u00e1rios estaduais do Conselho Nacional de Secret\u00e1rios de Educa\u00e7\u00e3o (Consed) e equipes t\u00e9cnicas das redes de ensino.<\/p>\n<p>O encontro deu in\u00edcio \u00e0 agenda de trabalho, que ser\u00e1 seguida de 27 reuni\u00f5es t\u00e9cnicas estaduais, envolvendo os 26 estados e o Distrito Federal. Os encontros ser\u00e3o realizados at\u00e9 3 de setembro e contar\u00e3o com secret\u00e1rios municipais de educa\u00e7\u00e3o dos munic\u00edpios priorit\u00e1rios, gestores respons\u00e1veis pelo ensino fundamental, equipes t\u00e9cnicas das secretarias, representantes das redes e articuladores de diferentes pol\u00edticas do MEC.<\/p>\n<p><strong>Ideb<\/strong> \u2013 Entre os cerca de 5,7 mil munic\u00edpios avaliados, 442 apresentaram m\u00e9dia inferior a 5 nos anos iniciais do ensino fundamental. O grupo ser\u00e1 uma das prioridades da mobiliza\u00e7\u00e3o, mas n\u00e3o ser\u00e1 o \u00fanico foco. Do total, 320 munic\u00edpios registraram crescimento no Ideb, enquanto cerca de 120 apresentaram queda ou permaneceram estagnados.<\/p>\n<p>O cen\u00e1rio, segundo a proposta do MEC, exige considerar as diferentes trajet\u00f3rias e necessidades de cada rede. Por isso, a mobiliza\u00e7\u00e3o busca apoiar a constru\u00e7\u00e3o de estrat\u00e9gias de cada territ\u00f3rio, em vez de propor uma resposta \u00fanica para diferentes contextos.<\/p>\n<p><strong>Plano de a\u00e7\u00e3o<\/strong> \u2013 Por meio de reuni\u00f5es estaduais e da an\u00e1lise dos dados, as redes de ensino receber\u00e3o apoio durante a constru\u00e7\u00e3o e a revis\u00e3o de seus planos de a\u00e7\u00e3o.<\/p>\n<p>O planejamento dever\u00e1 considerar as evid\u00eancias identificadas no diagn\u00f3stico e apontar os principais desafios de aprendizagem, as prioridades de atua\u00e7\u00e3o, as estrat\u00e9gias que ser\u00e3o desenvolvidas e os resultados esperados.<\/p>\n<p>Para os munic\u00edpios priorit\u00e1rios, haver\u00e1 uma \u00e1rea espec\u00edfica no<a href=\"https:\/\/simec.mec.gov.br\/login.php\"> Sistema Integrado de Monitoramento, Execu\u00e7\u00e3o e Controle (Simec)<\/a>, que permitir\u00e1 detalhar as a\u00e7\u00f5es relacionadas \u00e0 recomposi\u00e7\u00e3o das aprendizagens.<\/p>\n<p>O MEC disponibilizar\u00e1 uma caixa de ferramentas do Brasil Aprende+, com instrumentos para diagn\u00f3stico, apropria\u00e7\u00e3o dos resultados, planejamento e acompanhamento das a\u00e7\u00f5es. Entre os recursos est\u00e3o pain\u00e9is interativos, relat\u00f3rios personalizados por rede de ensino, materiais orientadores, guias e instrumentos destinados a diferentes perfis de profissionais da educa\u00e7\u00e3o, como gestores escolares, coordenadores pedag\u00f3gicos e professores.<\/p>\n<p>O painel de prioriza\u00e7\u00e3o, com dados de todas as escolas do pa\u00eds, permitir\u00e1 analisar o resultado de 2025 e a trajet\u00f3ria das unidades entre 2023 e 2025. A ferramenta ajudar\u00e1 as redes a identificarem tanto escolas com resultados baixos quanto aquelas que apresentam queda ou estagna\u00e7\u00e3o no desempenho ao longo do per\u00edodo.<\/p>\n<p>A previs\u00e3o \u00e9 que o painel esteja dispon\u00edvel para as redes a partir desta sexta-feira, 21 de agosto.<\/p>\n<p><strong>Trabalho nas escolas<\/strong> \u2013 Com os instrumentos disponibilizados pelo MEC, o trabalho ser\u00e1 desdobrado at\u00e9 as unidades escolares. Gestores, coordenadores pedag\u00f3gicos e professores poder\u00e3o fazer uma leitura detalhada dos resultados da pr\u00f3pria escola, considerando aspectos como n\u00edveis de profici\u00eancia, distribui\u00e7\u00e3o dos estudantes nas escalas de aprendizagem, participa\u00e7\u00e3o nas avalia\u00e7\u00f5es, indicadores contextuais, forma\u00e7\u00e3o e adequa\u00e7\u00e3o docente, curr\u00edculo e hist\u00f3rico de desempenho.<\/p>\n<p>A partir dessa an\u00e1lise, as equipes poder\u00e3o identificar habilidades que precisam ser fortalecidas, turmas e estudantes que demandam maior aten\u00e7\u00e3o e aspectos do planejamento pedag\u00f3gico que precisam ser revistos.<\/p>\n<p>Ap\u00f3s a apropria\u00e7\u00e3o dos resultados, cada escola ser\u00e1 estimulada a construir seu pr\u00f3prio plano de a\u00e7\u00e3o, considerando os desafios identificados no diagn\u00f3stico. O planejamento dever\u00e1 estabelecer as prioridades da unidade, as estrat\u00e9gias pedag\u00f3gicas que ser\u00e3o desenvolvidas, os respons\u00e1veis pelas a\u00e7\u00f5es e os resultados que se pretende alcan\u00e7ar.<\/p>\n<p>A proposta \u00e9 que o plano esteja conectado \u00e0 realidade de cada escola e integrado ao planejamento da respectiva rede de ensino.<\/p>\n<p><strong>Dia D<\/strong> \u2013 Na segunda semana de setembro, ser\u00e1 realizada uma mobiliza\u00e7\u00e3o nacional para a apropria\u00e7\u00e3o dos resultados nas escolas. Cada rede poder\u00e1 escolher, entre 8 e 11 de setembro, o dia mais adequado para realizar o Dia D.<\/p>\n<p><strong>Acompanhamento<\/strong> \u2013 A \u00faltima etapa do Brasil Aprende+ ser\u00e1 o acompanhamento cont\u00ednuo das a\u00e7\u00f5es desenvolvidas pelas redes e escolas. O MEC apoiar\u00e1 as redes na an\u00e1lise das evid\u00eancias produzidas ao longo do processo e poder\u00e1 direcionar forma\u00e7\u00e3o, apoio t\u00e9cnico e financeiro, al\u00e9m de articular a\u00e7\u00f5es de outras pol\u00edticas e programas, de acordo com os gargalos identificados.<\/p>\n<p>Tamb\u00e9m ser\u00e3o fortalecidas as avalia\u00e7\u00f5es formativas de aprendizagem, disponibilizadas pelo MEC, como instrumento para acompanhar o desenvolvimento dos estudantes durante o ano letivo.<\/p>\n<p>A proposta \u00e9 que as redes tenham informa\u00e7\u00f5es em tempo oportuno para verificar os resultados das estrat\u00e9gias adotadas e ajustar o planejamento quando necess\u00e1rio. O ciclo de diagn\u00f3stico, planejamento, interven\u00e7\u00e3o e monitoramento dever\u00e1 contribuir para fortalecer a aprendizagem dos estudantes ao longo dos pr\u00f3ximos anos, at\u00e9 o pr\u00f3ximo ciclo de avalia\u00e7\u00e3o, previsto para 2027.<\/p>\n<p><strong>Pacto Nacional<\/strong> \u2013 O Brasil Aprende+ faz parte do Pacto Nacional pela Recomposi\u00e7\u00e3o das Aprendizagens, que apoia os estados, os munic\u00edpios e o Distrito Federal na recomposi\u00e7\u00e3o das aprendizagens de estudantes da educa\u00e7\u00e3o b\u00e1sica que apresentam defasagens.<\/p>\n<p>Constru\u00edda de forma colaborativa com o Consed e a Undime, a pol\u00edtica busca contribuir para a redu\u00e7\u00e3o das desigualdades e o fortalecimento da equidade de ensino.<\/p>\n","protected":false},"excerpt":{"rendered":"<p>O Minist\u00e9rio da Educa\u00e7\u00e3o (MEC) iniciou, por meio da estrat\u00e9gia Brasil Aprende+, uma mobiliza\u00e7\u00e3o nacional que re\u00fane a Uni\u00e3o, os estados, os munic\u00edpios e o Distrito Federal para apoiar as redes de ensino na an\u00e1lise dos resultados do \u00cdndice de Desenvolvimento da Educa\u00e7\u00e3o B\u00e1sica (Ideb) e na constru\u00e7\u00e3o de a\u00e7\u00f5es voltadas \u00e0 melhoria da aprendizagem [&hellip;]<\/p>\n","protected":false},"author":4,"featured_media":0,"comment_status":"closed","ping_status":"closed","sticky":false,"template":"","format":"standard","meta":{"footnotes":"","_links_to":"","_links_to_target":""},"categories":[9],"tags":[],"class_list":["post-22449","post","type-post","status-publish","format-standard","hentry","category-noticias-da-imprensa"],"yoast_head":"<!-- This site is optimized with the Yoast SEO plugin v15.1 - https:\/\/yoast.com\/wordpress\/plugins\/seo\/ -->\n<title>Resultados do Ideb orientam a\u00e7\u00f5es nas redes de ensino &raquo; Abrelivros<\/title>\n<meta name=\"robots\" content=\"index, follow, max-snippet:-1, max-image-preview:large, max-video-preview:-1\" \/>\n<link rel=\"canonical\" href=\"https:\/\/abrelivros.org.br\/site\/resultados-do-ideb-orientam-acoes-nas-redes-de-ensino\/\" \/>\n<meta property=\"og:locale\" content=\"pt_BR\" \/>\n<meta property=\"og:type\" content=\"article\" \/>\n<meta property=\"og:title\" content=\"Resultados do Ideb orientam a\u00e7\u00f5es nas redes de ensino &raquo; Abrelivros\" \/>\n<meta property=\"og:description\" content=\"O Minist\u00e9rio da Educa\u00e7\u00e3o (MEC) iniciou, por meio da estrat\u00e9gia Brasil Aprende+, uma mobiliza\u00e7\u00e3o nacional que re\u00fane a Uni\u00e3o, os estados, os munic\u00edpios e o Distrito Federal para apoiar as redes de ensino na an\u00e1lise dos resultados do \u00cdndice de Desenvolvimento da Educa\u00e7\u00e3o B\u00e1sica (Ideb) e na constru\u00e7\u00e3o de a\u00e7\u00f5es voltadas \u00e0 melhoria da aprendizagem [&hellip;]\" \/>\n<meta property=\"og:url\" content=\"https:\/\/abrelivros.org.br\/site\/resultados-do-ideb-orientam-acoes-nas-redes-de-ensino\/\" \/>\n<meta property=\"og:site_name\" content=\"Abrelivros\" \/>\n<meta property=\"article:published_time\" content=\"2026-08-21T17:59:32+00:00\" \/>\n<meta name=\"twitter:card\" content=\"summary_large_image\" \/>\n<script type=\"application\/ld+json\" class=\"yoast-schema-graph\">{\"@context\":\"https:\/\/schema.org\",\"@graph\":[{\"@type\":\"WebSite\",\"@id\":\"https:\/\/abrelivros.org.br\/site\/#website\",\"url\":\"https:\/\/abrelivros.org.br\/site\/\",\"name\":\"Abrelivros\",\"description\":\"\",\"potentialAction\":[{\"@type\":\"SearchAction\",\"target\":\"https:\/\/abrelivros.org.br\/site\/?s={search_term_string}\",\"query-input\":\"required name=search_term_string\"}],\"inLanguage\":\"pt-BR\"},{\"@type\":\"WebPage\",\"@id\":\"https:\/\/abrelivros.org.br\/site\/resultados-do-ideb-orientam-acoes-nas-redes-de-ensino\/#webpage\",\"url\":\"https:\/\/abrelivros.org.br\/site\/resultados-do-ideb-orientam-acoes-nas-redes-de-ensino\/\",\"name\":\"Resultados do Ideb orientam a\\u00e7\\u00f5es nas redes de ensino &raquo; Abrelivros\",\"isPartOf\":{\"@id\":\"https:\/\/abrelivros.org.br\/site\/#website\"},\"datePublished\":\"2026-08-21T17:59:32+00:00\",\"dateModified\":\"2026-08-21T17:59:32+00:00\",\"author\":{\"@id\":\"https:\/\/abrelivros.org.br\/site\/#\/schema\/person\/65db80e26409802ce15ac5feec6a15fd\"},\"breadcrumb\":{\"@id\":\"https:\/\/abrelivros.org.br\/site\/resultados-do-ideb-orientam-acoes-nas-redes-de-ensino\/#breadcrumb\"},\"inLanguage\":\"pt-BR\",\"potentialAction\":[{\"@type\":\"ReadAction\",\"target\":[\"https:\/\/abrelivros.org.br\/site\/resultados-do-ideb-orientam-acoes-nas-redes-de-ensino\/\"]}]},{\"@type\":\"BreadcrumbList\",\"@id\":\"https:\/\/abrelivros.org.br\/site\/resultados-do-ideb-orientam-acoes-nas-redes-de-ensino\/#breadcrumb\",\"itemListElement\":[{\"@type\":\"ListItem\",\"position\":1,\"item\":{\"@type\":\"WebPage\",\"@id\":\"https:\/\/abrelivros.org.br\/site\/\",\"url\":\"https:\/\/abrelivros.org.br\/site\/\",\"name\":\"In\\u00edcio\"}},{\"@type\":\"ListItem\",\"position\":2,\"item\":{\"@type\":\"WebPage\",\"@id\":\"https:\/\/abrelivros.org.br\/site\/category\/noticias\/\",\"url\":\"https:\/\/abrelivros.org.br\/site\/category\/noticias\/\",\"name\":\"Not\\u00edcias\"}},{\"@type\":\"ListItem\",\"position\":3,\"item\":{\"@type\":\"WebPage\",\"@id\":\"https:\/\/abrelivros.org.br\/site\/category\/noticias\/noticias-da-imprensa\/\",\"url\":\"https:\/\/abrelivros.org.br\/site\/category\/noticias\/noticias-da-imprensa\/\",\"name\":\"Not\\u00edcias da imprensa\"}},{\"@type\":\"ListItem\",\"position\":4,\"item\":{\"@type\":\"WebPage\",\"@id\":\"https:\/\/abrelivros.org.br\/site\/resultados-do-ideb-orientam-acoes-nas-redes-de-ensino\/\",\"url\":\"https:\/\/abrelivros.org.br\/site\/resultados-do-ideb-orientam-acoes-nas-redes-de-ensino\/\",\"name\":\"Resultados do Ideb orientam a\\u00e7\\u00f5es nas redes de ensino\"}}]},{\"@type\":\"Person\",\"@id\":\"https:\/\/abrelivros.org.br\/site\/#\/schema\/person\/65db80e26409802ce15ac5feec6a15fd\",\"name\":\"Reda\\u00e7\\u00e3o Abrelivros\",\"image\":{\"@type\":\"ImageObject\",\"@id\":\"https:\/\/abrelivros.org.br\/site\/#personlogo\",\"inLanguage\":\"pt-BR\",\"url\":\"https:\/\/secure.gravatar.com\/avatar\/c4e57f9c7e3482965bd428192061218520756c39080b1d1820b679fa5e9af192?s=96&d=mm&r=g\",\"caption\":\"Reda\\u00e7\\u00e3o Abrelivros\"}}]}<\/script>\n<!-- \/ Yoast SEO plugin. -->","_links":{"self":[{"href":"https:\/\/abrelivros.org.br\/site\/wp-json\/wp\/v2\/posts\/22449","targetHints":{"allow":["GET"]}}],"collection":[{"href":"https:\/\/abrelivros.org.br\/site\/wp-json\/wp\/v2\/posts"}],"about":[{"href":"https:\/\/abrelivros.org.br\/site\/wp-json\/wp\/v2\/types\/post"}],"author":[{"embeddable":true,"href":"https:\/\/abrelivros.org.br\/site\/wp-json\/wp\/v2\/users\/4"}],"replies":[{"embeddable":true,"href":"https:\/\/abrelivros.org.br\/site\/wp-json\/wp\/v2\/comments?post=22449"}],"version-history":[{"count":1,"href":"https:\/\/abrelivros.org.br\/site\/wp-json\/wp\/v2\/posts\/22449\/revisions"}],"predecessor-version":[{"id":22450,"href":"https:\/\/abrelivros.org.br\/site\/wp-json\/wp\/v2\/posts\/22449\/revisions\/22450"}],"wp:attachment":[{"href":"https:\/\/abrelivros.org.br\/site\/wp-json\/wp\/v2\/media?parent=22449"}],"wp:term":[{"taxonomy":"category","embeddable":true,"href":"https:\/\/abrelivros.org.br\/site\/wp-json\/wp\/v2\/categories?post=22449"},{"taxonomy":"post_tag","embeddable":true,"href":"https:\/\/abrelivros.org.br\/site\/wp-json\/wp\/v2\/tags?post=22449"}],"curies":[{"name":"wp","href":"https:\/\/api.w.org\/{rel}","templated":true}]}}