{"id":2244,"date":"2008-09-12T11:13:00","date_gmt":"2008-09-12T14:13:00","guid":{"rendered":"https:\/\/abrelivros.org.br\/site\/2008\/09\/12\/entidades-do-livro-preocupadas-com-os-direitos-do-autor\/"},"modified":"2008-09-12T11:13:00","modified_gmt":"2008-09-12T14:13:00","slug":"entidades-do-livro-preocupadas-com-os-direitos-do-autor","status":"publish","type":"post","link":"https:\/\/abrelivros.org.br\/site\/entidades-do-livro-preocupadas-com-os-direitos-do-autor\/","title":{"rendered":"Entidades do livro preocupadas com os direitos do autor"},"content":{"rendered":"<p>Cresce no mercado editorial a apreens\u00e3o de editores diante da movimenta\u00e7\u00e3o de setores do Minist\u00e9rio da Cultura para tentar modificar a atual legisla\u00e7\u00e3o sobre direitos autorais. Algumas entidades, com o Sindicato Nacional de Editores de Livros (Snel) e a Associa\u00e7\u00e3o Brasileira de Direitos Reprogr\u00e1ficos (ABDR) \u00e0 frente, come\u00e7am a se movimentar em sentido contr\u00e1rio. Argumentam que mexer nesses direitos deve desestimular tanto a cria\u00e7\u00e3o dos autores como os investimentos das editoras em marketing, distribui\u00e7\u00e3o e desenvolvimento de novos produtos.\u00a0<br \/> \u00a0<\/p>\n<p> \u00a0<br \/><B> Deputados debater\u00e3o direitos do autor<br \/><\/B> por Galeno Amorim\u00a0<br \/> \u00a0<br \/> A Comiss\u00e3o de Educa\u00e7\u00e3o e Cultura da C\u00e2mara dos Deputados est\u00e1 programando uma audi\u00eancia p\u00fablica para debater as propostas existentes para modificar a atual legisla\u00e7\u00e3o que rege os direitos do autor no Pa\u00eds. Ser\u00e3o convidados os defensores da ado\u00e7\u00e3o de leis mais flex\u00edveis e os representantes das editoras, que s\u00e3o contr\u00e1rios. O encontro foi provocado pela ger\u00eancia da Secretaria de Pol\u00edticas Culturais do Minist\u00e9rio da Cultura, que encampou e defende a mudan\u00e7a.\u00a0<\/p>\n","protected":false},"excerpt":{"rendered":"<p>Cresce no mercado editorial a apreens\u00e3o de editores diante da movimenta\u00e7\u00e3o de setores do Minist\u00e9rio da Cultura para tentar modificar a atual legisla\u00e7\u00e3o sobre direitos autorais. Algumas entidades, com o Sindicato Nacional de Editores de Livros (Snel) e a Associa\u00e7\u00e3o Brasileira de Direitos Reprogr\u00e1ficos (ABDR) \u00e0 frente, come\u00e7am a se movimentar em sentido contr\u00e1rio. Argumentam [&hellip;]<\/p>\n","protected":false},"author":1,"featured_media":0,"comment_status":"closed","ping_status":"closed","sticky":false,"template":"","format":"standard","meta":{"footnotes":"","_links_to":"","_links_to_target":""},"categories":[9],"tags":[],"class_list":["post-2244","post","type-post","status-publish","format-standard","hentry","category-noticias-da-imprensa"],"yoast_head":"<!-- This site is optimized with the Yoast SEO plugin v15.1 - https:\/\/yoast.com\/wordpress\/plugins\/seo\/ -->\n<title>Entidades do livro preocupadas com os direitos do autor &raquo; Abrelivros<\/title>\n<meta name=\"robots\" content=\"index, follow, max-snippet:-1, max-image-preview:large, max-video-preview:-1\" \/>\n<link rel=\"canonical\" href=\"https:\/\/abrelivros.org.br\/site\/entidades-do-livro-preocupadas-com-os-direitos-do-autor\/\" \/>\n<meta property=\"og:locale\" content=\"pt_BR\" \/>\n<meta property=\"og:type\" content=\"article\" \/>\n<meta property=\"og:title\" content=\"Entidades do livro preocupadas com os direitos do autor &raquo; Abrelivros\" \/>\n<meta property=\"og:description\" content=\"Cresce no mercado editorial a apreens\u00e3o de editores diante da movimenta\u00e7\u00e3o de setores do Minist\u00e9rio da Cultura para tentar modificar a atual legisla\u00e7\u00e3o sobre direitos autorais. Algumas entidades, com o Sindicato Nacional de Editores de Livros (Snel) e a Associa\u00e7\u00e3o Brasileira de Direitos Reprogr\u00e1ficos (ABDR) \u00e0 frente, come\u00e7am a se movimentar em sentido contr\u00e1rio. Argumentam [&hellip;]\" \/>\n<meta property=\"og:url\" content=\"https:\/\/abrelivros.org.br\/site\/entidades-do-livro-preocupadas-com-os-direitos-do-autor\/\" \/>\n<meta property=\"og:site_name\" content=\"Abrelivros\" \/>\n<meta property=\"article:published_time\" content=\"2008-09-12T14:13:00+00:00\" \/>\n<meta name=\"twitter:card\" content=\"summary_large_image\" \/>\n<script type=\"application\/ld+json\" class=\"yoast-schema-graph\">{\"@context\":\"https:\/\/schema.org\",\"@graph\":[{\"@type\":\"WebSite\",\"@id\":\"https:\/\/abrelivros.org.br\/site\/#website\",\"url\":\"https:\/\/abrelivros.org.br\/site\/\",\"name\":\"Abrelivros\",\"description\":\"\",\"potentialAction\":[{\"@type\":\"SearchAction\",\"target\":\"https:\/\/abrelivros.org.br\/site\/?s={search_term_string}\",\"query-input\":\"required name=search_term_string\"}],\"inLanguage\":\"pt-BR\"},{\"@type\":\"WebPage\",\"@id\":\"https:\/\/abrelivros.org.br\/site\/entidades-do-livro-preocupadas-com-os-direitos-do-autor\/#webpage\",\"url\":\"https:\/\/abrelivros.org.br\/site\/entidades-do-livro-preocupadas-com-os-direitos-do-autor\/\",\"name\":\"Entidades do livro preocupadas com os direitos do autor &raquo; Abrelivros\",\"isPartOf\":{\"@id\":\"https:\/\/abrelivros.org.br\/site\/#website\"},\"datePublished\":\"2008-09-12T14:13:00+00:00\",\"dateModified\":\"2008-09-12T14:13:00+00:00\",\"author\":{\"@id\":\"https:\/\/abrelivros.org.br\/site\/#\/schema\/person\/2b867f13a717bb230f1a3555505f5593\"},\"breadcrumb\":{\"@id\":\"https:\/\/abrelivros.org.br\/site\/entidades-do-livro-preocupadas-com-os-direitos-do-autor\/#breadcrumb\"},\"inLanguage\":\"pt-BR\",\"potentialAction\":[{\"@type\":\"ReadAction\",\"target\":[\"https:\/\/abrelivros.org.br\/site\/entidades-do-livro-preocupadas-com-os-direitos-do-autor\/\"]}]},{\"@type\":\"BreadcrumbList\",\"@id\":\"https:\/\/abrelivros.org.br\/site\/entidades-do-livro-preocupadas-com-os-direitos-do-autor\/#breadcrumb\",\"itemListElement\":[{\"@type\":\"ListItem\",\"position\":1,\"item\":{\"@type\":\"WebPage\",\"@id\":\"https:\/\/abrelivros.org.br\/site\/\",\"url\":\"https:\/\/abrelivros.org.br\/site\/\",\"name\":\"In\\u00edcio\"}},{\"@type\":\"ListItem\",\"position\":2,\"item\":{\"@type\":\"WebPage\",\"@id\":\"https:\/\/abrelivros.org.br\/site\/category\/noticias\/\",\"url\":\"https:\/\/abrelivros.org.br\/site\/category\/noticias\/\",\"name\":\"Not\\u00edcias\"}},{\"@type\":\"ListItem\",\"position\":3,\"item\":{\"@type\":\"WebPage\",\"@id\":\"https:\/\/abrelivros.org.br\/site\/category\/noticias\/noticias-da-imprensa\/\",\"url\":\"https:\/\/abrelivros.org.br\/site\/category\/noticias\/noticias-da-imprensa\/\",\"name\":\"Not\\u00edcias da imprensa\"}},{\"@type\":\"ListItem\",\"position\":4,\"item\":{\"@type\":\"WebPage\",\"@id\":\"https:\/\/abrelivros.org.br\/site\/entidades-do-livro-preocupadas-com-os-direitos-do-autor\/\",\"url\":\"https:\/\/abrelivros.org.br\/site\/entidades-do-livro-preocupadas-com-os-direitos-do-autor\/\",\"name\":\"Entidades do livro preocupadas com os direitos do autor\"}}]},{\"@type\":\"Person\",\"@id\":\"https:\/\/abrelivros.org.br\/site\/#\/schema\/person\/2b867f13a717bb230f1a3555505f5593\",\"name\":\"\\u00a0\",\"image\":{\"@type\":\"ImageObject\",\"@id\":\"https:\/\/abrelivros.org.br\/site\/#personlogo\",\"inLanguage\":\"pt-BR\",\"url\":\"https:\/\/secure.gravatar.com\/avatar\/e80b7f5231be2fff5040a8023da424898002831c5439420df182ae62676d2a6f?s=96&d=mm&r=g\",\"caption\":\"\\u00a0\"}}]}<\/script>\n<!-- \/ Yoast SEO plugin. -->","_links":{"self":[{"href":"https:\/\/abrelivros.org.br\/site\/wp-json\/wp\/v2\/posts\/2244","targetHints":{"allow":["GET"]}}],"collection":[{"href":"https:\/\/abrelivros.org.br\/site\/wp-json\/wp\/v2\/posts"}],"about":[{"href":"https:\/\/abrelivros.org.br\/site\/wp-json\/wp\/v2\/types\/post"}],"author":[{"embeddable":true,"href":"https:\/\/abrelivros.org.br\/site\/wp-json\/wp\/v2\/users\/1"}],"replies":[{"embeddable":true,"href":"https:\/\/abrelivros.org.br\/site\/wp-json\/wp\/v2\/comments?post=2244"}],"version-history":[{"count":0,"href":"https:\/\/abrelivros.org.br\/site\/wp-json\/wp\/v2\/posts\/2244\/revisions"}],"wp:attachment":[{"href":"https:\/\/abrelivros.org.br\/site\/wp-json\/wp\/v2\/media?parent=2244"}],"wp:term":[{"taxonomy":"category","embeddable":true,"href":"https:\/\/abrelivros.org.br\/site\/wp-json\/wp\/v2\/categories?post=2244"},{"taxonomy":"post_tag","embeddable":true,"href":"https:\/\/abrelivros.org.br\/site\/wp-json\/wp\/v2\/tags?post=2244"}],"curies":[{"name":"wp","href":"https:\/\/api.w.org\/{rel}","templated":true}]}}