{"id":2242,"date":"2008-09-12T17:13:00","date_gmt":"2008-09-12T20:13:00","guid":{"rendered":"https:\/\/abrelivros.org.br\/site\/2008\/09\/12\/projeto-leitura-para-todos\/"},"modified":"2008-09-12T17:13:00","modified_gmt":"2008-09-12T20:13:00","slug":"projeto-leitura-para-todos","status":"publish","type":"post","link":"https:\/\/abrelivros.org.br\/site\/projeto-leitura-para-todos\/","title":{"rendered":"Projeto Leitura para Todos"},"content":{"rendered":"<p>Ainda este ano, cidades do interior de sete estados brasileiros &#8211; Minas Gerais, Rio de Janeiro, Esp\u00edrito Santo, Paran\u00e1, S\u00e3o Paulo, Goi\u00e1s e Pernambuco &#8211; e do Distrito Federal ser\u00e3o beneficiadas pelo Leitura para Todos. Ser\u00e3o implantadas 122 salas de leitura, sendo que 39 novos espa\u00e7os j\u00e1 estar\u00e3o em funcionamento em setembro e outubro.\u00a0<br \/> \u00a0<br \/> O projeto do Instituto Oldemburg de Desenvolvimento conta com o apoio do Minist\u00e9rio da Cultura, por meio da Lei Federal de Incentivo \u00e0 Cultura. A iniciativa permite que associa\u00e7\u00f5es de bairro, hospitais, escolas p\u00fablicas, pres\u00eddios e outras entidades tenham seus pr\u00f3prios acervos de livros nacionais e estrangeiros, beneficiando comunidades que at\u00e9 ent\u00e3o tinham pouco acesso \u00e0 informa\u00e7\u00e3o.\u00a0<br \/> \u00a0<br \/> Desde sua cria\u00e7\u00e3o, em 2003, foram colocadas em opera\u00e7\u00e3o 450 salas de leitura em todo o pa\u00eds. Atualmente, mais de 4.600 institui\u00e7\u00f5es est\u00e3o cadastradas para participar. A implanta\u00e7\u00e3o do projeto conta com o envolvimento da comunidade, desde a prepara\u00e7\u00e3o do espa\u00e7o, passando pela montagem e cataloga\u00e7\u00e3o, at\u00e9 a inaugura\u00e7\u00e3o.\u00a0<br \/> \u00a0<br \/> Em parceria com o Grupo Editorial Record, s\u00e3o fornecidos mil exemplares de publica\u00e7\u00f5es para cada unidade instalada. Aproximadamente cinco milh\u00f5es de leitores j\u00e1 foram beneficiados e muitos deles tiveram acesso aos livros pela primeira vez.\u00a0<br \/> \u00a0<br \/> As salas de leitura tamb\u00e9m colocaram essas pessoas em contato com grandes autores nacionais, alguns dos quais estiveram presentes na inaugura\u00e7\u00e3o dos espa\u00e7os que levam seus nomes: Ariano Suassuna, Mill\u00f4r Fernandes, Ant\u00f4nio Torres, Ana Maria Machado e Heloisa Seixas, dentre outros.\u00a0<br \/> \u00a0<br \/><B> O Projeto\u00a0<br \/> \u00a0<br \/><\/B> O Leitura para Todos est\u00e1 em sintonia com a Pol\u00edtica Nacional do Livro e com programas lan\u00e7ados pelo Governo Federal como Fome de Livro e Plano Nacional do Livro e Leitura. Ao criar um p\u00f3lo cultural de f\u00e1cil implementa\u00e7\u00e3o e baixo custo, o projeto beneficia comunidades e incentiva o h\u00e1bito da leitura.\u00a0<br \/> \u00a0<br \/> Cada unidade \u00e9 composta por um acervo de mil livros &#8211; sendo 500 t\u00edtulos com dois exemplares cada, um para empr\u00e9stimo e outro para leitura no local -, disponibilizado gratuitamente para a popula\u00e7\u00e3o. As publica\u00e7\u00f5es de autores nacionais e estrangeiros abrangem diversas \u00e1reas de interesse como literatura infantil, auto-ajuda e sociologia.\u00a0<br \/> \u00a0<br \/> Para garantir que as salas de leitura sejam corretamente implantadas e que o projeto possa ter continuidade junto \u00e0 comunidade, ampliou-se o trabalho realizado com os agentes de leitura. Esses gestores, escolhidos para promover e gerenciar o acervo, agora n\u00e3o apenas recebem uma cartilha de orienta\u00e7\u00e3o como tamb\u00e9m participam de um treinamento de capacita\u00e7\u00e3o, realizado 30 dias antes da inaugura\u00e7\u00e3o do espa\u00e7o.\u00a0<br \/> \u00a0<br \/> Mais de 200 \u00f3rg\u00e3os p\u00fablicos, como Secretarias Estaduais e Municipais de Cultura, Educa\u00e7\u00e3o e Desenvolvimento Social, tamb\u00e9m est\u00e3o envolvidos na iniciativa. Eles participam na identifica\u00e7\u00e3o das oportunidades para doa\u00e7\u00e3o do material e ap\u00f3iam a implementa\u00e7\u00e3o do projeto nas comunidades.\u00a0<\/p>\n<p> Informa\u00e7\u00f5es \u00e0 imprensa: (21) 2111-2658<\/p>\n","protected":false},"excerpt":{"rendered":"<p>Ainda este ano, cidades do interior de sete estados brasileiros &#8211; Minas Gerais, Rio de Janeiro, Esp\u00edrito Santo, Paran\u00e1, S\u00e3o Paulo, Goi\u00e1s e Pernambuco &#8211; e do Distrito Federal ser\u00e3o beneficiadas pelo Leitura para Todos. Ser\u00e3o implantadas 122 salas de leitura, sendo que 39 novos espa\u00e7os j\u00e1 estar\u00e3o em funcionamento em setembro e outubro.\u00a0 \u00a0 [&hellip;]<\/p>\n","protected":false},"author":1,"featured_media":0,"comment_status":"closed","ping_status":"closed","sticky":false,"template":"","format":"standard","meta":{"footnotes":"","_links_to":"","_links_to_target":""},"categories":[9],"tags":[],"class_list":["post-2242","post","type-post","status-publish","format-standard","hentry","category-noticias-da-imprensa"],"yoast_head":"<!-- This site is optimized with the Yoast SEO plugin v15.1 - https:\/\/yoast.com\/wordpress\/plugins\/seo\/ -->\n<title>Projeto Leitura para Todos &raquo; Abrelivros<\/title>\n<meta name=\"robots\" content=\"index, follow, max-snippet:-1, max-image-preview:large, max-video-preview:-1\" \/>\n<link rel=\"canonical\" href=\"https:\/\/abrelivros.org.br\/site\/projeto-leitura-para-todos\/\" \/>\n<meta property=\"og:locale\" content=\"pt_BR\" \/>\n<meta property=\"og:type\" content=\"article\" \/>\n<meta property=\"og:title\" content=\"Projeto Leitura para Todos &raquo; Abrelivros\" \/>\n<meta property=\"og:description\" content=\"Ainda este ano, cidades do interior de sete estados brasileiros &#8211; Minas Gerais, Rio de Janeiro, Esp\u00edrito Santo, Paran\u00e1, S\u00e3o Paulo, Goi\u00e1s e Pernambuco &#8211; e do Distrito Federal ser\u00e3o beneficiadas pelo Leitura para Todos. Ser\u00e3o implantadas 122 salas de leitura, sendo que 39 novos espa\u00e7os j\u00e1 estar\u00e3o em funcionamento em setembro e outubro.\u00a0 \u00a0 [&hellip;]\" \/>\n<meta property=\"og:url\" content=\"https:\/\/abrelivros.org.br\/site\/projeto-leitura-para-todos\/\" \/>\n<meta property=\"og:site_name\" content=\"Abrelivros\" \/>\n<meta property=\"article:published_time\" content=\"2008-09-12T20:13:00+00:00\" \/>\n<meta name=\"twitter:card\" content=\"summary_large_image\" \/>\n<script type=\"application\/ld+json\" class=\"yoast-schema-graph\">{\"@context\":\"https:\/\/schema.org\",\"@graph\":[{\"@type\":\"WebSite\",\"@id\":\"https:\/\/abrelivros.org.br\/site\/#website\",\"url\":\"https:\/\/abrelivros.org.br\/site\/\",\"name\":\"Abrelivros\",\"description\":\"\",\"potentialAction\":[{\"@type\":\"SearchAction\",\"target\":\"https:\/\/abrelivros.org.br\/site\/?s={search_term_string}\",\"query-input\":\"required name=search_term_string\"}],\"inLanguage\":\"pt-BR\"},{\"@type\":\"WebPage\",\"@id\":\"https:\/\/abrelivros.org.br\/site\/projeto-leitura-para-todos\/#webpage\",\"url\":\"https:\/\/abrelivros.org.br\/site\/projeto-leitura-para-todos\/\",\"name\":\"Projeto Leitura para Todos &raquo; Abrelivros\",\"isPartOf\":{\"@id\":\"https:\/\/abrelivros.org.br\/site\/#website\"},\"datePublished\":\"2008-09-12T20:13:00+00:00\",\"dateModified\":\"2008-09-12T20:13:00+00:00\",\"author\":{\"@id\":\"https:\/\/abrelivros.org.br\/site\/#\/schema\/person\/2b867f13a717bb230f1a3555505f5593\"},\"breadcrumb\":{\"@id\":\"https:\/\/abrelivros.org.br\/site\/projeto-leitura-para-todos\/#breadcrumb\"},\"inLanguage\":\"pt-BR\",\"potentialAction\":[{\"@type\":\"ReadAction\",\"target\":[\"https:\/\/abrelivros.org.br\/site\/projeto-leitura-para-todos\/\"]}]},{\"@type\":\"BreadcrumbList\",\"@id\":\"https:\/\/abrelivros.org.br\/site\/projeto-leitura-para-todos\/#breadcrumb\",\"itemListElement\":[{\"@type\":\"ListItem\",\"position\":1,\"item\":{\"@type\":\"WebPage\",\"@id\":\"https:\/\/abrelivros.org.br\/site\/\",\"url\":\"https:\/\/abrelivros.org.br\/site\/\",\"name\":\"In\\u00edcio\"}},{\"@type\":\"ListItem\",\"position\":2,\"item\":{\"@type\":\"WebPage\",\"@id\":\"https:\/\/abrelivros.org.br\/site\/category\/noticias\/\",\"url\":\"https:\/\/abrelivros.org.br\/site\/category\/noticias\/\",\"name\":\"Not\\u00edcias\"}},{\"@type\":\"ListItem\",\"position\":3,\"item\":{\"@type\":\"WebPage\",\"@id\":\"https:\/\/abrelivros.org.br\/site\/category\/noticias\/noticias-da-imprensa\/\",\"url\":\"https:\/\/abrelivros.org.br\/site\/category\/noticias\/noticias-da-imprensa\/\",\"name\":\"Not\\u00edcias da imprensa\"}},{\"@type\":\"ListItem\",\"position\":4,\"item\":{\"@type\":\"WebPage\",\"@id\":\"https:\/\/abrelivros.org.br\/site\/projeto-leitura-para-todos\/\",\"url\":\"https:\/\/abrelivros.org.br\/site\/projeto-leitura-para-todos\/\",\"name\":\"Projeto Leitura para Todos\"}}]},{\"@type\":\"Person\",\"@id\":\"https:\/\/abrelivros.org.br\/site\/#\/schema\/person\/2b867f13a717bb230f1a3555505f5593\",\"name\":\"\\u00a0\",\"image\":{\"@type\":\"ImageObject\",\"@id\":\"https:\/\/abrelivros.org.br\/site\/#personlogo\",\"inLanguage\":\"pt-BR\",\"url\":\"https:\/\/secure.gravatar.com\/avatar\/e80b7f5231be2fff5040a8023da424898002831c5439420df182ae62676d2a6f?s=96&d=mm&r=g\",\"caption\":\"\\u00a0\"}}]}<\/script>\n<!-- \/ Yoast SEO plugin. -->","_links":{"self":[{"href":"https:\/\/abrelivros.org.br\/site\/wp-json\/wp\/v2\/posts\/2242","targetHints":{"allow":["GET"]}}],"collection":[{"href":"https:\/\/abrelivros.org.br\/site\/wp-json\/wp\/v2\/posts"}],"about":[{"href":"https:\/\/abrelivros.org.br\/site\/wp-json\/wp\/v2\/types\/post"}],"author":[{"embeddable":true,"href":"https:\/\/abrelivros.org.br\/site\/wp-json\/wp\/v2\/users\/1"}],"replies":[{"embeddable":true,"href":"https:\/\/abrelivros.org.br\/site\/wp-json\/wp\/v2\/comments?post=2242"}],"version-history":[{"count":0,"href":"https:\/\/abrelivros.org.br\/site\/wp-json\/wp\/v2\/posts\/2242\/revisions"}],"wp:attachment":[{"href":"https:\/\/abrelivros.org.br\/site\/wp-json\/wp\/v2\/media?parent=2242"}],"wp:term":[{"taxonomy":"category","embeddable":true,"href":"https:\/\/abrelivros.org.br\/site\/wp-json\/wp\/v2\/categories?post=2242"},{"taxonomy":"post_tag","embeddable":true,"href":"https:\/\/abrelivros.org.br\/site\/wp-json\/wp\/v2\/tags?post=2242"}],"curies":[{"name":"wp","href":"https:\/\/api.w.org\/{rel}","templated":true}]}}