{"id":2241,"date":"2008-09-15T09:44:00","date_gmt":"2008-09-15T12:44:00","guid":{"rendered":"https:\/\/abrelivros.org.br\/site\/2008\/09\/15\/mec-prepara-texto-sobre-visao-abrangente-do-ensino-medio\/"},"modified":"2008-09-15T09:44:00","modified_gmt":"2008-09-15T12:44:00","slug":"mec-prepara-texto-sobre-visao-abrangente-do-ensino-medio","status":"publish","type":"post","link":"https:\/\/abrelivros.org.br\/site\/mec-prepara-texto-sobre-visao-abrangente-do-ensino-medio\/","title":{"rendered":"MEC prepara texto sobre vis\u00e3o abrangente do ensino m\u00e9dio"},"content":{"rendered":"<p>A concep\u00e7\u00e3o das pol\u00edticas educacionais, segundo a secret\u00e1ria de Educa\u00e7\u00e3o B\u00e1sica, Maria do Pilar Lacerda, \u00e9 marcada pela vis\u00e3o sist\u00eamica da educa\u00e7\u00e3o. Nos anos 90, segundo a secret\u00e1ria, os investimentos da pasta davam prioridade a um n\u00edvel educacional em detrimento do outro e colocavam em conflito educa\u00e7\u00e3o b\u00e1sica e superior, por exemplo, de acordo com informa\u00e7\u00f5es do Minist\u00e9rio da Educa\u00e7\u00e3o.<\/p>\n<p> \u201cA vis\u00e3o sist\u00eamica significa investir em educa\u00e7\u00e3o infantil, na qualidade do ensino fundamental, na amplia\u00e7\u00e3o do acesso ao ensino m\u00e9dio e \u00e0 educa\u00e7\u00e3o superior\u201c, refor\u00e7a Pilar. \u00a0<\/p>\n<p> Para o ensino m\u00e9dio, que representa, de acordo com o texto do documento preliminar, uma das etapas mais dif\u00edceis da pol\u00edtica educacional, Pilar defende um modelo de ensino que permita ao jovem experimentar o conhecimento e viver todas as \u00e1reas para que possa escolher, com mais clareza, o que vai fazer na vida adulta. \u00a0<\/p>\n<p> \u201cPrecisamos oferecer um conhecimento s\u00f3lido para que as escolhas dos jovens sejam transformadoras\u201c, destaca. \u00a0<\/p>\n<p> Pelo texto em discuss\u00e3o, o papel do ensino m\u00e9dio n\u00e3o deve se ater \u00e0 transmiss\u00e3o de conhecimentos ou somente \u00e0 forma\u00e7\u00e3o de t\u00e9cnicos. Busca-se uma escola que n\u00e3o se limite ao interesse imediato, pragm\u00e1tico e utilit\u00e1rio. O documento sugere uma forma\u00e7\u00e3o com base unit\u00e1ria, no sentido de um m\u00e9todo de pensar e de compreender as determina\u00e7\u00f5es da vida social e produtiva, que articule trabalho, ci\u00eancia e cultura na perspectiva de emancipa\u00e7\u00e3o humana. \u00a0<br \/> \u00a0<br \/><B> Obrigatoriedade \u00a0<br \/> \u00a0<br \/><\/B> A secret\u00e1ria lembrou que a pol\u00edtica educacional brasileira \u00e9 tradicionalmente excludente e que em pa\u00edses vizinhos, como Chile e Argentina, o tempo obrigat\u00f3rio de escolaridade supera o brasileiro. \u00a0<br \/> \u00a0<br \/> Argentina e Chile asseguram 12 anos, incluindo o ensino m\u00e9dio; o M\u00e9xico, a partir quatro anos de idade, at\u00e9 os 18. \u201cO Brasil conseguiu incluir a duras penas o ensino obrigat\u00f3rio para as crian\u00e7as de seis anos\u201c, afirmou, em refer\u00eancia \u00e0 amplia\u00e7\u00e3o do ensino fundamental para nove anos, que deve ser totalmente implementado em 2010. \u00a0<br \/> \u00a0<br \/> A secret\u00e1ria citou o ministro da educa\u00e7\u00e3o da Argentina, Juan Carlos Tedesco. No semin\u00e1rio internacional sobre o ensino m\u00e9dio em Buenos Aires, na semana passada, ele disse que a escola s\u00f3 \u00e9 boa se conseguir oferecer ensino de qualidade a todos. \u00a0<br \/> \u00a0<br \/> \u201cPrecisamos pensar na vis\u00e3o sist\u00eamica, mas tamb\u00e9m no atendimento de todos e de cada um\u201c, ressalta Pilar, em alus\u00e3o ao lema defendido pelo Fundo das Na\u00e7\u00f5es Unidas para a Inf\u00e2ncia (Unicef). \u00a0<br \/> \u00a0<br \/> No encontro desta ter\u00e7a-feira, os t\u00e9cnicos devem elaborar a vers\u00e3o do documento preliminar e definir a\u00e7\u00f5es alinhadas entre as duas secretarias para ampliar o acesso ao ensino m\u00e9dio e melhorar a qualidade do ensino. \u00a0<\/p>\n","protected":false},"excerpt":{"rendered":"<p>A concep\u00e7\u00e3o das pol\u00edticas educacionais, segundo a secret\u00e1ria de Educa\u00e7\u00e3o B\u00e1sica, Maria do Pilar Lacerda, \u00e9 marcada pela vis\u00e3o sist\u00eamica da educa\u00e7\u00e3o. Nos anos 90, segundo a secret\u00e1ria, os investimentos da pasta davam prioridade a um n\u00edvel educacional em detrimento do outro e colocavam em conflito educa\u00e7\u00e3o b\u00e1sica e superior, por exemplo, de acordo com [&hellip;]<\/p>\n","protected":false},"author":1,"featured_media":0,"comment_status":"closed","ping_status":"closed","sticky":false,"template":"","format":"standard","meta":{"footnotes":"","_links_to":"","_links_to_target":""},"categories":[9],"tags":[],"class_list":["post-2241","post","type-post","status-publish","format-standard","hentry","category-noticias-da-imprensa"],"yoast_head":"<!-- This site is optimized with the Yoast SEO plugin v15.1 - https:\/\/yoast.com\/wordpress\/plugins\/seo\/ -->\n<title>MEC prepara texto sobre vis\u00e3o abrangente do ensino m\u00e9dio &raquo; Abrelivros<\/title>\n<meta name=\"robots\" content=\"index, follow, max-snippet:-1, max-image-preview:large, max-video-preview:-1\" \/>\n<link rel=\"canonical\" href=\"https:\/\/abrelivros.org.br\/site\/mec-prepara-texto-sobre-visao-abrangente-do-ensino-medio\/\" \/>\n<meta property=\"og:locale\" content=\"pt_BR\" \/>\n<meta property=\"og:type\" content=\"article\" \/>\n<meta property=\"og:title\" content=\"MEC prepara texto sobre vis\u00e3o abrangente do ensino m\u00e9dio &raquo; Abrelivros\" \/>\n<meta property=\"og:description\" content=\"A concep\u00e7\u00e3o das pol\u00edticas educacionais, segundo a secret\u00e1ria de Educa\u00e7\u00e3o B\u00e1sica, Maria do Pilar Lacerda, \u00e9 marcada pela vis\u00e3o sist\u00eamica da educa\u00e7\u00e3o. Nos anos 90, segundo a secret\u00e1ria, os investimentos da pasta davam prioridade a um n\u00edvel educacional em detrimento do outro e colocavam em conflito educa\u00e7\u00e3o b\u00e1sica e superior, por exemplo, de acordo com [&hellip;]\" \/>\n<meta property=\"og:url\" content=\"https:\/\/abrelivros.org.br\/site\/mec-prepara-texto-sobre-visao-abrangente-do-ensino-medio\/\" \/>\n<meta property=\"og:site_name\" content=\"Abrelivros\" \/>\n<meta property=\"article:published_time\" content=\"2008-09-15T12:44:00+00:00\" \/>\n<meta name=\"twitter:card\" content=\"summary_large_image\" \/>\n<script type=\"application\/ld+json\" class=\"yoast-schema-graph\">{\"@context\":\"https:\/\/schema.org\",\"@graph\":[{\"@type\":\"WebSite\",\"@id\":\"https:\/\/abrelivros.org.br\/site\/#website\",\"url\":\"https:\/\/abrelivros.org.br\/site\/\",\"name\":\"Abrelivros\",\"description\":\"\",\"potentialAction\":[{\"@type\":\"SearchAction\",\"target\":\"https:\/\/abrelivros.org.br\/site\/?s={search_term_string}\",\"query-input\":\"required name=search_term_string\"}],\"inLanguage\":\"pt-BR\"},{\"@type\":\"WebPage\",\"@id\":\"https:\/\/abrelivros.org.br\/site\/mec-prepara-texto-sobre-visao-abrangente-do-ensino-medio\/#webpage\",\"url\":\"https:\/\/abrelivros.org.br\/site\/mec-prepara-texto-sobre-visao-abrangente-do-ensino-medio\/\",\"name\":\"MEC prepara texto sobre vis\\u00e3o abrangente do ensino m\\u00e9dio &raquo; Abrelivros\",\"isPartOf\":{\"@id\":\"https:\/\/abrelivros.org.br\/site\/#website\"},\"datePublished\":\"2008-09-15T12:44:00+00:00\",\"dateModified\":\"2008-09-15T12:44:00+00:00\",\"author\":{\"@id\":\"https:\/\/abrelivros.org.br\/site\/#\/schema\/person\/2b867f13a717bb230f1a3555505f5593\"},\"breadcrumb\":{\"@id\":\"https:\/\/abrelivros.org.br\/site\/mec-prepara-texto-sobre-visao-abrangente-do-ensino-medio\/#breadcrumb\"},\"inLanguage\":\"pt-BR\",\"potentialAction\":[{\"@type\":\"ReadAction\",\"target\":[\"https:\/\/abrelivros.org.br\/site\/mec-prepara-texto-sobre-visao-abrangente-do-ensino-medio\/\"]}]},{\"@type\":\"BreadcrumbList\",\"@id\":\"https:\/\/abrelivros.org.br\/site\/mec-prepara-texto-sobre-visao-abrangente-do-ensino-medio\/#breadcrumb\",\"itemListElement\":[{\"@type\":\"ListItem\",\"position\":1,\"item\":{\"@type\":\"WebPage\",\"@id\":\"https:\/\/abrelivros.org.br\/site\/\",\"url\":\"https:\/\/abrelivros.org.br\/site\/\",\"name\":\"In\\u00edcio\"}},{\"@type\":\"ListItem\",\"position\":2,\"item\":{\"@type\":\"WebPage\",\"@id\":\"https:\/\/abrelivros.org.br\/site\/category\/noticias\/\",\"url\":\"https:\/\/abrelivros.org.br\/site\/category\/noticias\/\",\"name\":\"Not\\u00edcias\"}},{\"@type\":\"ListItem\",\"position\":3,\"item\":{\"@type\":\"WebPage\",\"@id\":\"https:\/\/abrelivros.org.br\/site\/category\/noticias\/noticias-da-imprensa\/\",\"url\":\"https:\/\/abrelivros.org.br\/site\/category\/noticias\/noticias-da-imprensa\/\",\"name\":\"Not\\u00edcias da imprensa\"}},{\"@type\":\"ListItem\",\"position\":4,\"item\":{\"@type\":\"WebPage\",\"@id\":\"https:\/\/abrelivros.org.br\/site\/mec-prepara-texto-sobre-visao-abrangente-do-ensino-medio\/\",\"url\":\"https:\/\/abrelivros.org.br\/site\/mec-prepara-texto-sobre-visao-abrangente-do-ensino-medio\/\",\"name\":\"MEC prepara texto sobre vis\\u00e3o abrangente do ensino m\\u00e9dio\"}}]},{\"@type\":\"Person\",\"@id\":\"https:\/\/abrelivros.org.br\/site\/#\/schema\/person\/2b867f13a717bb230f1a3555505f5593\",\"name\":\"\\u00a0\",\"image\":{\"@type\":\"ImageObject\",\"@id\":\"https:\/\/abrelivros.org.br\/site\/#personlogo\",\"inLanguage\":\"pt-BR\",\"url\":\"https:\/\/secure.gravatar.com\/avatar\/e80b7f5231be2fff5040a8023da424898002831c5439420df182ae62676d2a6f?s=96&d=mm&r=g\",\"caption\":\"\\u00a0\"}}]}<\/script>\n<!-- \/ Yoast SEO plugin. -->","_links":{"self":[{"href":"https:\/\/abrelivros.org.br\/site\/wp-json\/wp\/v2\/posts\/2241","targetHints":{"allow":["GET"]}}],"collection":[{"href":"https:\/\/abrelivros.org.br\/site\/wp-json\/wp\/v2\/posts"}],"about":[{"href":"https:\/\/abrelivros.org.br\/site\/wp-json\/wp\/v2\/types\/post"}],"author":[{"embeddable":true,"href":"https:\/\/abrelivros.org.br\/site\/wp-json\/wp\/v2\/users\/1"}],"replies":[{"embeddable":true,"href":"https:\/\/abrelivros.org.br\/site\/wp-json\/wp\/v2\/comments?post=2241"}],"version-history":[{"count":0,"href":"https:\/\/abrelivros.org.br\/site\/wp-json\/wp\/v2\/posts\/2241\/revisions"}],"wp:attachment":[{"href":"https:\/\/abrelivros.org.br\/site\/wp-json\/wp\/v2\/media?parent=2241"}],"wp:term":[{"taxonomy":"category","embeddable":true,"href":"https:\/\/abrelivros.org.br\/site\/wp-json\/wp\/v2\/categories?post=2241"},{"taxonomy":"post_tag","embeddable":true,"href":"https:\/\/abrelivros.org.br\/site\/wp-json\/wp\/v2\/tags?post=2241"}],"curies":[{"name":"wp","href":"https:\/\/api.w.org\/{rel}","templated":true}]}}