{"id":2239,"date":"2008-09-15T14:35:00","date_gmt":"2008-09-15T17:35:00","guid":{"rendered":"https:\/\/abrelivros.org.br\/site\/2008\/09\/15\/recursos-do-pre-sal-irao-para-educacao\/"},"modified":"2008-09-15T14:35:00","modified_gmt":"2008-09-15T17:35:00","slug":"recursos-do-pre-sal-irao-para-educacao","status":"publish","type":"post","link":"https:\/\/abrelivros.org.br\/site\/recursos-do-pre-sal-irao-para-educacao\/","title":{"rendered":"Recursos do pr\u00e9-sal ir\u00e3o para educa\u00e7\u00e3o"},"content":{"rendered":"<p>O presidente Lula reafirmou neste s\u00e1bado, 13, a inten\u00e7\u00e3o de investir parte dos recursos do pr\u00e9-sal em educa\u00e7\u00e3o. A declara\u00e7\u00e3o foi dada durante a inaugura\u00e7\u00e3o da unidade de Petr\u00f3polis do Centro Federal de Educa\u00e7\u00e3o Profissional e Tecnol\u00f3gica (CEFET) do Rio de Janeiro. Lula destacou que com a descoberta das reservas de petr\u00f3leo e g\u00e1s encontradas na Bacia de Santos (SP), o Brasil tem a oportunidade hist\u00f3rica de figurar entre as maiores na\u00e7\u00f5es do mundo. \u201cEntretanto, isso s\u00f3 ocorrer\u00e1 se investirmos parte desses recursos em educa\u00e7\u00e3o e no combate \u00e0 pobreza\u201d, defendeu.\u00a0<br \/> \u00a0<br \/> O presidente destacou que a chegada do Cefet em Petr\u00f3polis, ducent\u00e9sima unidade federal de educa\u00e7\u00e3o tecnol\u00f3gica do pa\u00eds, \u00e9 um marco do desenvolvimento sustent\u00e1vel brasileiro. \u201cForam 22 anos sem crescimento e agora estamos investindo em m\u00e3o-de-obra qualificada porque o pa\u00eds est\u00e1 necessitando desses jovens\u201d, ressaltou Lula referindo-se ao crescimento hist\u00f3rico do pa\u00eds, que atingiu a taxa de 6% nesse trimestre.\u00a0<br \/> \u00a0<br \/> O Ministro Fernando Haddad, que tamb\u00e9m participou do evento juntamente com o governador do Rio de Janeiro, S\u00e9rgio Cabral, trouxe n\u00fameros sobre os avan\u00e7os da educa\u00e7\u00e3o nos \u00faltimos cinco anos. \u201cDe 1909 a 2003 o Brasil teve 140 escolas t\u00e9cnicas de educa\u00e7\u00e3o profissional e at\u00e9 2010 teremos 214 novas escolas\u201d, destacou. Haddad tamb\u00e9m citou o aumento do n\u00famero de vagas nas institui\u00e7\u00f5es federais de ensino superior. \u201cVamos dobrar esse n\u00famero j\u00e1 em 2009\u201d, disse. \u00a0<br \/> \u00a0<br \/> A chegada do Cefet a Petr\u00f3polis modificou a vida de estudantes como Marco Aur\u00e9lio Martins, de 29 anos. Ele \u00e9 o mais velho de seis irm\u00e3os e tem renda de um sal\u00e1rio m\u00ednimo trabalhando como gar\u00e7om em um bar da cidade. Antes do dia 18 de agosto desse ano, Marco Aur\u00e9lio n\u00e3o tinha grandes perspectivas, j\u00e1 que n\u00e3o tinha condi\u00e7\u00f5es de arcar com os custos de uma faculdade privada e n\u00e3o havia oferta de educa\u00e7\u00e3o superior p\u00fablica em Petr\u00f3polis. \u201cEu achava que continuaria ganhando um sal\u00e1rio m\u00ednimo por m\u00eas para o resto da vida\u201d, conta.  \u00a0<br \/> \u00a0<br \/> Hoje, Marco Aur\u00e9lio \u00e9 um dos 40 alunos de licenciatura em f\u00edsica do Cefet de Petr\u00f3polis. Nos pr\u00f3ximos anos, ele estar\u00e1 formado e poder\u00e1 dar aulas ganhando, no m\u00ednimo o valor equivalente ao piso nacional do magist\u00e9rio de R$ 950.\u00a0<br \/> \u00a0<br \/> Com a unidade de Petr\u00f3polis, moradores que, como Marco Aur\u00e9lio, n\u00e3o tinham condi\u00e7\u00f5es de estudar, ter\u00e3o acesso a cursos de qualidade gratuitamente. Hoje, 120 estudantes estudam no Cefet, sendo 80 alunos do ensino superior e 40 do ensino m\u00e9dio. Quando estiver em pleno funcionamento, em 2011, a unidade dever\u00e1 atender a 1200 alunos. \u201cEsses jovens que estavam ociosos e desesperan\u00e7ados agora t\u00eam oportunidades que me foram negadas durante a minha juventude\u201d, contou o presidente que defendeu, ainda, a amplia\u00e7\u00e3o do investimento em educa\u00e7\u00e3o para diminuir a viol\u00eancia e a criminalidade. \u00a0<br \/> \u00a0<\/p>\n","protected":false},"excerpt":{"rendered":"<p>O presidente Lula reafirmou neste s\u00e1bado, 13, a inten\u00e7\u00e3o de investir parte dos recursos do pr\u00e9-sal em educa\u00e7\u00e3o. A declara\u00e7\u00e3o foi dada durante a inaugura\u00e7\u00e3o da unidade de Petr\u00f3polis do Centro Federal de Educa\u00e7\u00e3o Profissional e Tecnol\u00f3gica (CEFET) do Rio de Janeiro. Lula destacou que com a descoberta das reservas de petr\u00f3leo e g\u00e1s encontradas [&hellip;]<\/p>\n","protected":false},"author":1,"featured_media":0,"comment_status":"closed","ping_status":"closed","sticky":false,"template":"","format":"standard","meta":{"footnotes":"","_links_to":"","_links_to_target":""},"categories":[9],"tags":[],"class_list":["post-2239","post","type-post","status-publish","format-standard","hentry","category-noticias-da-imprensa"],"yoast_head":"<!-- This site is optimized with the Yoast SEO plugin v15.1 - https:\/\/yoast.com\/wordpress\/plugins\/seo\/ -->\n<title>Recursos do pr\u00e9-sal ir\u00e3o para educa\u00e7\u00e3o &raquo; Abrelivros<\/title>\n<meta name=\"robots\" content=\"index, follow, max-snippet:-1, max-image-preview:large, max-video-preview:-1\" \/>\n<link rel=\"canonical\" href=\"https:\/\/abrelivros.org.br\/site\/recursos-do-pre-sal-irao-para-educacao\/\" \/>\n<meta property=\"og:locale\" content=\"pt_BR\" \/>\n<meta property=\"og:type\" content=\"article\" \/>\n<meta property=\"og:title\" content=\"Recursos do pr\u00e9-sal ir\u00e3o para educa\u00e7\u00e3o &raquo; Abrelivros\" \/>\n<meta property=\"og:description\" content=\"O presidente Lula reafirmou neste s\u00e1bado, 13, a inten\u00e7\u00e3o de investir parte dos recursos do pr\u00e9-sal em educa\u00e7\u00e3o. A declara\u00e7\u00e3o foi dada durante a inaugura\u00e7\u00e3o da unidade de Petr\u00f3polis do Centro Federal de Educa\u00e7\u00e3o Profissional e Tecnol\u00f3gica (CEFET) do Rio de Janeiro. Lula destacou que com a descoberta das reservas de petr\u00f3leo e g\u00e1s encontradas [&hellip;]\" \/>\n<meta property=\"og:url\" content=\"https:\/\/abrelivros.org.br\/site\/recursos-do-pre-sal-irao-para-educacao\/\" \/>\n<meta property=\"og:site_name\" content=\"Abrelivros\" \/>\n<meta property=\"article:published_time\" content=\"2008-09-15T17:35:00+00:00\" \/>\n<meta name=\"twitter:card\" content=\"summary_large_image\" \/>\n<script type=\"application\/ld+json\" class=\"yoast-schema-graph\">{\"@context\":\"https:\/\/schema.org\",\"@graph\":[{\"@type\":\"WebSite\",\"@id\":\"https:\/\/abrelivros.org.br\/site\/#website\",\"url\":\"https:\/\/abrelivros.org.br\/site\/\",\"name\":\"Abrelivros\",\"description\":\"\",\"potentialAction\":[{\"@type\":\"SearchAction\",\"target\":\"https:\/\/abrelivros.org.br\/site\/?s={search_term_string}\",\"query-input\":\"required name=search_term_string\"}],\"inLanguage\":\"pt-BR\"},{\"@type\":\"WebPage\",\"@id\":\"https:\/\/abrelivros.org.br\/site\/recursos-do-pre-sal-irao-para-educacao\/#webpage\",\"url\":\"https:\/\/abrelivros.org.br\/site\/recursos-do-pre-sal-irao-para-educacao\/\",\"name\":\"Recursos do pr\\u00e9-sal ir\\u00e3o para educa\\u00e7\\u00e3o &raquo; Abrelivros\",\"isPartOf\":{\"@id\":\"https:\/\/abrelivros.org.br\/site\/#website\"},\"datePublished\":\"2008-09-15T17:35:00+00:00\",\"dateModified\":\"2008-09-15T17:35:00+00:00\",\"author\":{\"@id\":\"https:\/\/abrelivros.org.br\/site\/#\/schema\/person\/2b867f13a717bb230f1a3555505f5593\"},\"breadcrumb\":{\"@id\":\"https:\/\/abrelivros.org.br\/site\/recursos-do-pre-sal-irao-para-educacao\/#breadcrumb\"},\"inLanguage\":\"pt-BR\",\"potentialAction\":[{\"@type\":\"ReadAction\",\"target\":[\"https:\/\/abrelivros.org.br\/site\/recursos-do-pre-sal-irao-para-educacao\/\"]}]},{\"@type\":\"BreadcrumbList\",\"@id\":\"https:\/\/abrelivros.org.br\/site\/recursos-do-pre-sal-irao-para-educacao\/#breadcrumb\",\"itemListElement\":[{\"@type\":\"ListItem\",\"position\":1,\"item\":{\"@type\":\"WebPage\",\"@id\":\"https:\/\/abrelivros.org.br\/site\/\",\"url\":\"https:\/\/abrelivros.org.br\/site\/\",\"name\":\"In\\u00edcio\"}},{\"@type\":\"ListItem\",\"position\":2,\"item\":{\"@type\":\"WebPage\",\"@id\":\"https:\/\/abrelivros.org.br\/site\/category\/noticias\/\",\"url\":\"https:\/\/abrelivros.org.br\/site\/category\/noticias\/\",\"name\":\"Not\\u00edcias\"}},{\"@type\":\"ListItem\",\"position\":3,\"item\":{\"@type\":\"WebPage\",\"@id\":\"https:\/\/abrelivros.org.br\/site\/category\/noticias\/noticias-da-imprensa\/\",\"url\":\"https:\/\/abrelivros.org.br\/site\/category\/noticias\/noticias-da-imprensa\/\",\"name\":\"Not\\u00edcias da imprensa\"}},{\"@type\":\"ListItem\",\"position\":4,\"item\":{\"@type\":\"WebPage\",\"@id\":\"https:\/\/abrelivros.org.br\/site\/recursos-do-pre-sal-irao-para-educacao\/\",\"url\":\"https:\/\/abrelivros.org.br\/site\/recursos-do-pre-sal-irao-para-educacao\/\",\"name\":\"Recursos do pr\\u00e9-sal ir\\u00e3o para educa\\u00e7\\u00e3o\"}}]},{\"@type\":\"Person\",\"@id\":\"https:\/\/abrelivros.org.br\/site\/#\/schema\/person\/2b867f13a717bb230f1a3555505f5593\",\"name\":\"\\u00a0\",\"image\":{\"@type\":\"ImageObject\",\"@id\":\"https:\/\/abrelivros.org.br\/site\/#personlogo\",\"inLanguage\":\"pt-BR\",\"url\":\"https:\/\/secure.gravatar.com\/avatar\/e80b7f5231be2fff5040a8023da424898002831c5439420df182ae62676d2a6f?s=96&d=mm&r=g\",\"caption\":\"\\u00a0\"}}]}<\/script>\n<!-- \/ Yoast SEO plugin. -->","_links":{"self":[{"href":"https:\/\/abrelivros.org.br\/site\/wp-json\/wp\/v2\/posts\/2239","targetHints":{"allow":["GET"]}}],"collection":[{"href":"https:\/\/abrelivros.org.br\/site\/wp-json\/wp\/v2\/posts"}],"about":[{"href":"https:\/\/abrelivros.org.br\/site\/wp-json\/wp\/v2\/types\/post"}],"author":[{"embeddable":true,"href":"https:\/\/abrelivros.org.br\/site\/wp-json\/wp\/v2\/users\/1"}],"replies":[{"embeddable":true,"href":"https:\/\/abrelivros.org.br\/site\/wp-json\/wp\/v2\/comments?post=2239"}],"version-history":[{"count":0,"href":"https:\/\/abrelivros.org.br\/site\/wp-json\/wp\/v2\/posts\/2239\/revisions"}],"wp:attachment":[{"href":"https:\/\/abrelivros.org.br\/site\/wp-json\/wp\/v2\/media?parent=2239"}],"wp:term":[{"taxonomy":"category","embeddable":true,"href":"https:\/\/abrelivros.org.br\/site\/wp-json\/wp\/v2\/categories?post=2239"},{"taxonomy":"post_tag","embeddable":true,"href":"https:\/\/abrelivros.org.br\/site\/wp-json\/wp\/v2\/tags?post=2239"}],"curies":[{"name":"wp","href":"https:\/\/api.w.org\/{rel}","templated":true}]}}