{"id":2238,"date":"2008-09-15T14:36:00","date_gmt":"2008-09-15T17:36:00","guid":{"rendered":"https:\/\/abrelivros.org.br\/site\/2008\/09\/15\/brasil-esta-atrasado-no-ensino-medio-diz-diretor-do-unicef\/"},"modified":"2008-09-15T14:36:00","modified_gmt":"2008-09-15T17:36:00","slug":"brasil-esta-atrasado-no-ensino-medio-diz-diretor-do-unicef","status":"publish","type":"post","link":"https:\/\/abrelivros.org.br\/site\/brasil-esta-atrasado-no-ensino-medio-diz-diretor-do-unicef\/","title":{"rendered":"Brasil est\u00e1 atrasado no ensino m\u00e9dio, diz diretor do Unicef"},"content":{"rendered":"<p>O Brasil est\u00e1 \u201catrasado\u201c no atendimento ao ensino m\u00e9dio (antigo colegial), afirma o diretor do Unicef (Fundo das Na\u00e7\u00f5es Unidas para a Inf\u00e2ncia) na Am\u00e9rica Latina, Nils Kastberg. Ele se refere principalmente \u00e0 obrigatoriedade da matr\u00edcula dos jovens na etapa. No Brasil, h\u00e1 obriga\u00e7\u00e3o apenas aos estudantes com idade para cursar o ensino fundamental (antigos prim\u00e1rio e gin\u00e1sio). Com a obrigatoriedade, o Poder P\u00fablico e os pais podem ser responsabilizados civil e criminalmente caso o jovem esteja fora da escola. A Argentina aprovou uma lei h\u00e1 dois anos que prev\u00ea a amplia\u00e7\u00e3o. O Chile, que j\u00e1 a possu\u00eda, pretende implementar neste ano a obrigatoriedade tamb\u00e9m na educa\u00e7\u00e3o infantil.<\/p>\n<p> \u201cL\u00f3gico que o Brasil est\u00e1 atrasado ao n\u00e3o ter educa\u00e7\u00e3o m\u00e9dia obrigat\u00f3ria\u201c, disse Kastberg, em entrevista durante o semin\u00e1rio organizado pela Unicef, em Buenos Aires, que debateu o ensino m\u00e9dio. \u201cO Brasil \u00e9 a d\u00e9cima pot\u00eancia econ\u00f4mica mundial, precisa ter como objetivo ser tamb\u00e9m a d\u00e9cima pot\u00eancia quanto a seus recursos humanos. Hoje, est\u00e1 muito distante disso.\u201c \u00a0<br \/> \u00a0<br \/><B> Atendimento\u00a0<br \/> \u00a0<br \/><\/B> Segundo dados do Minist\u00e9rio da Educa\u00e7\u00e3o, 81% dos jovens brasileiros entre 15 a 17 anos est\u00e3o na escola, mas apenas 44% no ensino m\u00e9dio (os demais repetiram e seguem na educa\u00e7\u00e3o fundamental). A Constitui\u00e7\u00e3o brasileira afirma que \u201co dever do Estado com a educa\u00e7\u00e3o ser\u00e1 efetivado mediante garantia de progressiva universaliza\u00e7\u00e3o do ensino m\u00e9dio gratuito\u201c -ou seja, n\u00e3o determina um prazo para isso. Para tornar obrigat\u00f3ria essa etapa, seria necess\u00e1rio mudar a legisla\u00e7\u00e3o. Kastberg afirma que a medida seria importante para que o ensino m\u00e9dio seja \u201cum direito e uma obriga\u00e7\u00e3o\u201c. <\/p>\n<p> Os representantes da Secretaria da Educa\u00e7\u00e3o B\u00e1sica do MEC afirmam que s\u00e3o favor\u00e1veis \u00e0 mudan\u00e7a. \u201cNunca conversei com o ministro [Fernando Haddad, da Educa\u00e7\u00e3o] sobre a obrigatoriedade, mas a vejo como positiva\u201c, afirmou a titular da secretaria, Maria do Pilar. \u201cO que posso dizer pelo MEC e o governo federal \u00e9 que temos criado condi\u00e7\u00f5es para garantir o acesso e a perman\u00eancia dos jovens no ensino m\u00e9dio, com mecanismos como o Fundeb [fundo que paga aos Estados por aluno matriculado], Bolsa Fam\u00edlia e a oferta de livros did\u00e1ticos. Ou seja, as condi\u00e7\u00f5es hoje s\u00e3o mais favor\u00e1veis para esse debate\u201c, disse Pilar. Coordenador-geral do ensino m\u00e9dio do MEC, Carlos Artexes Sim\u00f5es disse que \u201ca obrigatoriedade traz impacto pol\u00edtico importante\u201c para aumentar o atendimento. \u00a0<br \/> \u00a0<br \/><B> Trabalho\u00a0<br \/> \u00a0<br \/><\/B> Uma das dificuldades apontadas por educadores para a implementa\u00e7\u00e3o da obrigatoriedade, al\u00e9m da necessidade de expans\u00e3o da oferta de matr\u00edculas, \u00e9 a de retirar os jovens do mercado de trabalho. Segundo dados do governo federal, metade dos jovens entre 15 e 24 anos trabalha. \u201cQuando se torna o ensino m\u00e9dio obrigat\u00f3rio, voc\u00ea tira as institui\u00e7\u00f5es do lugar. O jovem n\u00e3o pode trabalhar. Por isso, precisamos debater isso dentro do pr\u00f3prio governo e com a sociedade\u201c, disse Pilar. Para o diretor da Escola de Forma\u00e7\u00e3o Cont\u00ednua da Universidade Alberto Hurtado (Chile), Carlos Concha, o aumento da escolariza\u00e7\u00e3o \u00e9 necess\u00e1ria para melhorar a qualidade dos postos de trabalho, ainda que haja dificuldades durante o per\u00edodo escolar. \u00a0<br \/> \u00a0<br \/> \u00a0<br \/> \u00a0<\/p>\n","protected":false},"excerpt":{"rendered":"<p>O Brasil est\u00e1 \u201catrasado\u201c no atendimento ao ensino m\u00e9dio (antigo colegial), afirma o diretor do Unicef (Fundo das Na\u00e7\u00f5es Unidas para a Inf\u00e2ncia) na Am\u00e9rica Latina, Nils Kastberg. Ele se refere principalmente \u00e0 obrigatoriedade da matr\u00edcula dos jovens na etapa. No Brasil, h\u00e1 obriga\u00e7\u00e3o apenas aos estudantes com idade para cursar o ensino fundamental (antigos [&hellip;]<\/p>\n","protected":false},"author":1,"featured_media":0,"comment_status":"closed","ping_status":"closed","sticky":false,"template":"","format":"standard","meta":{"footnotes":"","_links_to":"","_links_to_target":""},"categories":[9],"tags":[],"class_list":["post-2238","post","type-post","status-publish","format-standard","hentry","category-noticias-da-imprensa"],"yoast_head":"<!-- This site is optimized with the Yoast SEO plugin v15.1 - https:\/\/yoast.com\/wordpress\/plugins\/seo\/ -->\n<title>Brasil est\u00e1 atrasado no ensino m\u00e9dio, diz diretor do Unicef &raquo; Abrelivros<\/title>\n<meta name=\"robots\" content=\"index, follow, max-snippet:-1, max-image-preview:large, max-video-preview:-1\" \/>\n<link rel=\"canonical\" href=\"https:\/\/abrelivros.org.br\/site\/brasil-esta-atrasado-no-ensino-medio-diz-diretor-do-unicef\/\" \/>\n<meta property=\"og:locale\" content=\"pt_BR\" \/>\n<meta property=\"og:type\" content=\"article\" \/>\n<meta property=\"og:title\" content=\"Brasil est\u00e1 atrasado no ensino m\u00e9dio, diz diretor do Unicef &raquo; Abrelivros\" \/>\n<meta property=\"og:description\" content=\"O Brasil est\u00e1 \u201catrasado\u201c no atendimento ao ensino m\u00e9dio (antigo colegial), afirma o diretor do Unicef (Fundo das Na\u00e7\u00f5es Unidas para a Inf\u00e2ncia) na Am\u00e9rica Latina, Nils Kastberg. Ele se refere principalmente \u00e0 obrigatoriedade da matr\u00edcula dos jovens na etapa. No Brasil, h\u00e1 obriga\u00e7\u00e3o apenas aos estudantes com idade para cursar o ensino fundamental (antigos [&hellip;]\" \/>\n<meta property=\"og:url\" content=\"https:\/\/abrelivros.org.br\/site\/brasil-esta-atrasado-no-ensino-medio-diz-diretor-do-unicef\/\" \/>\n<meta property=\"og:site_name\" content=\"Abrelivros\" \/>\n<meta property=\"article:published_time\" content=\"2008-09-15T17:36:00+00:00\" \/>\n<meta name=\"twitter:card\" content=\"summary_large_image\" \/>\n<script type=\"application\/ld+json\" class=\"yoast-schema-graph\">{\"@context\":\"https:\/\/schema.org\",\"@graph\":[{\"@type\":\"WebSite\",\"@id\":\"https:\/\/abrelivros.org.br\/site\/#website\",\"url\":\"https:\/\/abrelivros.org.br\/site\/\",\"name\":\"Abrelivros\",\"description\":\"\",\"potentialAction\":[{\"@type\":\"SearchAction\",\"target\":\"https:\/\/abrelivros.org.br\/site\/?s={search_term_string}\",\"query-input\":\"required name=search_term_string\"}],\"inLanguage\":\"pt-BR\"},{\"@type\":\"WebPage\",\"@id\":\"https:\/\/abrelivros.org.br\/site\/brasil-esta-atrasado-no-ensino-medio-diz-diretor-do-unicef\/#webpage\",\"url\":\"https:\/\/abrelivros.org.br\/site\/brasil-esta-atrasado-no-ensino-medio-diz-diretor-do-unicef\/\",\"name\":\"Brasil est\\u00e1 atrasado no ensino m\\u00e9dio, diz diretor do Unicef &raquo; Abrelivros\",\"isPartOf\":{\"@id\":\"https:\/\/abrelivros.org.br\/site\/#website\"},\"datePublished\":\"2008-09-15T17:36:00+00:00\",\"dateModified\":\"2008-09-15T17:36:00+00:00\",\"author\":{\"@id\":\"https:\/\/abrelivros.org.br\/site\/#\/schema\/person\/2b867f13a717bb230f1a3555505f5593\"},\"breadcrumb\":{\"@id\":\"https:\/\/abrelivros.org.br\/site\/brasil-esta-atrasado-no-ensino-medio-diz-diretor-do-unicef\/#breadcrumb\"},\"inLanguage\":\"pt-BR\",\"potentialAction\":[{\"@type\":\"ReadAction\",\"target\":[\"https:\/\/abrelivros.org.br\/site\/brasil-esta-atrasado-no-ensino-medio-diz-diretor-do-unicef\/\"]}]},{\"@type\":\"BreadcrumbList\",\"@id\":\"https:\/\/abrelivros.org.br\/site\/brasil-esta-atrasado-no-ensino-medio-diz-diretor-do-unicef\/#breadcrumb\",\"itemListElement\":[{\"@type\":\"ListItem\",\"position\":1,\"item\":{\"@type\":\"WebPage\",\"@id\":\"https:\/\/abrelivros.org.br\/site\/\",\"url\":\"https:\/\/abrelivros.org.br\/site\/\",\"name\":\"In\\u00edcio\"}},{\"@type\":\"ListItem\",\"position\":2,\"item\":{\"@type\":\"WebPage\",\"@id\":\"https:\/\/abrelivros.org.br\/site\/category\/noticias\/\",\"url\":\"https:\/\/abrelivros.org.br\/site\/category\/noticias\/\",\"name\":\"Not\\u00edcias\"}},{\"@type\":\"ListItem\",\"position\":3,\"item\":{\"@type\":\"WebPage\",\"@id\":\"https:\/\/abrelivros.org.br\/site\/category\/noticias\/noticias-da-imprensa\/\",\"url\":\"https:\/\/abrelivros.org.br\/site\/category\/noticias\/noticias-da-imprensa\/\",\"name\":\"Not\\u00edcias da imprensa\"}},{\"@type\":\"ListItem\",\"position\":4,\"item\":{\"@type\":\"WebPage\",\"@id\":\"https:\/\/abrelivros.org.br\/site\/brasil-esta-atrasado-no-ensino-medio-diz-diretor-do-unicef\/\",\"url\":\"https:\/\/abrelivros.org.br\/site\/brasil-esta-atrasado-no-ensino-medio-diz-diretor-do-unicef\/\",\"name\":\"Brasil est\\u00e1 atrasado no ensino m\\u00e9dio, diz diretor do Unicef\"}}]},{\"@type\":\"Person\",\"@id\":\"https:\/\/abrelivros.org.br\/site\/#\/schema\/person\/2b867f13a717bb230f1a3555505f5593\",\"name\":\"\\u00a0\",\"image\":{\"@type\":\"ImageObject\",\"@id\":\"https:\/\/abrelivros.org.br\/site\/#personlogo\",\"inLanguage\":\"pt-BR\",\"url\":\"https:\/\/secure.gravatar.com\/avatar\/e80b7f5231be2fff5040a8023da424898002831c5439420df182ae62676d2a6f?s=96&d=mm&r=g\",\"caption\":\"\\u00a0\"}}]}<\/script>\n<!-- \/ Yoast SEO plugin. -->","_links":{"self":[{"href":"https:\/\/abrelivros.org.br\/site\/wp-json\/wp\/v2\/posts\/2238","targetHints":{"allow":["GET"]}}],"collection":[{"href":"https:\/\/abrelivros.org.br\/site\/wp-json\/wp\/v2\/posts"}],"about":[{"href":"https:\/\/abrelivros.org.br\/site\/wp-json\/wp\/v2\/types\/post"}],"author":[{"embeddable":true,"href":"https:\/\/abrelivros.org.br\/site\/wp-json\/wp\/v2\/users\/1"}],"replies":[{"embeddable":true,"href":"https:\/\/abrelivros.org.br\/site\/wp-json\/wp\/v2\/comments?post=2238"}],"version-history":[{"count":0,"href":"https:\/\/abrelivros.org.br\/site\/wp-json\/wp\/v2\/posts\/2238\/revisions"}],"wp:attachment":[{"href":"https:\/\/abrelivros.org.br\/site\/wp-json\/wp\/v2\/media?parent=2238"}],"wp:term":[{"taxonomy":"category","embeddable":true,"href":"https:\/\/abrelivros.org.br\/site\/wp-json\/wp\/v2\/categories?post=2238"},{"taxonomy":"post_tag","embeddable":true,"href":"https:\/\/abrelivros.org.br\/site\/wp-json\/wp\/v2\/tags?post=2238"}],"curies":[{"name":"wp","href":"https:\/\/api.w.org\/{rel}","templated":true}]}}