{"id":2237,"date":"2008-09-15T14:38:00","date_gmt":"2008-09-15T17:38:00","guid":{"rendered":"https:\/\/abrelivros.org.br\/site\/2008\/09\/15\/projeto-busca-qualidade-do-ensino\/"},"modified":"2008-09-15T14:38:00","modified_gmt":"2008-09-15T17:38:00","slug":"projeto-busca-qualidade-do-ensino","status":"publish","type":"post","link":"https:\/\/abrelivros.org.br\/site\/projeto-busca-qualidade-do-ensino\/","title":{"rendered":"Projeto busca qualidade do ensino"},"content":{"rendered":"<p>\u201cResgatar a figura do professor pode vencer a guerra contra a baixa qualidade da educa\u00e7\u00e3o em todos os seus segmentos\u201d. Foi o que afirmou o ministro da Educa\u00e7\u00e3o, Fernando Haddad, no lan\u00e7amento do projeto Educar para Crescer, da Funda\u00e7\u00e3o Roberto Civita, nesta segunda-feira, 15, em S\u00e3o Paulo. \u201cTemos de garantir n\u00e3o s\u00f3 uma remunera\u00e7\u00e3o digna, mas atender \u00e0 reinvindica\u00e7\u00e3o da classe pela dignidade da atua\u00e7\u00e3o em sala de aula, garantindo a todos o direito de aprender\u201d, enfatizou.\u00a0<br \/> \u00a0<br \/> Para Haddad, n\u00e3o \u00e9 poss\u00edvel oferecer educa\u00e7\u00e3o de qualidade sem que todos no pa\u00eds entendam a educa\u00e7\u00e3o como um valor. \u201cS\u00f3 conseguiremos isso com muita milit\u00e2ncia, para fazer o valor da educa\u00e7\u00e3o chegar \u00e0 fam\u00edlia mais humilde. Eu me ofere\u00e7o como soldado nessa milit\u00e2ncia\u201d, disse.\u00a0<br \/> \u00a0<br \/> O Educar para Crescer \u00e9 uma iniciativa sem fins lucrativos que pretende mobilizar 15 milh\u00f5es de pessoas a trabalhar pela melhoria da qualidade da  educa\u00e7\u00e3o por meio de revistas, internet, cartilhas e eventos.\u00a0<\/p>\n","protected":false},"excerpt":{"rendered":"<p>\u201cResgatar a figura do professor pode vencer a guerra contra a baixa qualidade da educa\u00e7\u00e3o em todos os seus segmentos\u201d. Foi o que afirmou o ministro da Educa\u00e7\u00e3o, Fernando Haddad, no lan\u00e7amento do projeto Educar para Crescer, da Funda\u00e7\u00e3o Roberto Civita, nesta segunda-feira, 15, em S\u00e3o Paulo. \u201cTemos de garantir n\u00e3o s\u00f3 uma remunera\u00e7\u00e3o digna, [&hellip;]<\/p>\n","protected":false},"author":1,"featured_media":0,"comment_status":"closed","ping_status":"closed","sticky":false,"template":"","format":"standard","meta":{"footnotes":"","_links_to":"","_links_to_target":""},"categories":[9],"tags":[],"class_list":["post-2237","post","type-post","status-publish","format-standard","hentry","category-noticias-da-imprensa"],"yoast_head":"<!-- This site is optimized with the Yoast SEO plugin v15.1 - https:\/\/yoast.com\/wordpress\/plugins\/seo\/ -->\n<title>Projeto busca qualidade do ensino &raquo; Abrelivros<\/title>\n<meta name=\"robots\" content=\"index, follow, max-snippet:-1, max-image-preview:large, max-video-preview:-1\" \/>\n<link rel=\"canonical\" href=\"https:\/\/abrelivros.org.br\/site\/projeto-busca-qualidade-do-ensino\/\" \/>\n<meta property=\"og:locale\" content=\"pt_BR\" \/>\n<meta property=\"og:type\" content=\"article\" \/>\n<meta property=\"og:title\" content=\"Projeto busca qualidade do ensino &raquo; Abrelivros\" \/>\n<meta property=\"og:description\" content=\"\u201cResgatar a figura do professor pode vencer a guerra contra a baixa qualidade da educa\u00e7\u00e3o em todos os seus segmentos\u201d. Foi o que afirmou o ministro da Educa\u00e7\u00e3o, Fernando Haddad, no lan\u00e7amento do projeto Educar para Crescer, da Funda\u00e7\u00e3o Roberto Civita, nesta segunda-feira, 15, em S\u00e3o Paulo. \u201cTemos de garantir n\u00e3o s\u00f3 uma remunera\u00e7\u00e3o digna, [&hellip;]\" \/>\n<meta property=\"og:url\" content=\"https:\/\/abrelivros.org.br\/site\/projeto-busca-qualidade-do-ensino\/\" \/>\n<meta property=\"og:site_name\" content=\"Abrelivros\" \/>\n<meta property=\"article:published_time\" content=\"2008-09-15T17:38:00+00:00\" \/>\n<meta name=\"twitter:card\" content=\"summary_large_image\" \/>\n<script type=\"application\/ld+json\" class=\"yoast-schema-graph\">{\"@context\":\"https:\/\/schema.org\",\"@graph\":[{\"@type\":\"WebSite\",\"@id\":\"https:\/\/abrelivros.org.br\/site\/#website\",\"url\":\"https:\/\/abrelivros.org.br\/site\/\",\"name\":\"Abrelivros\",\"description\":\"\",\"potentialAction\":[{\"@type\":\"SearchAction\",\"target\":\"https:\/\/abrelivros.org.br\/site\/?s={search_term_string}\",\"query-input\":\"required name=search_term_string\"}],\"inLanguage\":\"pt-BR\"},{\"@type\":\"WebPage\",\"@id\":\"https:\/\/abrelivros.org.br\/site\/projeto-busca-qualidade-do-ensino\/#webpage\",\"url\":\"https:\/\/abrelivros.org.br\/site\/projeto-busca-qualidade-do-ensino\/\",\"name\":\"Projeto busca qualidade do ensino &raquo; Abrelivros\",\"isPartOf\":{\"@id\":\"https:\/\/abrelivros.org.br\/site\/#website\"},\"datePublished\":\"2008-09-15T17:38:00+00:00\",\"dateModified\":\"2008-09-15T17:38:00+00:00\",\"author\":{\"@id\":\"https:\/\/abrelivros.org.br\/site\/#\/schema\/person\/2b867f13a717bb230f1a3555505f5593\"},\"breadcrumb\":{\"@id\":\"https:\/\/abrelivros.org.br\/site\/projeto-busca-qualidade-do-ensino\/#breadcrumb\"},\"inLanguage\":\"pt-BR\",\"potentialAction\":[{\"@type\":\"ReadAction\",\"target\":[\"https:\/\/abrelivros.org.br\/site\/projeto-busca-qualidade-do-ensino\/\"]}]},{\"@type\":\"BreadcrumbList\",\"@id\":\"https:\/\/abrelivros.org.br\/site\/projeto-busca-qualidade-do-ensino\/#breadcrumb\",\"itemListElement\":[{\"@type\":\"ListItem\",\"position\":1,\"item\":{\"@type\":\"WebPage\",\"@id\":\"https:\/\/abrelivros.org.br\/site\/\",\"url\":\"https:\/\/abrelivros.org.br\/site\/\",\"name\":\"In\\u00edcio\"}},{\"@type\":\"ListItem\",\"position\":2,\"item\":{\"@type\":\"WebPage\",\"@id\":\"https:\/\/abrelivros.org.br\/site\/category\/noticias\/\",\"url\":\"https:\/\/abrelivros.org.br\/site\/category\/noticias\/\",\"name\":\"Not\\u00edcias\"}},{\"@type\":\"ListItem\",\"position\":3,\"item\":{\"@type\":\"WebPage\",\"@id\":\"https:\/\/abrelivros.org.br\/site\/category\/noticias\/noticias-da-imprensa\/\",\"url\":\"https:\/\/abrelivros.org.br\/site\/category\/noticias\/noticias-da-imprensa\/\",\"name\":\"Not\\u00edcias da imprensa\"}},{\"@type\":\"ListItem\",\"position\":4,\"item\":{\"@type\":\"WebPage\",\"@id\":\"https:\/\/abrelivros.org.br\/site\/projeto-busca-qualidade-do-ensino\/\",\"url\":\"https:\/\/abrelivros.org.br\/site\/projeto-busca-qualidade-do-ensino\/\",\"name\":\"Projeto busca qualidade do ensino\"}}]},{\"@type\":\"Person\",\"@id\":\"https:\/\/abrelivros.org.br\/site\/#\/schema\/person\/2b867f13a717bb230f1a3555505f5593\",\"name\":\"\\u00a0\",\"image\":{\"@type\":\"ImageObject\",\"@id\":\"https:\/\/abrelivros.org.br\/site\/#personlogo\",\"inLanguage\":\"pt-BR\",\"url\":\"https:\/\/secure.gravatar.com\/avatar\/e80b7f5231be2fff5040a8023da424898002831c5439420df182ae62676d2a6f?s=96&d=mm&r=g\",\"caption\":\"\\u00a0\"}}]}<\/script>\n<!-- \/ Yoast SEO plugin. -->","_links":{"self":[{"href":"https:\/\/abrelivros.org.br\/site\/wp-json\/wp\/v2\/posts\/2237","targetHints":{"allow":["GET"]}}],"collection":[{"href":"https:\/\/abrelivros.org.br\/site\/wp-json\/wp\/v2\/posts"}],"about":[{"href":"https:\/\/abrelivros.org.br\/site\/wp-json\/wp\/v2\/types\/post"}],"author":[{"embeddable":true,"href":"https:\/\/abrelivros.org.br\/site\/wp-json\/wp\/v2\/users\/1"}],"replies":[{"embeddable":true,"href":"https:\/\/abrelivros.org.br\/site\/wp-json\/wp\/v2\/comments?post=2237"}],"version-history":[{"count":0,"href":"https:\/\/abrelivros.org.br\/site\/wp-json\/wp\/v2\/posts\/2237\/revisions"}],"wp:attachment":[{"href":"https:\/\/abrelivros.org.br\/site\/wp-json\/wp\/v2\/media?parent=2237"}],"wp:term":[{"taxonomy":"category","embeddable":true,"href":"https:\/\/abrelivros.org.br\/site\/wp-json\/wp\/v2\/categories?post=2237"},{"taxonomy":"post_tag","embeddable":true,"href":"https:\/\/abrelivros.org.br\/site\/wp-json\/wp\/v2\/tags?post=2237"}],"curies":[{"name":"wp","href":"https:\/\/api.w.org\/{rel}","templated":true}]}}