{"id":2236,"date":"2008-09-16T10:59:00","date_gmt":"2008-09-16T13:59:00","guid":{"rendered":"https:\/\/abrelivros.org.br\/site\/2008\/09\/16\/professores-terao-curso-de-ciencia-e-matematica\/"},"modified":"2008-09-16T10:59:00","modified_gmt":"2008-09-16T13:59:00","slug":"professores-terao-curso-de-ciencia-e-matematica","status":"publish","type":"post","link":"https:\/\/abrelivros.org.br\/site\/professores-terao-curso-de-ciencia-e-matematica\/","title":{"rendered":"Professores ter\u00e3o curso de ci\u00eancia e matem\u00e1tica"},"content":{"rendered":"<p>Mais de 2,2 mil professores da primeira \u00e0 quarta s\u00e9rie do ensino fundamental, em cinco estados, far\u00e3o este ano um curso de forma\u00e7\u00e3o continuada em ci\u00eancias e matem\u00e1tica. O curso foi solicitado ao Minist\u00e9rio da Educa\u00e7\u00e3o por diversas prefeituras nos planos de a\u00e7\u00f5es articuladas (PAR). A forma\u00e7\u00e3o ser\u00e1 ministrada pela Universidade do Estado de S\u00e3o Paulo (Unesp), institui\u00e7\u00e3o que integra a Rede Nacional de Forma\u00e7\u00e3o Continuada de Professores da Educa\u00e7\u00e3o B\u00e1sica, composta por 19 universidades.&nbsp;<br \/>    &nbsp;<br \/> A particularidade do curso da Unesp \u00e9 que 80 das 120 horas ser\u00e3o presenciais e oferecidas durante dez s\u00e1bados seguidos. As outras 40 horas v\u00e3o ser destinadas a estudos complementares, leitura, desenvolvimento de projetos na sala de aula, troca de experi\u00eancias com colegas e a tirar d\u00favidas com os tutores. De acordo com a coordenadora de forma\u00e7\u00e3o da Unesp, Maria Isabel Freitas, \u00e9 importante que o professor traga a experi\u00eancia de sala de aula, que se envolva com a tem\u00e1tica do curso e que se aproprie dos novos conhecimentos e habilidades e os incorporem na sua pr\u00e1tica.&nbsp;<br \/>    &nbsp;<br \/> Na forma\u00e7\u00e3o, os professores v\u00e3o estudar os conte\u00fados em pares de cadernos tem\u00e1ticos \u2014 um de ci\u00eancias e outro de matem\u00e1tica. Maria Isabel explica que o curso estimula os professores a ampliar os conhecimentos nas duas \u00e1reas, que s\u00e3o complementares.&nbsp;<br \/>    &nbsp;<br \/> Participar\u00e3o da forma\u00e7\u00e3o 884 professores de munic\u00edpios do Piau\u00ed, 495 do Amazonas, 350 de Mato Grosso do Sul, 309 de Mato Grosso e 227 de S\u00e3o Paulo. O curso ser\u00e1 ministrado por 101 tutores \u2014 est\u00e3o recebendo capacita\u00e7\u00e3o de 120 horas \u2014 em instala\u00e7\u00f5es das secretarias estaduais e municipais de educa\u00e7\u00e3o nas cidades-p\u00f3lo. Para receber o certificado de extens\u00e3o de 120 horas, os professores ter\u00e3o de fazer uma prova final, nas capitais, na presen\u00e7a dos coordenadores da Unesp e dos tutores.&nbsp;<br \/> O curso tem in\u00edcio assim que a universidade conclui, em cada estado, a capacita\u00e7\u00e3o de tutores.&nbsp;<br \/> &nbsp;<br \/> Desafio \u2014 Com professores de quatro regi\u00f5es do pa\u00eds, o desafio da universidade, segundo Maria Isabel, \u00e9 buscar o melhor aproveitamento de cada um deles. Para a coordenadora, o bom desempenho no curso est\u00e1 diretamente associado ao est\u00edmulo que o professor recebe. \u201cUm secret\u00e1rio de educa\u00e7\u00e3o que facilita a participa\u00e7\u00e3o do professor, ao oferecer tempo de estudo ou colocar um substituto, vai contribuir para o sucesso da forma\u00e7\u00e3o\u201d, explica.&nbsp;<br \/>    &nbsp;<br \/> Para evitar que os professores tenham de faltar \u00e0s aulas de forma\u00e7\u00e3o para cumprir o hor\u00e1rio na escola, a Unesp escolheu oito s\u00e1bados para as aulas presenciais. At\u00e9 agora, diz a coordenadora, apenas a secretaria de educa\u00e7\u00e3o de S\u00e3o Jos\u00e9 dos Campos (SP) pediu para a universidade dar o curso em um dia da semana, pois vai liberar das tarefas escolares os cem professores inscritos. &nbsp;<br \/>  &nbsp;<br \/>  &nbsp;<\/p>\n","protected":false},"excerpt":{"rendered":"<p>Mais de 2,2 mil professores da primeira \u00e0 quarta s\u00e9rie do ensino fundamental, em cinco estados, far\u00e3o este ano um curso de forma\u00e7\u00e3o continuada em ci\u00eancias e matem\u00e1tica. O curso foi solicitado ao Minist\u00e9rio da Educa\u00e7\u00e3o por diversas prefeituras nos planos de a\u00e7\u00f5es articuladas (PAR). A forma\u00e7\u00e3o ser\u00e1 ministrada pela Universidade do Estado de S\u00e3o [&hellip;]<\/p>\n","protected":false},"author":1,"featured_media":0,"comment_status":"closed","ping_status":"closed","sticky":false,"template":"","format":"standard","meta":{"footnotes":"","_links_to":"","_links_to_target":""},"categories":[9],"tags":[],"class_list":["post-2236","post","type-post","status-publish","format-standard","hentry","category-noticias-da-imprensa"],"yoast_head":"<!-- This site is optimized with the Yoast SEO plugin v15.1 - https:\/\/yoast.com\/wordpress\/plugins\/seo\/ -->\n<title>Professores ter\u00e3o curso de ci\u00eancia e matem\u00e1tica &raquo; Abrelivros<\/title>\n<meta name=\"robots\" content=\"index, follow, max-snippet:-1, max-image-preview:large, max-video-preview:-1\" \/>\n<link rel=\"canonical\" href=\"https:\/\/abrelivros.org.br\/site\/professores-terao-curso-de-ciencia-e-matematica\/\" \/>\n<meta property=\"og:locale\" content=\"pt_BR\" \/>\n<meta property=\"og:type\" content=\"article\" \/>\n<meta property=\"og:title\" content=\"Professores ter\u00e3o curso de ci\u00eancia e matem\u00e1tica &raquo; Abrelivros\" \/>\n<meta property=\"og:description\" content=\"Mais de 2,2 mil professores da primeira \u00e0 quarta s\u00e9rie do ensino fundamental, em cinco estados, far\u00e3o este ano um curso de forma\u00e7\u00e3o continuada em ci\u00eancias e matem\u00e1tica. O curso foi solicitado ao Minist\u00e9rio da Educa\u00e7\u00e3o por diversas prefeituras nos planos de a\u00e7\u00f5es articuladas (PAR). A forma\u00e7\u00e3o ser\u00e1 ministrada pela Universidade do Estado de S\u00e3o [&hellip;]\" \/>\n<meta property=\"og:url\" content=\"https:\/\/abrelivros.org.br\/site\/professores-terao-curso-de-ciencia-e-matematica\/\" \/>\n<meta property=\"og:site_name\" content=\"Abrelivros\" \/>\n<meta property=\"article:published_time\" content=\"2008-09-16T13:59:00+00:00\" \/>\n<meta name=\"twitter:card\" content=\"summary_large_image\" \/>\n<script type=\"application\/ld+json\" class=\"yoast-schema-graph\">{\"@context\":\"https:\/\/schema.org\",\"@graph\":[{\"@type\":\"WebSite\",\"@id\":\"https:\/\/abrelivros.org.br\/site\/#website\",\"url\":\"https:\/\/abrelivros.org.br\/site\/\",\"name\":\"Abrelivros\",\"description\":\"\",\"potentialAction\":[{\"@type\":\"SearchAction\",\"target\":\"https:\/\/abrelivros.org.br\/site\/?s={search_term_string}\",\"query-input\":\"required name=search_term_string\"}],\"inLanguage\":\"pt-BR\"},{\"@type\":\"WebPage\",\"@id\":\"https:\/\/abrelivros.org.br\/site\/professores-terao-curso-de-ciencia-e-matematica\/#webpage\",\"url\":\"https:\/\/abrelivros.org.br\/site\/professores-terao-curso-de-ciencia-e-matematica\/\",\"name\":\"Professores ter\\u00e3o curso de ci\\u00eancia e matem\\u00e1tica &raquo; Abrelivros\",\"isPartOf\":{\"@id\":\"https:\/\/abrelivros.org.br\/site\/#website\"},\"datePublished\":\"2008-09-16T13:59:00+00:00\",\"dateModified\":\"2008-09-16T13:59:00+00:00\",\"author\":{\"@id\":\"https:\/\/abrelivros.org.br\/site\/#\/schema\/person\/2b867f13a717bb230f1a3555505f5593\"},\"breadcrumb\":{\"@id\":\"https:\/\/abrelivros.org.br\/site\/professores-terao-curso-de-ciencia-e-matematica\/#breadcrumb\"},\"inLanguage\":\"pt-BR\",\"potentialAction\":[{\"@type\":\"ReadAction\",\"target\":[\"https:\/\/abrelivros.org.br\/site\/professores-terao-curso-de-ciencia-e-matematica\/\"]}]},{\"@type\":\"BreadcrumbList\",\"@id\":\"https:\/\/abrelivros.org.br\/site\/professores-terao-curso-de-ciencia-e-matematica\/#breadcrumb\",\"itemListElement\":[{\"@type\":\"ListItem\",\"position\":1,\"item\":{\"@type\":\"WebPage\",\"@id\":\"https:\/\/abrelivros.org.br\/site\/\",\"url\":\"https:\/\/abrelivros.org.br\/site\/\",\"name\":\"In\\u00edcio\"}},{\"@type\":\"ListItem\",\"position\":2,\"item\":{\"@type\":\"WebPage\",\"@id\":\"https:\/\/abrelivros.org.br\/site\/category\/noticias\/\",\"url\":\"https:\/\/abrelivros.org.br\/site\/category\/noticias\/\",\"name\":\"Not\\u00edcias\"}},{\"@type\":\"ListItem\",\"position\":3,\"item\":{\"@type\":\"WebPage\",\"@id\":\"https:\/\/abrelivros.org.br\/site\/category\/noticias\/noticias-da-imprensa\/\",\"url\":\"https:\/\/abrelivros.org.br\/site\/category\/noticias\/noticias-da-imprensa\/\",\"name\":\"Not\\u00edcias da imprensa\"}},{\"@type\":\"ListItem\",\"position\":4,\"item\":{\"@type\":\"WebPage\",\"@id\":\"https:\/\/abrelivros.org.br\/site\/professores-terao-curso-de-ciencia-e-matematica\/\",\"url\":\"https:\/\/abrelivros.org.br\/site\/professores-terao-curso-de-ciencia-e-matematica\/\",\"name\":\"Professores ter\\u00e3o curso de ci\\u00eancia e matem\\u00e1tica\"}}]},{\"@type\":\"Person\",\"@id\":\"https:\/\/abrelivros.org.br\/site\/#\/schema\/person\/2b867f13a717bb230f1a3555505f5593\",\"name\":\"\\u00a0\",\"image\":{\"@type\":\"ImageObject\",\"@id\":\"https:\/\/abrelivros.org.br\/site\/#personlogo\",\"inLanguage\":\"pt-BR\",\"url\":\"https:\/\/secure.gravatar.com\/avatar\/e80b7f5231be2fff5040a8023da424898002831c5439420df182ae62676d2a6f?s=96&d=mm&r=g\",\"caption\":\"\\u00a0\"}}]}<\/script>\n<!-- \/ Yoast SEO plugin. -->","_links":{"self":[{"href":"https:\/\/abrelivros.org.br\/site\/wp-json\/wp\/v2\/posts\/2236","targetHints":{"allow":["GET"]}}],"collection":[{"href":"https:\/\/abrelivros.org.br\/site\/wp-json\/wp\/v2\/posts"}],"about":[{"href":"https:\/\/abrelivros.org.br\/site\/wp-json\/wp\/v2\/types\/post"}],"author":[{"embeddable":true,"href":"https:\/\/abrelivros.org.br\/site\/wp-json\/wp\/v2\/users\/1"}],"replies":[{"embeddable":true,"href":"https:\/\/abrelivros.org.br\/site\/wp-json\/wp\/v2\/comments?post=2236"}],"version-history":[{"count":0,"href":"https:\/\/abrelivros.org.br\/site\/wp-json\/wp\/v2\/posts\/2236\/revisions"}],"wp:attachment":[{"href":"https:\/\/abrelivros.org.br\/site\/wp-json\/wp\/v2\/media?parent=2236"}],"wp:term":[{"taxonomy":"category","embeddable":true,"href":"https:\/\/abrelivros.org.br\/site\/wp-json\/wp\/v2\/categories?post=2236"},{"taxonomy":"post_tag","embeddable":true,"href":"https:\/\/abrelivros.org.br\/site\/wp-json\/wp\/v2\/tags?post=2236"}],"curies":[{"name":"wp","href":"https:\/\/api.w.org\/{rel}","templated":true}]}}