{"id":2233,"date":"2008-03-27T11:42:00","date_gmt":"2008-03-27T14:42:00","guid":{"rendered":"https:\/\/abrelivros.org.br\/site\/2008\/03\/27\/abrelivros-e-abdr-debatem-sobre-comercio-ilegal-de-livros-em-seminario-sobre-pirataria-em-natal-rn\/"},"modified":"2008-03-27T11:42:00","modified_gmt":"2008-03-27T14:42:00","slug":"abrelivros-e-abdr-debatem-sobre-comercio-ilegal-de-livros-em-seminario-sobre-pirataria-em-natal-rn","status":"publish","type":"post","link":"https:\/\/abrelivros.org.br\/site\/abrelivros-e-abdr-debatem-sobre-comercio-ilegal-de-livros-em-seminario-sobre-pirataria-em-natal-rn\/","title":{"rendered":"ABRELIVROS e ABDR debatem sobre com\u00e9rcio ilegal de livros em semin\u00e1rio sobre pirataria em Natal (RN)"},"content":{"rendered":"<p>A Associa\u00e7\u00e3o Brasileira de Direitos Reprogr\u00e1ficos (ABDR) e Associa\u00e7\u00e3o Brasileira de Editores de Livros (Abrelivros) participam na pr\u00f3xima sexta-feira, dia 28, em Natal (RN) do Semin\u00e1rio de Combate \u00e0 Pirataria, promovido pelo Minist\u00e9rio P\u00fablico do Rio Grande do Norte. O encontro, voltado para promotores p\u00fablicos, ju\u00edzes e membros da pol\u00edcia civil e militar, ir\u00e1 debater a necessidade de se impedir as diversas pr\u00e1ticas de pirataria e com\u00e9rcio ilegal no Brasil. Dal\u00edzio Barros, consultor jur\u00eddico das entidades, far\u00e1 palestra sobre o combate \u00e0 reprodu\u00e7\u00e3o ilegal de obras liter\u00e1rias e did\u00e1ticas, al\u00e9m de mencionar as a\u00e7\u00f5es desenvolvidas pelas entidades nos \u00faltimos anos. \u00a0<br \/> \u00a0<br \/> Ele vai demonstrar o impacto negativo causado pelo com\u00e9rcio n\u00e3o autorizado de livros, a exemplo dos livros do professor, as a\u00e7\u00f5es policiais e judiciais desenvolvidas pela entidade contra institui\u00e7\u00f5es e empresas que praticam o com\u00e9rcio de c\u00f3pias de livros (xerox), al\u00e9m de demonstrar o sucesso de projetos com a Pasta do Professor, uma iniciativa in\u00e9dita das editoras brasileiras e que tem como objetivo disponibilizar conte\u00fados editoriais em formato diferente e fragmentado com o apoio da internet. \u00a0<br \/> \u00a0<br \/> Al\u00e9m das entidades ligadas ao livro, o Semin\u00e1rio em Natal ir\u00e1 receber representantes de diversos setores produtivos do pa\u00eds, como medicamentos, inform\u00e1tica e eletroeletr\u00f4nicos, t\u00eaxtil, brinquedos, entre outros.\u00a0<br \/> \u00a0<br \/> \u00a0<\/p>\n","protected":false},"excerpt":{"rendered":"<p>A Associa\u00e7\u00e3o Brasileira de Direitos Reprogr\u00e1ficos (ABDR) e Associa\u00e7\u00e3o Brasileira de Editores de Livros (Abrelivros) participam na pr\u00f3xima sexta-feira, dia 28, em Natal (RN) do Semin\u00e1rio de Combate \u00e0 Pirataria, promovido pelo Minist\u00e9rio P\u00fablico do Rio Grande do Norte. O encontro, voltado para promotores p\u00fablicos, ju\u00edzes e membros da pol\u00edcia civil e militar, ir\u00e1 debater [&hellip;]<\/p>\n","protected":false},"author":1,"featured_media":0,"comment_status":"closed","ping_status":"closed","sticky":false,"template":"","format":"standard","meta":{"footnotes":"","_links_to":"","_links_to_target":""},"categories":[9],"tags":[],"class_list":["post-2233","post","type-post","status-publish","format-standard","hentry","category-noticias-da-imprensa"],"yoast_head":"<!-- This site is optimized with the Yoast SEO plugin v15.1 - https:\/\/yoast.com\/wordpress\/plugins\/seo\/ -->\n<title>ABRELIVROS e ABDR debatem sobre com\u00e9rcio ilegal de livros em semin\u00e1rio sobre pirataria em Natal (RN) &raquo; Abrelivros<\/title>\n<meta name=\"robots\" content=\"index, follow, max-snippet:-1, max-image-preview:large, max-video-preview:-1\" \/>\n<link rel=\"canonical\" href=\"https:\/\/abrelivros.org.br\/site\/abrelivros-e-abdr-debatem-sobre-comercio-ilegal-de-livros-em-seminario-sobre-pirataria-em-natal-rn\/\" \/>\n<meta property=\"og:locale\" content=\"pt_BR\" \/>\n<meta property=\"og:type\" content=\"article\" \/>\n<meta property=\"og:title\" content=\"ABRELIVROS e ABDR debatem sobre com\u00e9rcio ilegal de livros em semin\u00e1rio sobre pirataria em Natal (RN) &raquo; Abrelivros\" \/>\n<meta property=\"og:description\" content=\"A Associa\u00e7\u00e3o Brasileira de Direitos Reprogr\u00e1ficos (ABDR) e Associa\u00e7\u00e3o Brasileira de Editores de Livros (Abrelivros) participam na pr\u00f3xima sexta-feira, dia 28, em Natal (RN) do Semin\u00e1rio de Combate \u00e0 Pirataria, promovido pelo Minist\u00e9rio P\u00fablico do Rio Grande do Norte. O encontro, voltado para promotores p\u00fablicos, ju\u00edzes e membros da pol\u00edcia civil e militar, ir\u00e1 debater [&hellip;]\" \/>\n<meta property=\"og:url\" content=\"https:\/\/abrelivros.org.br\/site\/abrelivros-e-abdr-debatem-sobre-comercio-ilegal-de-livros-em-seminario-sobre-pirataria-em-natal-rn\/\" \/>\n<meta property=\"og:site_name\" content=\"Abrelivros\" \/>\n<meta property=\"article:published_time\" content=\"2008-03-27T14:42:00+00:00\" \/>\n<meta name=\"twitter:card\" content=\"summary_large_image\" \/>\n<script type=\"application\/ld+json\" class=\"yoast-schema-graph\">{\"@context\":\"https:\/\/schema.org\",\"@graph\":[{\"@type\":\"WebSite\",\"@id\":\"https:\/\/abrelivros.org.br\/site\/#website\",\"url\":\"https:\/\/abrelivros.org.br\/site\/\",\"name\":\"Abrelivros\",\"description\":\"\",\"potentialAction\":[{\"@type\":\"SearchAction\",\"target\":\"https:\/\/abrelivros.org.br\/site\/?s={search_term_string}\",\"query-input\":\"required name=search_term_string\"}],\"inLanguage\":\"pt-BR\"},{\"@type\":\"WebPage\",\"@id\":\"https:\/\/abrelivros.org.br\/site\/abrelivros-e-abdr-debatem-sobre-comercio-ilegal-de-livros-em-seminario-sobre-pirataria-em-natal-rn\/#webpage\",\"url\":\"https:\/\/abrelivros.org.br\/site\/abrelivros-e-abdr-debatem-sobre-comercio-ilegal-de-livros-em-seminario-sobre-pirataria-em-natal-rn\/\",\"name\":\"ABRELIVROS e ABDR debatem sobre com\\u00e9rcio ilegal de livros em semin\\u00e1rio sobre pirataria em Natal (RN) &raquo; Abrelivros\",\"isPartOf\":{\"@id\":\"https:\/\/abrelivros.org.br\/site\/#website\"},\"datePublished\":\"2008-03-27T14:42:00+00:00\",\"dateModified\":\"2008-03-27T14:42:00+00:00\",\"author\":{\"@id\":\"https:\/\/abrelivros.org.br\/site\/#\/schema\/person\/2b867f13a717bb230f1a3555505f5593\"},\"breadcrumb\":{\"@id\":\"https:\/\/abrelivros.org.br\/site\/abrelivros-e-abdr-debatem-sobre-comercio-ilegal-de-livros-em-seminario-sobre-pirataria-em-natal-rn\/#breadcrumb\"},\"inLanguage\":\"pt-BR\",\"potentialAction\":[{\"@type\":\"ReadAction\",\"target\":[\"https:\/\/abrelivros.org.br\/site\/abrelivros-e-abdr-debatem-sobre-comercio-ilegal-de-livros-em-seminario-sobre-pirataria-em-natal-rn\/\"]}]},{\"@type\":\"BreadcrumbList\",\"@id\":\"https:\/\/abrelivros.org.br\/site\/abrelivros-e-abdr-debatem-sobre-comercio-ilegal-de-livros-em-seminario-sobre-pirataria-em-natal-rn\/#breadcrumb\",\"itemListElement\":[{\"@type\":\"ListItem\",\"position\":1,\"item\":{\"@type\":\"WebPage\",\"@id\":\"https:\/\/abrelivros.org.br\/site\/\",\"url\":\"https:\/\/abrelivros.org.br\/site\/\",\"name\":\"In\\u00edcio\"}},{\"@type\":\"ListItem\",\"position\":2,\"item\":{\"@type\":\"WebPage\",\"@id\":\"https:\/\/abrelivros.org.br\/site\/category\/noticias\/\",\"url\":\"https:\/\/abrelivros.org.br\/site\/category\/noticias\/\",\"name\":\"Not\\u00edcias\"}},{\"@type\":\"ListItem\",\"position\":3,\"item\":{\"@type\":\"WebPage\",\"@id\":\"https:\/\/abrelivros.org.br\/site\/category\/noticias\/noticias-da-imprensa\/\",\"url\":\"https:\/\/abrelivros.org.br\/site\/category\/noticias\/noticias-da-imprensa\/\",\"name\":\"Not\\u00edcias da imprensa\"}},{\"@type\":\"ListItem\",\"position\":4,\"item\":{\"@type\":\"WebPage\",\"@id\":\"https:\/\/abrelivros.org.br\/site\/abrelivros-e-abdr-debatem-sobre-comercio-ilegal-de-livros-em-seminario-sobre-pirataria-em-natal-rn\/\",\"url\":\"https:\/\/abrelivros.org.br\/site\/abrelivros-e-abdr-debatem-sobre-comercio-ilegal-de-livros-em-seminario-sobre-pirataria-em-natal-rn\/\",\"name\":\"ABRELIVROS e ABDR debatem sobre com\\u00e9rcio ilegal de livros em semin\\u00e1rio sobre pirataria em Natal (RN)\"}}]},{\"@type\":\"Person\",\"@id\":\"https:\/\/abrelivros.org.br\/site\/#\/schema\/person\/2b867f13a717bb230f1a3555505f5593\",\"name\":\"\\u00a0\",\"image\":{\"@type\":\"ImageObject\",\"@id\":\"https:\/\/abrelivros.org.br\/site\/#personlogo\",\"inLanguage\":\"pt-BR\",\"url\":\"https:\/\/secure.gravatar.com\/avatar\/e80b7f5231be2fff5040a8023da424898002831c5439420df182ae62676d2a6f?s=96&d=mm&r=g\",\"caption\":\"\\u00a0\"}}]}<\/script>\n<!-- \/ Yoast SEO plugin. -->","_links":{"self":[{"href":"https:\/\/abrelivros.org.br\/site\/wp-json\/wp\/v2\/posts\/2233","targetHints":{"allow":["GET"]}}],"collection":[{"href":"https:\/\/abrelivros.org.br\/site\/wp-json\/wp\/v2\/posts"}],"about":[{"href":"https:\/\/abrelivros.org.br\/site\/wp-json\/wp\/v2\/types\/post"}],"author":[{"embeddable":true,"href":"https:\/\/abrelivros.org.br\/site\/wp-json\/wp\/v2\/users\/1"}],"replies":[{"embeddable":true,"href":"https:\/\/abrelivros.org.br\/site\/wp-json\/wp\/v2\/comments?post=2233"}],"version-history":[{"count":0,"href":"https:\/\/abrelivros.org.br\/site\/wp-json\/wp\/v2\/posts\/2233\/revisions"}],"wp:attachment":[{"href":"https:\/\/abrelivros.org.br\/site\/wp-json\/wp\/v2\/media?parent=2233"}],"wp:term":[{"taxonomy":"category","embeddable":true,"href":"https:\/\/abrelivros.org.br\/site\/wp-json\/wp\/v2\/categories?post=2233"},{"taxonomy":"post_tag","embeddable":true,"href":"https:\/\/abrelivros.org.br\/site\/wp-json\/wp\/v2\/tags?post=2233"}],"curies":[{"name":"wp","href":"https:\/\/api.w.org\/{rel}","templated":true}]}}