{"id":2232,"date":"2008-03-28T17:13:00","date_gmt":"2008-03-28T20:13:00","guid":{"rendered":"https:\/\/abrelivros.org.br\/site\/2008\/03\/28\/comissao-do-mec-quer-reforma-ortografica-a-partir-de-2009\/"},"modified":"2008-03-28T17:13:00","modified_gmt":"2008-03-28T20:13:00","slug":"comissao-do-mec-quer-reforma-ortografica-a-partir-de-2009","status":"publish","type":"post","link":"https:\/\/abrelivros.org.br\/site\/comissao-do-mec-quer-reforma-ortografica-a-partir-de-2009\/","title":{"rendered":"Comiss\u00e3o do MEC quer reforma ortogr\u00e1fica a partir de 2009"},"content":{"rendered":"<p>A Comiss\u00e3o de L\u00edngua Portuguesa (Colip) do Minist\u00e9rio da Educa\u00e7\u00e3o (MEC) enviou uma proposta nesta quarta-feira (26) para que a reforma ortogr\u00e1fica entre em vigor em 1\u00ba de janeiro de 2009. De acordo com o presidente da Colip, Godofredo de Oliveira Neto, o per\u00edodo de transi\u00e7\u00e3o entre a norma ling\u00fc\u00edstica atual e a nova \u00e9 de tr\u00eas anos.\u00a0<br \/> \u00a0<br \/> A medida precisa ainda passar por avalia\u00e7\u00e3o dos ministros da Educa\u00e7\u00e3o, da Cultura e das Rela\u00e7\u00f5es Exteriores, para seguir para san\u00e7\u00e3o presidencial. \u201cDeve ser r\u00e1pido o processo. Estimo um m\u00eas para que a proposta passe por todos os tr\u00e2mites. \u00c9 a \u00fanica proposta feita e n\u00e3o tem outra na mesa\u201d, afirma Oliveira Neto. \u00a0<br \/> \u00a0<br \/> A reforma ortogr\u00e1fica no Brasil \u00e9 decorr\u00eancia de um acordo ortogr\u00e1fico internacional que pretende unificar os textos escritos nos oito pa\u00edses de l\u00edngua porguesa (Angola, Mo\u00e7ambique, Cabo Verde, Guin\u00e9-Bissau, S\u00e3o Tom\u00e9 e Pr\u00edncipe, Timor Leste, Brasil e Portugal). A discuss\u00e3o internacional sobre as normas ling\u00fc\u00edsticas acontece desde 1994 (confira o hist\u00f3rico do acordo ortogr\u00e1fico).\u00a0<br \/> \u00a0<br \/> De acordo com o texto da Colip, a partir de 2009 todos os textos produzidos j\u00e1 devem ser escritos na nova norma (veja aqui o que muda na l\u00edngua), com algumas exce\u00e7\u00f5es. Vestibulares, concursos e avalia\u00e7\u00f5es dever\u00e3o aceitar as duas regras como corretas at\u00e9 31 de dezembro de 2011. \u00a0<br \/> \u00a0<br \/> Os livros did\u00e1ticos distribu\u00eddos pelo governo em 2009 para o ensino m\u00e9dio poder\u00e3o estar escritos na norma antiga. Como a compra de livros n\u00e3o acontece todos os anos para todas as s\u00e9ries, espera-se que os estudantes do ensino m\u00e9dio possam utilizar a norma atual at\u00e9 2011. \u00a0<br \/> \u00a0<br \/> J\u00e1 estudantes do ensino fundamental dever\u00e3o receber material did\u00e1tico adaptado \u00e0s normas do acordo ortogr\u00e1fico a partir de 2010. \u00a0<br \/> \u00a0<br \/><B> Vai ou n\u00e3o vai?\u00a0<br \/> \u00a0<br \/><\/B> No final do ano passado, a pr\u00f3pria Colip, que quer as regras em vigor j\u00e1 em 2009, entendeu que deveria esperar Portugal para reformar a l\u00edngua.\u00a0<br \/> \u00a0<br \/> \u201cA Colip acha que n\u00e3o \u00e9 mais necess\u00e1rio esperar. J\u00e1 esperamos mais um ano, pois pod\u00edamos ter aplicado em 2007. Mas por uma raz\u00e3o de fraternidade, o Brasil esperou Portugal. A boa vontade pol\u00edtica do Brasil ficou estampada\u201c, disse o escritor e professor Oliveira Neto.\u00a0<br \/> \u00a0<br \/><B> O que muda com o acordo?\u00a0<br \/> \u00a0<br \/><\/B> O novo alfabeto vai incorporar o \u201ck\u201d, o \u201cw\u201d, e o \u201cy\u201d, ficando, ent\u00e3o, com 26 letras. Haver\u00e1 a supress\u00e3o de acentos diferenciais, como o de \u201cp\u00e1ra\u201d, do verbo parar; de acentos agudos em ditongos como o de id\u00e9ia (virar\u00e1 \u201cideia\u201d); e do circunflexo em \u201cv\u00f4o\u201d ou \u201ccr\u00eaem\u201d; al\u00e9m de mudan\u00e7as com o h\u00edfen. \u00a0<br \/> \u00a0<br \/> E o trema (aqueles dois pontinhos que ficam sobre o \u201cu\u201d de ling\u00fci\u00e7a, por exemplo) desaparecer\u00e3o. \u00a0<br \/> \u00a0<br \/><B> O hist\u00f3rico do acordo\u00a0<br \/> \u00a0<br \/><\/B> O acordo ortogr\u00e1fico foi assinado em 1990 e entraria em vigor em 1994, com a ratifica\u00e7\u00e3o dos sete pa\u00edses que o assinaram &#8211; na \u00e9poca, o Timor Leste ainda n\u00e3o era independente. \u00a0<br \/> \u00a0<br \/> Passaram os anos e, em 2004, foi assinado um protocolo modificativo que determinava que o acordo entraria em vigor quando tr\u00eas pa\u00edses tivessem ratificado \u2013 o que j\u00e1 fez o Brasil, Cabo Verde e S\u00e3o Tom\u00e9 e Pr\u00edncipe, o \u00faltimo em dezembro de 2006. O Brasil foi o primeiro a ratificar o acordo, em 2004. \u00a0<br \/> \u00a0<br \/> Legalmente, todas as mudan\u00e7as que buscam unificar o registro escrito nos oito pa\u00edses que falam portugu\u00eas &#8211; Angola, Mo\u00e7ambique, Cabo Verde, Guin\u00e9-Bissau, S\u00e3o Tom\u00e9 e Pr\u00edncipe, Timor Leste, Brasil e Portugal &#8211; j\u00e1 poderiam estar valendo. Isso porque o que foi firmado internacionalmente \u00e9 que, se tr\u00eas pa\u00edses assinassem o acordo, ele poderia entrar em vigor. \u00a0<br \/> \u00a0<br \/> No entanto, no ano passado, o Brasil definiu que, sem a implanta\u00e7\u00e3o das normas por Portugal, o acordo teria pouca utilidade e, na pr\u00e1tica, n\u00e3o unificaria realmente as normas ortogr\u00e1ficas. Agora a posi\u00e7\u00e3o brasileira \u00e9 de adotar as normas, mesmo antes do governo portugu\u00eas adot\u00e1-las.\u00a0<br \/> \u00a0<\/p>\n","protected":false},"excerpt":{"rendered":"<p>A Comiss\u00e3o de L\u00edngua Portuguesa (Colip) do Minist\u00e9rio da Educa\u00e7\u00e3o (MEC) enviou uma proposta nesta quarta-feira (26) para que a reforma ortogr\u00e1fica entre em vigor em 1\u00ba de janeiro de 2009. De acordo com o presidente da Colip, Godofredo de Oliveira Neto, o per\u00edodo de transi\u00e7\u00e3o entre a norma ling\u00fc\u00edstica atual e a nova \u00e9 [&hellip;]<\/p>\n","protected":false},"author":1,"featured_media":0,"comment_status":"closed","ping_status":"closed","sticky":false,"template":"","format":"standard","meta":{"footnotes":"","_links_to":"","_links_to_target":""},"categories":[9],"tags":[],"class_list":["post-2232","post","type-post","status-publish","format-standard","hentry","category-noticias-da-imprensa"],"yoast_head":"<!-- This site is optimized with the Yoast SEO plugin v15.1 - https:\/\/yoast.com\/wordpress\/plugins\/seo\/ -->\n<title>Comiss\u00e3o do MEC quer reforma ortogr\u00e1fica a partir de 2009 &raquo; Abrelivros<\/title>\n<meta name=\"robots\" content=\"index, follow, max-snippet:-1, max-image-preview:large, max-video-preview:-1\" \/>\n<link rel=\"canonical\" href=\"https:\/\/abrelivros.org.br\/site\/comissao-do-mec-quer-reforma-ortografica-a-partir-de-2009\/\" \/>\n<meta property=\"og:locale\" content=\"pt_BR\" \/>\n<meta property=\"og:type\" content=\"article\" \/>\n<meta property=\"og:title\" content=\"Comiss\u00e3o do MEC quer reforma ortogr\u00e1fica a partir de 2009 &raquo; Abrelivros\" \/>\n<meta property=\"og:description\" content=\"A Comiss\u00e3o de L\u00edngua Portuguesa (Colip) do Minist\u00e9rio da Educa\u00e7\u00e3o (MEC) enviou uma proposta nesta quarta-feira (26) para que a reforma ortogr\u00e1fica entre em vigor em 1\u00ba de janeiro de 2009. De acordo com o presidente da Colip, Godofredo de Oliveira Neto, o per\u00edodo de transi\u00e7\u00e3o entre a norma ling\u00fc\u00edstica atual e a nova \u00e9 [&hellip;]\" \/>\n<meta property=\"og:url\" content=\"https:\/\/abrelivros.org.br\/site\/comissao-do-mec-quer-reforma-ortografica-a-partir-de-2009\/\" \/>\n<meta property=\"og:site_name\" content=\"Abrelivros\" \/>\n<meta property=\"article:published_time\" content=\"2008-03-28T20:13:00+00:00\" \/>\n<meta name=\"twitter:card\" content=\"summary_large_image\" \/>\n<script type=\"application\/ld+json\" class=\"yoast-schema-graph\">{\"@context\":\"https:\/\/schema.org\",\"@graph\":[{\"@type\":\"WebSite\",\"@id\":\"https:\/\/abrelivros.org.br\/site\/#website\",\"url\":\"https:\/\/abrelivros.org.br\/site\/\",\"name\":\"Abrelivros\",\"description\":\"\",\"potentialAction\":[{\"@type\":\"SearchAction\",\"target\":\"https:\/\/abrelivros.org.br\/site\/?s={search_term_string}\",\"query-input\":\"required name=search_term_string\"}],\"inLanguage\":\"pt-BR\"},{\"@type\":\"WebPage\",\"@id\":\"https:\/\/abrelivros.org.br\/site\/comissao-do-mec-quer-reforma-ortografica-a-partir-de-2009\/#webpage\",\"url\":\"https:\/\/abrelivros.org.br\/site\/comissao-do-mec-quer-reforma-ortografica-a-partir-de-2009\/\",\"name\":\"Comiss\\u00e3o do MEC quer reforma ortogr\\u00e1fica a partir de 2009 &raquo; Abrelivros\",\"isPartOf\":{\"@id\":\"https:\/\/abrelivros.org.br\/site\/#website\"},\"datePublished\":\"2008-03-28T20:13:00+00:00\",\"dateModified\":\"2008-03-28T20:13:00+00:00\",\"author\":{\"@id\":\"https:\/\/abrelivros.org.br\/site\/#\/schema\/person\/2b867f13a717bb230f1a3555505f5593\"},\"breadcrumb\":{\"@id\":\"https:\/\/abrelivros.org.br\/site\/comissao-do-mec-quer-reforma-ortografica-a-partir-de-2009\/#breadcrumb\"},\"inLanguage\":\"pt-BR\",\"potentialAction\":[{\"@type\":\"ReadAction\",\"target\":[\"https:\/\/abrelivros.org.br\/site\/comissao-do-mec-quer-reforma-ortografica-a-partir-de-2009\/\"]}]},{\"@type\":\"BreadcrumbList\",\"@id\":\"https:\/\/abrelivros.org.br\/site\/comissao-do-mec-quer-reforma-ortografica-a-partir-de-2009\/#breadcrumb\",\"itemListElement\":[{\"@type\":\"ListItem\",\"position\":1,\"item\":{\"@type\":\"WebPage\",\"@id\":\"https:\/\/abrelivros.org.br\/site\/\",\"url\":\"https:\/\/abrelivros.org.br\/site\/\",\"name\":\"In\\u00edcio\"}},{\"@type\":\"ListItem\",\"position\":2,\"item\":{\"@type\":\"WebPage\",\"@id\":\"https:\/\/abrelivros.org.br\/site\/category\/noticias\/\",\"url\":\"https:\/\/abrelivros.org.br\/site\/category\/noticias\/\",\"name\":\"Not\\u00edcias\"}},{\"@type\":\"ListItem\",\"position\":3,\"item\":{\"@type\":\"WebPage\",\"@id\":\"https:\/\/abrelivros.org.br\/site\/category\/noticias\/noticias-da-imprensa\/\",\"url\":\"https:\/\/abrelivros.org.br\/site\/category\/noticias\/noticias-da-imprensa\/\",\"name\":\"Not\\u00edcias da imprensa\"}},{\"@type\":\"ListItem\",\"position\":4,\"item\":{\"@type\":\"WebPage\",\"@id\":\"https:\/\/abrelivros.org.br\/site\/comissao-do-mec-quer-reforma-ortografica-a-partir-de-2009\/\",\"url\":\"https:\/\/abrelivros.org.br\/site\/comissao-do-mec-quer-reforma-ortografica-a-partir-de-2009\/\",\"name\":\"Comiss\\u00e3o do MEC quer reforma ortogr\\u00e1fica a partir de 2009\"}}]},{\"@type\":\"Person\",\"@id\":\"https:\/\/abrelivros.org.br\/site\/#\/schema\/person\/2b867f13a717bb230f1a3555505f5593\",\"name\":\"\\u00a0\",\"image\":{\"@type\":\"ImageObject\",\"@id\":\"https:\/\/abrelivros.org.br\/site\/#personlogo\",\"inLanguage\":\"pt-BR\",\"url\":\"https:\/\/secure.gravatar.com\/avatar\/e80b7f5231be2fff5040a8023da424898002831c5439420df182ae62676d2a6f?s=96&d=mm&r=g\",\"caption\":\"\\u00a0\"}}]}<\/script>\n<!-- \/ Yoast SEO plugin. -->","_links":{"self":[{"href":"https:\/\/abrelivros.org.br\/site\/wp-json\/wp\/v2\/posts\/2232","targetHints":{"allow":["GET"]}}],"collection":[{"href":"https:\/\/abrelivros.org.br\/site\/wp-json\/wp\/v2\/posts"}],"about":[{"href":"https:\/\/abrelivros.org.br\/site\/wp-json\/wp\/v2\/types\/post"}],"author":[{"embeddable":true,"href":"https:\/\/abrelivros.org.br\/site\/wp-json\/wp\/v2\/users\/1"}],"replies":[{"embeddable":true,"href":"https:\/\/abrelivros.org.br\/site\/wp-json\/wp\/v2\/comments?post=2232"}],"version-history":[{"count":0,"href":"https:\/\/abrelivros.org.br\/site\/wp-json\/wp\/v2\/posts\/2232\/revisions"}],"wp:attachment":[{"href":"https:\/\/abrelivros.org.br\/site\/wp-json\/wp\/v2\/media?parent=2232"}],"wp:term":[{"taxonomy":"category","embeddable":true,"href":"https:\/\/abrelivros.org.br\/site\/wp-json\/wp\/v2\/categories?post=2232"},{"taxonomy":"post_tag","embeddable":true,"href":"https:\/\/abrelivros.org.br\/site\/wp-json\/wp\/v2\/tags?post=2232"}],"curies":[{"name":"wp","href":"https:\/\/api.w.org\/{rel}","templated":true}]}}