{"id":2231,"date":"2008-03-28T17:22:00","date_gmt":"2008-03-28T20:22:00","guid":{"rendered":"https:\/\/abrelivros.org.br\/site\/2008\/03\/28\/instituto-pro-livro-ja-se-consolida\/"},"modified":"2008-03-28T17:22:00","modified_gmt":"2008-03-28T20:22:00","slug":"instituto-pro-livro-ja-se-consolida","status":"publish","type":"post","link":"https:\/\/abrelivros.org.br\/site\/instituto-pro-livro-ja-se-consolida\/","title":{"rendered":"Instituto Pr\u00f3-Livro j\u00e1 se consolida"},"content":{"rendered":"<p>Criado pela Associa\u00e7\u00e3o Brasileira de Editores de Livros, C\u00e2mara Brasileira do Livro e Sindicato Nacional de Editores de Livros, o Instituto Pr\u00f3-Livro recebeu, dia desses, uma not\u00edcia que deixou todo mundo aliviado. \u00c9 que a Abrelivros, que re\u00fane as editoras de livros did\u00e1ticos, decidiu manter a contribui\u00e7\u00e3o de R$ 250 mil mensais para o IPL financiar a\u00e7\u00f5es de fomento \u00e0 leitura.\u00a0<br \/> \u00a0<br \/> A not\u00edcia chega em boa hora. Temia-se que os editores, informados sobre a disposi\u00e7\u00e3o do governo de mandar projeto de lei ao Congresso para criar um fundo pr\u00f3-leitura com contribui\u00e7\u00f5es compuls\u00f3rias de 1% sobre seu faturamento, poderiam suspender, antes mesmo da cria\u00e7\u00e3o do fundo oficial, suas contribui\u00e7\u00f5es. A Abrelivros se antecipou e decidiu que, independentemente do que venham a fazer editoras lideradas pelas duas outras entidades &#8211; Snel e CBL &#8211; seus associados continuar\u00e3o a contribuir.\u00a0<br \/> \u00a0<br \/> O instituto est\u00e1 terminando, agora, a segunda edi\u00e7\u00e3o da pesquisa Retratos da Leitura no Brasil, cujos resultados ser\u00e3o anunciados em maio.\u00a0<\/p>\n","protected":false},"excerpt":{"rendered":"<p>Criado pela Associa\u00e7\u00e3o Brasileira de Editores de Livros, C\u00e2mara Brasileira do Livro e Sindicato Nacional de Editores de Livros, o Instituto Pr\u00f3-Livro recebeu, dia desses, uma not\u00edcia que deixou todo mundo aliviado. \u00c9 que a Abrelivros, que re\u00fane as editoras de livros did\u00e1ticos, decidiu manter a contribui\u00e7\u00e3o de R$ 250 mil mensais para o IPL [&hellip;]<\/p>\n","protected":false},"author":1,"featured_media":0,"comment_status":"closed","ping_status":"closed","sticky":false,"template":"","format":"standard","meta":{"footnotes":"","_links_to":"","_links_to_target":""},"categories":[9],"tags":[],"class_list":["post-2231","post","type-post","status-publish","format-standard","hentry","category-noticias-da-imprensa"],"yoast_head":"<!-- This site is optimized with the Yoast SEO plugin v15.1 - https:\/\/yoast.com\/wordpress\/plugins\/seo\/ -->\n<title>Instituto Pr\u00f3-Livro j\u00e1 se consolida &raquo; Abrelivros<\/title>\n<meta name=\"robots\" content=\"index, follow, max-snippet:-1, max-image-preview:large, max-video-preview:-1\" \/>\n<link rel=\"canonical\" href=\"https:\/\/abrelivros.org.br\/site\/instituto-pro-livro-ja-se-consolida\/\" \/>\n<meta property=\"og:locale\" content=\"pt_BR\" \/>\n<meta property=\"og:type\" content=\"article\" \/>\n<meta property=\"og:title\" content=\"Instituto Pr\u00f3-Livro j\u00e1 se consolida &raquo; Abrelivros\" \/>\n<meta property=\"og:description\" content=\"Criado pela Associa\u00e7\u00e3o Brasileira de Editores de Livros, C\u00e2mara Brasileira do Livro e Sindicato Nacional de Editores de Livros, o Instituto Pr\u00f3-Livro recebeu, dia desses, uma not\u00edcia que deixou todo mundo aliviado. \u00c9 que a Abrelivros, que re\u00fane as editoras de livros did\u00e1ticos, decidiu manter a contribui\u00e7\u00e3o de R$ 250 mil mensais para o IPL [&hellip;]\" \/>\n<meta property=\"og:url\" content=\"https:\/\/abrelivros.org.br\/site\/instituto-pro-livro-ja-se-consolida\/\" \/>\n<meta property=\"og:site_name\" content=\"Abrelivros\" \/>\n<meta property=\"article:published_time\" content=\"2008-03-28T20:22:00+00:00\" \/>\n<meta name=\"twitter:card\" content=\"summary_large_image\" \/>\n<script type=\"application\/ld+json\" class=\"yoast-schema-graph\">{\"@context\":\"https:\/\/schema.org\",\"@graph\":[{\"@type\":\"WebSite\",\"@id\":\"https:\/\/abrelivros.org.br\/site\/#website\",\"url\":\"https:\/\/abrelivros.org.br\/site\/\",\"name\":\"Abrelivros\",\"description\":\"\",\"potentialAction\":[{\"@type\":\"SearchAction\",\"target\":\"https:\/\/abrelivros.org.br\/site\/?s={search_term_string}\",\"query-input\":\"required name=search_term_string\"}],\"inLanguage\":\"pt-BR\"},{\"@type\":\"WebPage\",\"@id\":\"https:\/\/abrelivros.org.br\/site\/instituto-pro-livro-ja-se-consolida\/#webpage\",\"url\":\"https:\/\/abrelivros.org.br\/site\/instituto-pro-livro-ja-se-consolida\/\",\"name\":\"Instituto Pr\\u00f3-Livro j\\u00e1 se consolida &raquo; Abrelivros\",\"isPartOf\":{\"@id\":\"https:\/\/abrelivros.org.br\/site\/#website\"},\"datePublished\":\"2008-03-28T20:22:00+00:00\",\"dateModified\":\"2008-03-28T20:22:00+00:00\",\"author\":{\"@id\":\"https:\/\/abrelivros.org.br\/site\/#\/schema\/person\/2b867f13a717bb230f1a3555505f5593\"},\"breadcrumb\":{\"@id\":\"https:\/\/abrelivros.org.br\/site\/instituto-pro-livro-ja-se-consolida\/#breadcrumb\"},\"inLanguage\":\"pt-BR\",\"potentialAction\":[{\"@type\":\"ReadAction\",\"target\":[\"https:\/\/abrelivros.org.br\/site\/instituto-pro-livro-ja-se-consolida\/\"]}]},{\"@type\":\"BreadcrumbList\",\"@id\":\"https:\/\/abrelivros.org.br\/site\/instituto-pro-livro-ja-se-consolida\/#breadcrumb\",\"itemListElement\":[{\"@type\":\"ListItem\",\"position\":1,\"item\":{\"@type\":\"WebPage\",\"@id\":\"https:\/\/abrelivros.org.br\/site\/\",\"url\":\"https:\/\/abrelivros.org.br\/site\/\",\"name\":\"In\\u00edcio\"}},{\"@type\":\"ListItem\",\"position\":2,\"item\":{\"@type\":\"WebPage\",\"@id\":\"https:\/\/abrelivros.org.br\/site\/category\/noticias\/\",\"url\":\"https:\/\/abrelivros.org.br\/site\/category\/noticias\/\",\"name\":\"Not\\u00edcias\"}},{\"@type\":\"ListItem\",\"position\":3,\"item\":{\"@type\":\"WebPage\",\"@id\":\"https:\/\/abrelivros.org.br\/site\/category\/noticias\/noticias-da-imprensa\/\",\"url\":\"https:\/\/abrelivros.org.br\/site\/category\/noticias\/noticias-da-imprensa\/\",\"name\":\"Not\\u00edcias da imprensa\"}},{\"@type\":\"ListItem\",\"position\":4,\"item\":{\"@type\":\"WebPage\",\"@id\":\"https:\/\/abrelivros.org.br\/site\/instituto-pro-livro-ja-se-consolida\/\",\"url\":\"https:\/\/abrelivros.org.br\/site\/instituto-pro-livro-ja-se-consolida\/\",\"name\":\"Instituto Pr\\u00f3-Livro j\\u00e1 se consolida\"}}]},{\"@type\":\"Person\",\"@id\":\"https:\/\/abrelivros.org.br\/site\/#\/schema\/person\/2b867f13a717bb230f1a3555505f5593\",\"name\":\"\\u00a0\",\"image\":{\"@type\":\"ImageObject\",\"@id\":\"https:\/\/abrelivros.org.br\/site\/#personlogo\",\"inLanguage\":\"pt-BR\",\"url\":\"https:\/\/secure.gravatar.com\/avatar\/e80b7f5231be2fff5040a8023da424898002831c5439420df182ae62676d2a6f?s=96&d=mm&r=g\",\"caption\":\"\\u00a0\"}}]}<\/script>\n<!-- \/ Yoast SEO plugin. -->","_links":{"self":[{"href":"https:\/\/abrelivros.org.br\/site\/wp-json\/wp\/v2\/posts\/2231","targetHints":{"allow":["GET"]}}],"collection":[{"href":"https:\/\/abrelivros.org.br\/site\/wp-json\/wp\/v2\/posts"}],"about":[{"href":"https:\/\/abrelivros.org.br\/site\/wp-json\/wp\/v2\/types\/post"}],"author":[{"embeddable":true,"href":"https:\/\/abrelivros.org.br\/site\/wp-json\/wp\/v2\/users\/1"}],"replies":[{"embeddable":true,"href":"https:\/\/abrelivros.org.br\/site\/wp-json\/wp\/v2\/comments?post=2231"}],"version-history":[{"count":0,"href":"https:\/\/abrelivros.org.br\/site\/wp-json\/wp\/v2\/posts\/2231\/revisions"}],"wp:attachment":[{"href":"https:\/\/abrelivros.org.br\/site\/wp-json\/wp\/v2\/media?parent=2231"}],"wp:term":[{"taxonomy":"category","embeddable":true,"href":"https:\/\/abrelivros.org.br\/site\/wp-json\/wp\/v2\/categories?post=2231"},{"taxonomy":"post_tag","embeddable":true,"href":"https:\/\/abrelivros.org.br\/site\/wp-json\/wp\/v2\/tags?post=2231"}],"curies":[{"name":"wp","href":"https:\/\/api.w.org\/{rel}","templated":true}]}}