{"id":2229,"date":"2008-03-31T16:07:00","date_gmt":"2008-03-31T19:07:00","guid":{"rendered":"https:\/\/abrelivros.org.br\/site\/2008\/03\/31\/mec-quer-mudar-portugues-ja-em-2009\/"},"modified":"2008-03-31T16:07:00","modified_gmt":"2008-03-31T19:07:00","slug":"mec-quer-mudar-portugues-ja-em-2009","status":"publish","type":"post","link":"https:\/\/abrelivros.org.br\/site\/mec-quer-mudar-portugues-ja-em-2009\/","title":{"rendered":"MEC quer mudar portugu\u00eas j\u00e1 em 2009"},"content":{"rendered":"<p>Uma comiss\u00e3o do MEC elaborou uma proposta para que a reforma ortogr\u00e1fica da l\u00edngua portuguesa comece a ser implantada no Brasil a partir do dia 1\u00ba de janeiro de 2009.&nbsp;<br \/> &nbsp;<br \/> A reforma prev\u00ea, entre outros pontos, o fim do trema e de acentos em palavras como v\u00f4o, her\u00f3i, id\u00e9ia e assembl\u00e9ia do vocabul\u00e1rio dos pa\u00edses de l\u00edngua portuguesa.&nbsp;<br \/> &nbsp;<br \/> A proposta da Colip (Comiss\u00e3o para Defini\u00e7\u00e3o da Pol\u00edtica de Ensino-Aprendizagem, Pesquisa e Promo\u00e7\u00e3o da L\u00edngua Portuguesa) ainda tem que ser submetida ao ministro Fernando Haddad (Educa\u00e7\u00e3o), aos minist\u00e9rios da Cultura e das Rela\u00e7\u00f5es Exteriores e \u00e0 Presid\u00eancia.&nbsp;<br \/> &nbsp;<br \/> Ela prev\u00ea um prazo de tr\u00eas anos para a transi\u00e7\u00e3o entre a ortografia atual e a prevista pela reforma. Nesse intervalo, as duas normas vigorariam.&nbsp;<br \/> &nbsp;<br \/> Segundo Godofredo de Oliveira Neto, presidente da comiss\u00e3o, a partir do dia 31 de dezembro de 2011, todos os livros did\u00e1ticos, provas para concurso e vestibulares teriam que estar submetidos \u00e0s novas regras.&nbsp;<br \/> &nbsp;<br \/> Em comunicado enviado no come\u00e7o do m\u00eas \u00e0 editoras de livros did\u00e1ticos, o MEC j\u00e1 exigiu que as obras enviadas \u00e0s escolas p\u00fablicas estejam adequadas \u00e0s mudan\u00e7as em 2010.&nbsp;<br \/> &nbsp;<br \/> O projeto da comiss\u00e3o prev\u00ea ainda a elabora\u00e7\u00e3o de um vocabul\u00e1rio da l\u00edngua portuguesa no Brasil de acordo com as novas regras. Ele seria produzido pela Academia Brasileira de Letras, em conjunto com especialistas dos outros pa\u00edses da CPLP (Comunidade dos Pa\u00edses de L\u00edngua Portuguesa).&nbsp;<br \/> &nbsp;<br \/> O acordo ortogr\u00e1fico foi firmado em 1991 e aprovado pelo Congresso no Brasil em 1995. Em tese, ele j\u00e1 est\u00e1 em vigor, uma vez que tem, como previsto, a assinatura de tr\u00eas pa\u00edses da CPLP -al\u00e9m do Brasil, Cabo Verde e S\u00e3o Tom\u00e9 e Pr\u00edncipe.&nbsp;<br \/> &nbsp;<br \/> A implementa\u00e7\u00e3o da reforma, por\u00e9m, era adiada pelo governo brasileiro devido \u00e0 n\u00e3o-ratifica\u00e7\u00e3o por Portugal.&nbsp;<br \/> A situa\u00e7\u00e3o mudou quando, no in\u00edcio do m\u00eas, o conselho de ministros do pa\u00eds anunciou o desejo de aderir \u00e0 reforma -a decis\u00e3o, por\u00e9m, ainda tem que ser aprovada pelo Legislativo.<\/p>\n","protected":false},"excerpt":{"rendered":"<p>Uma comiss\u00e3o do MEC elaborou uma proposta para que a reforma ortogr\u00e1fica da l\u00edngua portuguesa comece a ser implantada no Brasil a partir do dia 1\u00ba de janeiro de 2009.&nbsp; &nbsp; A reforma prev\u00ea, entre outros pontos, o fim do trema e de acentos em palavras como v\u00f4o, her\u00f3i, id\u00e9ia e assembl\u00e9ia do vocabul\u00e1rio dos [&hellip;]<\/p>\n","protected":false},"author":1,"featured_media":0,"comment_status":"closed","ping_status":"closed","sticky":false,"template":"","format":"standard","meta":{"footnotes":"","_links_to":"","_links_to_target":""},"categories":[9],"tags":[],"class_list":["post-2229","post","type-post","status-publish","format-standard","hentry","category-noticias-da-imprensa"],"yoast_head":"<!-- This site is optimized with the Yoast SEO plugin v15.1 - https:\/\/yoast.com\/wordpress\/plugins\/seo\/ -->\n<title>MEC quer mudar portugu\u00eas j\u00e1 em 2009 &raquo; Abrelivros<\/title>\n<meta name=\"robots\" content=\"index, follow, max-snippet:-1, max-image-preview:large, max-video-preview:-1\" \/>\n<link rel=\"canonical\" href=\"https:\/\/abrelivros.org.br\/site\/mec-quer-mudar-portugues-ja-em-2009\/\" \/>\n<meta property=\"og:locale\" content=\"pt_BR\" \/>\n<meta property=\"og:type\" content=\"article\" \/>\n<meta property=\"og:title\" content=\"MEC quer mudar portugu\u00eas j\u00e1 em 2009 &raquo; Abrelivros\" \/>\n<meta property=\"og:description\" content=\"Uma comiss\u00e3o do MEC elaborou uma proposta para que a reforma ortogr\u00e1fica da l\u00edngua portuguesa comece a ser implantada no Brasil a partir do dia 1\u00ba de janeiro de 2009.&nbsp; &nbsp; A reforma prev\u00ea, entre outros pontos, o fim do trema e de acentos em palavras como v\u00f4o, her\u00f3i, id\u00e9ia e assembl\u00e9ia do vocabul\u00e1rio dos [&hellip;]\" \/>\n<meta property=\"og:url\" content=\"https:\/\/abrelivros.org.br\/site\/mec-quer-mudar-portugues-ja-em-2009\/\" \/>\n<meta property=\"og:site_name\" content=\"Abrelivros\" \/>\n<meta property=\"article:published_time\" content=\"2008-03-31T19:07:00+00:00\" \/>\n<meta name=\"twitter:card\" content=\"summary_large_image\" \/>\n<script type=\"application\/ld+json\" class=\"yoast-schema-graph\">{\"@context\":\"https:\/\/schema.org\",\"@graph\":[{\"@type\":\"WebSite\",\"@id\":\"https:\/\/abrelivros.org.br\/site\/#website\",\"url\":\"https:\/\/abrelivros.org.br\/site\/\",\"name\":\"Abrelivros\",\"description\":\"\",\"potentialAction\":[{\"@type\":\"SearchAction\",\"target\":\"https:\/\/abrelivros.org.br\/site\/?s={search_term_string}\",\"query-input\":\"required name=search_term_string\"}],\"inLanguage\":\"pt-BR\"},{\"@type\":\"WebPage\",\"@id\":\"https:\/\/abrelivros.org.br\/site\/mec-quer-mudar-portugues-ja-em-2009\/#webpage\",\"url\":\"https:\/\/abrelivros.org.br\/site\/mec-quer-mudar-portugues-ja-em-2009\/\",\"name\":\"MEC quer mudar portugu\\u00eas j\\u00e1 em 2009 &raquo; Abrelivros\",\"isPartOf\":{\"@id\":\"https:\/\/abrelivros.org.br\/site\/#website\"},\"datePublished\":\"2008-03-31T19:07:00+00:00\",\"dateModified\":\"2008-03-31T19:07:00+00:00\",\"author\":{\"@id\":\"https:\/\/abrelivros.org.br\/site\/#\/schema\/person\/2b867f13a717bb230f1a3555505f5593\"},\"breadcrumb\":{\"@id\":\"https:\/\/abrelivros.org.br\/site\/mec-quer-mudar-portugues-ja-em-2009\/#breadcrumb\"},\"inLanguage\":\"pt-BR\",\"potentialAction\":[{\"@type\":\"ReadAction\",\"target\":[\"https:\/\/abrelivros.org.br\/site\/mec-quer-mudar-portugues-ja-em-2009\/\"]}]},{\"@type\":\"BreadcrumbList\",\"@id\":\"https:\/\/abrelivros.org.br\/site\/mec-quer-mudar-portugues-ja-em-2009\/#breadcrumb\",\"itemListElement\":[{\"@type\":\"ListItem\",\"position\":1,\"item\":{\"@type\":\"WebPage\",\"@id\":\"https:\/\/abrelivros.org.br\/site\/\",\"url\":\"https:\/\/abrelivros.org.br\/site\/\",\"name\":\"In\\u00edcio\"}},{\"@type\":\"ListItem\",\"position\":2,\"item\":{\"@type\":\"WebPage\",\"@id\":\"https:\/\/abrelivros.org.br\/site\/category\/noticias\/\",\"url\":\"https:\/\/abrelivros.org.br\/site\/category\/noticias\/\",\"name\":\"Not\\u00edcias\"}},{\"@type\":\"ListItem\",\"position\":3,\"item\":{\"@type\":\"WebPage\",\"@id\":\"https:\/\/abrelivros.org.br\/site\/category\/noticias\/noticias-da-imprensa\/\",\"url\":\"https:\/\/abrelivros.org.br\/site\/category\/noticias\/noticias-da-imprensa\/\",\"name\":\"Not\\u00edcias da imprensa\"}},{\"@type\":\"ListItem\",\"position\":4,\"item\":{\"@type\":\"WebPage\",\"@id\":\"https:\/\/abrelivros.org.br\/site\/mec-quer-mudar-portugues-ja-em-2009\/\",\"url\":\"https:\/\/abrelivros.org.br\/site\/mec-quer-mudar-portugues-ja-em-2009\/\",\"name\":\"MEC quer mudar portugu\\u00eas j\\u00e1 em 2009\"}}]},{\"@type\":\"Person\",\"@id\":\"https:\/\/abrelivros.org.br\/site\/#\/schema\/person\/2b867f13a717bb230f1a3555505f5593\",\"name\":\"\\u00a0\",\"image\":{\"@type\":\"ImageObject\",\"@id\":\"https:\/\/abrelivros.org.br\/site\/#personlogo\",\"inLanguage\":\"pt-BR\",\"url\":\"https:\/\/secure.gravatar.com\/avatar\/e80b7f5231be2fff5040a8023da424898002831c5439420df182ae62676d2a6f?s=96&d=mm&r=g\",\"caption\":\"\\u00a0\"}}]}<\/script>\n<!-- \/ Yoast SEO plugin. -->","_links":{"self":[{"href":"https:\/\/abrelivros.org.br\/site\/wp-json\/wp\/v2\/posts\/2229","targetHints":{"allow":["GET"]}}],"collection":[{"href":"https:\/\/abrelivros.org.br\/site\/wp-json\/wp\/v2\/posts"}],"about":[{"href":"https:\/\/abrelivros.org.br\/site\/wp-json\/wp\/v2\/types\/post"}],"author":[{"embeddable":true,"href":"https:\/\/abrelivros.org.br\/site\/wp-json\/wp\/v2\/users\/1"}],"replies":[{"embeddable":true,"href":"https:\/\/abrelivros.org.br\/site\/wp-json\/wp\/v2\/comments?post=2229"}],"version-history":[{"count":0,"href":"https:\/\/abrelivros.org.br\/site\/wp-json\/wp\/v2\/posts\/2229\/revisions"}],"wp:attachment":[{"href":"https:\/\/abrelivros.org.br\/site\/wp-json\/wp\/v2\/media?parent=2229"}],"wp:term":[{"taxonomy":"category","embeddable":true,"href":"https:\/\/abrelivros.org.br\/site\/wp-json\/wp\/v2\/categories?post=2229"},{"taxonomy":"post_tag","embeddable":true,"href":"https:\/\/abrelivros.org.br\/site\/wp-json\/wp\/v2\/tags?post=2229"}],"curies":[{"name":"wp","href":"https:\/\/api.w.org\/{rel}","templated":true}]}}