{"id":2228,"date":"2008-03-31T17:25:00","date_gmt":"2008-03-31T20:25:00","guid":{"rendered":"https:\/\/abrelivros.org.br\/site\/2008\/03\/31\/no-brasil-23-dao-aulas-de-matematica-sem-diploma\/"},"modified":"2008-03-31T17:25:00","modified_gmt":"2008-03-31T20:25:00","slug":"no-brasil-23-dao-aulas-de-matematica-sem-diploma","status":"publish","type":"post","link":"https:\/\/abrelivros.org.br\/site\/no-brasil-23-dao-aulas-de-matematica-sem-diploma\/","title":{"rendered":"No Brasil, 23% d\u00e3o aulas de matem\u00e1tica sem diploma"},"content":{"rendered":"<p>Cerca de 23% dos professores de matem\u00e1tica do ensino m\u00e9dio no Pa\u00eds n\u00e3o t\u00eam curso superior. Eles completaram apenas o pr\u00f3prio ensino m\u00e9dio &#8211; mesmo n\u00edvel de escolaridade para o qual d\u00e3o aulas. Outros 21%, aproximadamente, s\u00e3o graduados em outras \u00e1reas, que podem ser pr\u00f3ximas da matem\u00e1tica, como Processamento de Dados e Ci\u00eancias Cont\u00e1beis, ou bem distantes, como Letras. Apenas 20% s\u00e3o formados de fato em Matem\u00e1tica. Nas regi\u00f5es Norte e Nordeste o \u00edndice de professores sem forma\u00e7\u00e3o superior \u00e9 ainda mais alto, chegando a 36,9% e 36,1%, respectivamente. Por lei, todos deveriam ter diploma universit\u00e1rio.&nbsp;<br \/> &nbsp;<br \/> Os problemas no ensino da matem\u00e1tica aparecem em estudantes de todos os n\u00edveis e regi\u00f5es. Na \u00faltima avalia\u00e7\u00e3o internacional Pisa, cujos resultados foram divulgados no ano passado, os estudantes brasileiros tiveram um dos piores desempenhos na disciplina, ficando na frente apenas dos da Tun\u00edsia, Catar e Casaquist\u00e3o. Na semana retrasada, as notas do Saresp, a avalia\u00e7\u00e3o feita pelo Estado de S\u00e3o Paulo, mostraram que 71% dos alunos terminam o ensino m\u00e9dio sem conhecimentos b\u00e1sicos da \u00e1rea. Eles t\u00eam dificuldades para realizar opera\u00e7\u00f5es de soma, subtra\u00e7\u00e3o, multiplica\u00e7\u00e3o e divis\u00e3o, al\u00e9m de n\u00e3o conseguirem mensurar grandezas e medidas.&nbsp;<br \/> &nbsp;<br \/> Os dados fazem parte de um relat\u00f3rio elaborado pela Coordena\u00e7\u00e3o de Aperfei\u00e7oamento de Pessoal de N\u00edvel Superior (Capes), que desde o fim de 2007 assumiu tamb\u00e9m a responsabilidade pela forma\u00e7\u00e3o de professores para educa\u00e7\u00e3o b\u00e1sica. O diagn\u00f3stico servir\u00e1 de base para a elabora\u00e7\u00e3o de uma rede nacional de forma\u00e7\u00e3o de professores, uma das metas do ministro da Educa\u00e7\u00e3o, Fernando Haddad. O objetivo \u00e9 formular medidas emergenciais para suprir essa necessidade, com foco tamb\u00e9m nas \u00e1reas de f\u00edsica e qu\u00edmica, assim como organizar um sistema de gradua\u00e7\u00e3o que atraia os jovens para a doc\u00eancia.&nbsp;<br \/> &nbsp;<br \/> A Lei de Diretrizes e Bases (LDB) estabeleceu que, a partir de 2007, todos os professores contratados para atuar da 5\u00aa a 8\u00aa s\u00e9ries e no ensino m\u00e9dio deveriam ter licenciatura. Os do ensino infantil e primeiro ciclo do fundamental (1\u00aa a 4\u00aa s\u00e9ries) precisariam ter feito Pedagogia ou curso normal superior &#8211; meta que ainda est\u00e1 longe de ser cumprida.&nbsp;<br \/> &nbsp;<\/p>\n","protected":false},"excerpt":{"rendered":"<p>Cerca de 23% dos professores de matem\u00e1tica do ensino m\u00e9dio no Pa\u00eds n\u00e3o t\u00eam curso superior. Eles completaram apenas o pr\u00f3prio ensino m\u00e9dio &#8211; mesmo n\u00edvel de escolaridade para o qual d\u00e3o aulas. Outros 21%, aproximadamente, s\u00e3o graduados em outras \u00e1reas, que podem ser pr\u00f3ximas da matem\u00e1tica, como Processamento de Dados e Ci\u00eancias Cont\u00e1beis, ou [&hellip;]<\/p>\n","protected":false},"author":1,"featured_media":0,"comment_status":"closed","ping_status":"closed","sticky":false,"template":"","format":"standard","meta":{"footnotes":"","_links_to":"","_links_to_target":""},"categories":[9],"tags":[],"class_list":["post-2228","post","type-post","status-publish","format-standard","hentry","category-noticias-da-imprensa"],"yoast_head":"<!-- This site is optimized with the Yoast SEO plugin v15.1 - https:\/\/yoast.com\/wordpress\/plugins\/seo\/ -->\n<title>No Brasil, 23% d\u00e3o aulas de matem\u00e1tica sem diploma &raquo; Abrelivros<\/title>\n<meta name=\"robots\" content=\"index, follow, max-snippet:-1, max-image-preview:large, max-video-preview:-1\" \/>\n<link rel=\"canonical\" href=\"https:\/\/abrelivros.org.br\/site\/no-brasil-23-dao-aulas-de-matematica-sem-diploma\/\" \/>\n<meta property=\"og:locale\" content=\"pt_BR\" \/>\n<meta property=\"og:type\" content=\"article\" \/>\n<meta property=\"og:title\" content=\"No Brasil, 23% d\u00e3o aulas de matem\u00e1tica sem diploma &raquo; Abrelivros\" \/>\n<meta property=\"og:description\" content=\"Cerca de 23% dos professores de matem\u00e1tica do ensino m\u00e9dio no Pa\u00eds n\u00e3o t\u00eam curso superior. Eles completaram apenas o pr\u00f3prio ensino m\u00e9dio &#8211; mesmo n\u00edvel de escolaridade para o qual d\u00e3o aulas. Outros 21%, aproximadamente, s\u00e3o graduados em outras \u00e1reas, que podem ser pr\u00f3ximas da matem\u00e1tica, como Processamento de Dados e Ci\u00eancias Cont\u00e1beis, ou [&hellip;]\" \/>\n<meta property=\"og:url\" content=\"https:\/\/abrelivros.org.br\/site\/no-brasil-23-dao-aulas-de-matematica-sem-diploma\/\" \/>\n<meta property=\"og:site_name\" content=\"Abrelivros\" \/>\n<meta property=\"article:published_time\" content=\"2008-03-31T20:25:00+00:00\" \/>\n<meta name=\"twitter:card\" content=\"summary_large_image\" \/>\n<script type=\"application\/ld+json\" class=\"yoast-schema-graph\">{\"@context\":\"https:\/\/schema.org\",\"@graph\":[{\"@type\":\"WebSite\",\"@id\":\"https:\/\/abrelivros.org.br\/site\/#website\",\"url\":\"https:\/\/abrelivros.org.br\/site\/\",\"name\":\"Abrelivros\",\"description\":\"\",\"potentialAction\":[{\"@type\":\"SearchAction\",\"target\":\"https:\/\/abrelivros.org.br\/site\/?s={search_term_string}\",\"query-input\":\"required name=search_term_string\"}],\"inLanguage\":\"pt-BR\"},{\"@type\":\"WebPage\",\"@id\":\"https:\/\/abrelivros.org.br\/site\/no-brasil-23-dao-aulas-de-matematica-sem-diploma\/#webpage\",\"url\":\"https:\/\/abrelivros.org.br\/site\/no-brasil-23-dao-aulas-de-matematica-sem-diploma\/\",\"name\":\"No Brasil, 23% d\\u00e3o aulas de matem\\u00e1tica sem diploma &raquo; Abrelivros\",\"isPartOf\":{\"@id\":\"https:\/\/abrelivros.org.br\/site\/#website\"},\"datePublished\":\"2008-03-31T20:25:00+00:00\",\"dateModified\":\"2008-03-31T20:25:00+00:00\",\"author\":{\"@id\":\"https:\/\/abrelivros.org.br\/site\/#\/schema\/person\/2b867f13a717bb230f1a3555505f5593\"},\"breadcrumb\":{\"@id\":\"https:\/\/abrelivros.org.br\/site\/no-brasil-23-dao-aulas-de-matematica-sem-diploma\/#breadcrumb\"},\"inLanguage\":\"pt-BR\",\"potentialAction\":[{\"@type\":\"ReadAction\",\"target\":[\"https:\/\/abrelivros.org.br\/site\/no-brasil-23-dao-aulas-de-matematica-sem-diploma\/\"]}]},{\"@type\":\"BreadcrumbList\",\"@id\":\"https:\/\/abrelivros.org.br\/site\/no-brasil-23-dao-aulas-de-matematica-sem-diploma\/#breadcrumb\",\"itemListElement\":[{\"@type\":\"ListItem\",\"position\":1,\"item\":{\"@type\":\"WebPage\",\"@id\":\"https:\/\/abrelivros.org.br\/site\/\",\"url\":\"https:\/\/abrelivros.org.br\/site\/\",\"name\":\"In\\u00edcio\"}},{\"@type\":\"ListItem\",\"position\":2,\"item\":{\"@type\":\"WebPage\",\"@id\":\"https:\/\/abrelivros.org.br\/site\/category\/noticias\/\",\"url\":\"https:\/\/abrelivros.org.br\/site\/category\/noticias\/\",\"name\":\"Not\\u00edcias\"}},{\"@type\":\"ListItem\",\"position\":3,\"item\":{\"@type\":\"WebPage\",\"@id\":\"https:\/\/abrelivros.org.br\/site\/category\/noticias\/noticias-da-imprensa\/\",\"url\":\"https:\/\/abrelivros.org.br\/site\/category\/noticias\/noticias-da-imprensa\/\",\"name\":\"Not\\u00edcias da imprensa\"}},{\"@type\":\"ListItem\",\"position\":4,\"item\":{\"@type\":\"WebPage\",\"@id\":\"https:\/\/abrelivros.org.br\/site\/no-brasil-23-dao-aulas-de-matematica-sem-diploma\/\",\"url\":\"https:\/\/abrelivros.org.br\/site\/no-brasil-23-dao-aulas-de-matematica-sem-diploma\/\",\"name\":\"No Brasil, 23% d\\u00e3o aulas de matem\\u00e1tica sem diploma\"}}]},{\"@type\":\"Person\",\"@id\":\"https:\/\/abrelivros.org.br\/site\/#\/schema\/person\/2b867f13a717bb230f1a3555505f5593\",\"name\":\"\\u00a0\",\"image\":{\"@type\":\"ImageObject\",\"@id\":\"https:\/\/abrelivros.org.br\/site\/#personlogo\",\"inLanguage\":\"pt-BR\",\"url\":\"https:\/\/secure.gravatar.com\/avatar\/e80b7f5231be2fff5040a8023da424898002831c5439420df182ae62676d2a6f?s=96&d=mm&r=g\",\"caption\":\"\\u00a0\"}}]}<\/script>\n<!-- \/ Yoast SEO plugin. -->","_links":{"self":[{"href":"https:\/\/abrelivros.org.br\/site\/wp-json\/wp\/v2\/posts\/2228","targetHints":{"allow":["GET"]}}],"collection":[{"href":"https:\/\/abrelivros.org.br\/site\/wp-json\/wp\/v2\/posts"}],"about":[{"href":"https:\/\/abrelivros.org.br\/site\/wp-json\/wp\/v2\/types\/post"}],"author":[{"embeddable":true,"href":"https:\/\/abrelivros.org.br\/site\/wp-json\/wp\/v2\/users\/1"}],"replies":[{"embeddable":true,"href":"https:\/\/abrelivros.org.br\/site\/wp-json\/wp\/v2\/comments?post=2228"}],"version-history":[{"count":0,"href":"https:\/\/abrelivros.org.br\/site\/wp-json\/wp\/v2\/posts\/2228\/revisions"}],"wp:attachment":[{"href":"https:\/\/abrelivros.org.br\/site\/wp-json\/wp\/v2\/media?parent=2228"}],"wp:term":[{"taxonomy":"category","embeddable":true,"href":"https:\/\/abrelivros.org.br\/site\/wp-json\/wp\/v2\/categories?post=2228"},{"taxonomy":"post_tag","embeddable":true,"href":"https:\/\/abrelivros.org.br\/site\/wp-json\/wp\/v2\/tags?post=2228"}],"curies":[{"name":"wp","href":"https:\/\/api.w.org\/{rel}","templated":true}]}}