{"id":2225,"date":"2008-04-02T16:26:00","date_gmt":"2008-04-02T19:26:00","guid":{"rendered":"https:\/\/abrelivros.org.br\/site\/2008\/04\/02\/mec-acha-mais-54-mil-alunos-que-ficaram-fora-de-censo\/"},"modified":"2008-04-02T16:26:00","modified_gmt":"2008-04-02T19:26:00","slug":"mec-acha-mais-54-mil-alunos-que-ficaram-fora-de-censo","status":"publish","type":"post","link":"https:\/\/abrelivros.org.br\/site\/mec-acha-mais-54-mil-alunos-que-ficaram-fora-de-censo\/","title":{"rendered":"MEC acha mais 54 mil alunos que ficaram fora de censo"},"content":{"rendered":"<p>O Minist\u00e9rio da Educa\u00e7\u00e3o (MEC) fez uma nova retifica\u00e7\u00e3o no n\u00famero de alunos cadastrados pelo censo da educa\u00e7\u00e3o b\u00e1sica este ano. Foram encontrados mais 54 mil estudantes &#8211; 21 mil deles na Regi\u00e3o Nordeste &#8211; que n\u00e3o haviam sido contados pelas prefeituras como alunos regulares. &nbsp;<br \/> &nbsp;<br \/> De acordo com o MEC, as administra\u00e7\u00f5es municipais haviam posto esses alunos como participantes de programas especiais, como acelera\u00e7\u00e3o escolar e atividades extracurriculares, mas n\u00e3o constavam como estudantes regulares. &nbsp;<br \/> &nbsp;<br \/> A corre\u00e7\u00e3o foi feita porque, apesar do n\u00famero pequeno frente aos 53 milh\u00f5es de alunos do ensino b\u00e1sico, alguns Executivos municipais deixavam de receber recursos do Fundo de Manuten\u00e7\u00e3o e Desenvolvimento da Educa\u00e7\u00e3o B\u00e1sica e de Valoriza\u00e7\u00e3o dos Profissionais da Educa\u00e7\u00e3o (Fundeb) por conta desses alunos.&nbsp;<br \/> &nbsp;<\/p>\n","protected":false},"excerpt":{"rendered":"<p>O Minist\u00e9rio da Educa\u00e7\u00e3o (MEC) fez uma nova retifica\u00e7\u00e3o no n\u00famero de alunos cadastrados pelo censo da educa\u00e7\u00e3o b\u00e1sica este ano. Foram encontrados mais 54 mil estudantes &#8211; 21 mil deles na Regi\u00e3o Nordeste &#8211; que n\u00e3o haviam sido contados pelas prefeituras como alunos regulares. &nbsp; &nbsp; De acordo com o MEC, as administra\u00e7\u00f5es municipais [&hellip;]<\/p>\n","protected":false},"author":1,"featured_media":0,"comment_status":"closed","ping_status":"closed","sticky":false,"template":"","format":"standard","meta":{"footnotes":"","_links_to":"","_links_to_target":""},"categories":[9],"tags":[],"class_list":["post-2225","post","type-post","status-publish","format-standard","hentry","category-noticias-da-imprensa"],"yoast_head":"<!-- This site is optimized with the Yoast SEO plugin v15.1 - https:\/\/yoast.com\/wordpress\/plugins\/seo\/ -->\n<title>MEC acha mais 54 mil alunos que ficaram fora de censo &raquo; Abrelivros<\/title>\n<meta name=\"robots\" content=\"index, follow, max-snippet:-1, max-image-preview:large, max-video-preview:-1\" \/>\n<link rel=\"canonical\" href=\"https:\/\/abrelivros.org.br\/site\/mec-acha-mais-54-mil-alunos-que-ficaram-fora-de-censo\/\" \/>\n<meta property=\"og:locale\" content=\"pt_BR\" \/>\n<meta property=\"og:type\" content=\"article\" \/>\n<meta property=\"og:title\" content=\"MEC acha mais 54 mil alunos que ficaram fora de censo &raquo; Abrelivros\" \/>\n<meta property=\"og:description\" content=\"O Minist\u00e9rio da Educa\u00e7\u00e3o (MEC) fez uma nova retifica\u00e7\u00e3o no n\u00famero de alunos cadastrados pelo censo da educa\u00e7\u00e3o b\u00e1sica este ano. Foram encontrados mais 54 mil estudantes &#8211; 21 mil deles na Regi\u00e3o Nordeste &#8211; que n\u00e3o haviam sido contados pelas prefeituras como alunos regulares. &nbsp; &nbsp; De acordo com o MEC, as administra\u00e7\u00f5es municipais [&hellip;]\" \/>\n<meta property=\"og:url\" content=\"https:\/\/abrelivros.org.br\/site\/mec-acha-mais-54-mil-alunos-que-ficaram-fora-de-censo\/\" \/>\n<meta property=\"og:site_name\" content=\"Abrelivros\" \/>\n<meta property=\"article:published_time\" content=\"2008-04-02T19:26:00+00:00\" \/>\n<meta name=\"twitter:card\" content=\"summary_large_image\" \/>\n<script type=\"application\/ld+json\" class=\"yoast-schema-graph\">{\"@context\":\"https:\/\/schema.org\",\"@graph\":[{\"@type\":\"WebSite\",\"@id\":\"https:\/\/abrelivros.org.br\/site\/#website\",\"url\":\"https:\/\/abrelivros.org.br\/site\/\",\"name\":\"Abrelivros\",\"description\":\"\",\"potentialAction\":[{\"@type\":\"SearchAction\",\"target\":\"https:\/\/abrelivros.org.br\/site\/?s={search_term_string}\",\"query-input\":\"required name=search_term_string\"}],\"inLanguage\":\"pt-BR\"},{\"@type\":\"WebPage\",\"@id\":\"https:\/\/abrelivros.org.br\/site\/mec-acha-mais-54-mil-alunos-que-ficaram-fora-de-censo\/#webpage\",\"url\":\"https:\/\/abrelivros.org.br\/site\/mec-acha-mais-54-mil-alunos-que-ficaram-fora-de-censo\/\",\"name\":\"MEC acha mais 54 mil alunos que ficaram fora de censo &raquo; Abrelivros\",\"isPartOf\":{\"@id\":\"https:\/\/abrelivros.org.br\/site\/#website\"},\"datePublished\":\"2008-04-02T19:26:00+00:00\",\"dateModified\":\"2008-04-02T19:26:00+00:00\",\"author\":{\"@id\":\"https:\/\/abrelivros.org.br\/site\/#\/schema\/person\/2b867f13a717bb230f1a3555505f5593\"},\"breadcrumb\":{\"@id\":\"https:\/\/abrelivros.org.br\/site\/mec-acha-mais-54-mil-alunos-que-ficaram-fora-de-censo\/#breadcrumb\"},\"inLanguage\":\"pt-BR\",\"potentialAction\":[{\"@type\":\"ReadAction\",\"target\":[\"https:\/\/abrelivros.org.br\/site\/mec-acha-mais-54-mil-alunos-que-ficaram-fora-de-censo\/\"]}]},{\"@type\":\"BreadcrumbList\",\"@id\":\"https:\/\/abrelivros.org.br\/site\/mec-acha-mais-54-mil-alunos-que-ficaram-fora-de-censo\/#breadcrumb\",\"itemListElement\":[{\"@type\":\"ListItem\",\"position\":1,\"item\":{\"@type\":\"WebPage\",\"@id\":\"https:\/\/abrelivros.org.br\/site\/\",\"url\":\"https:\/\/abrelivros.org.br\/site\/\",\"name\":\"In\\u00edcio\"}},{\"@type\":\"ListItem\",\"position\":2,\"item\":{\"@type\":\"WebPage\",\"@id\":\"https:\/\/abrelivros.org.br\/site\/category\/noticias\/\",\"url\":\"https:\/\/abrelivros.org.br\/site\/category\/noticias\/\",\"name\":\"Not\\u00edcias\"}},{\"@type\":\"ListItem\",\"position\":3,\"item\":{\"@type\":\"WebPage\",\"@id\":\"https:\/\/abrelivros.org.br\/site\/category\/noticias\/noticias-da-imprensa\/\",\"url\":\"https:\/\/abrelivros.org.br\/site\/category\/noticias\/noticias-da-imprensa\/\",\"name\":\"Not\\u00edcias da imprensa\"}},{\"@type\":\"ListItem\",\"position\":4,\"item\":{\"@type\":\"WebPage\",\"@id\":\"https:\/\/abrelivros.org.br\/site\/mec-acha-mais-54-mil-alunos-que-ficaram-fora-de-censo\/\",\"url\":\"https:\/\/abrelivros.org.br\/site\/mec-acha-mais-54-mil-alunos-que-ficaram-fora-de-censo\/\",\"name\":\"MEC acha mais 54 mil alunos que ficaram fora de censo\"}}]},{\"@type\":\"Person\",\"@id\":\"https:\/\/abrelivros.org.br\/site\/#\/schema\/person\/2b867f13a717bb230f1a3555505f5593\",\"name\":\"\\u00a0\",\"image\":{\"@type\":\"ImageObject\",\"@id\":\"https:\/\/abrelivros.org.br\/site\/#personlogo\",\"inLanguage\":\"pt-BR\",\"url\":\"https:\/\/secure.gravatar.com\/avatar\/e80b7f5231be2fff5040a8023da424898002831c5439420df182ae62676d2a6f?s=96&d=mm&r=g\",\"caption\":\"\\u00a0\"}}]}<\/script>\n<!-- \/ Yoast SEO plugin. -->","_links":{"self":[{"href":"https:\/\/abrelivros.org.br\/site\/wp-json\/wp\/v2\/posts\/2225","targetHints":{"allow":["GET"]}}],"collection":[{"href":"https:\/\/abrelivros.org.br\/site\/wp-json\/wp\/v2\/posts"}],"about":[{"href":"https:\/\/abrelivros.org.br\/site\/wp-json\/wp\/v2\/types\/post"}],"author":[{"embeddable":true,"href":"https:\/\/abrelivros.org.br\/site\/wp-json\/wp\/v2\/users\/1"}],"replies":[{"embeddable":true,"href":"https:\/\/abrelivros.org.br\/site\/wp-json\/wp\/v2\/comments?post=2225"}],"version-history":[{"count":0,"href":"https:\/\/abrelivros.org.br\/site\/wp-json\/wp\/v2\/posts\/2225\/revisions"}],"wp:attachment":[{"href":"https:\/\/abrelivros.org.br\/site\/wp-json\/wp\/v2\/media?parent=2225"}],"wp:term":[{"taxonomy":"category","embeddable":true,"href":"https:\/\/abrelivros.org.br\/site\/wp-json\/wp\/v2\/categories?post=2225"},{"taxonomy":"post_tag","embeddable":true,"href":"https:\/\/abrelivros.org.br\/site\/wp-json\/wp\/v2\/tags?post=2225"}],"curies":[{"name":"wp","href":"https:\/\/api.w.org\/{rel}","templated":true}]}}