{"id":2224,"date":"2008-04-03T16:31:00","date_gmt":"2008-04-03T19:31:00","guid":{"rendered":"https:\/\/abrelivros.org.br\/site\/2008\/04\/03\/mec-quer-escola-em-dois-turnos-em-47-cidades\/"},"modified":"2008-04-03T16:31:00","modified_gmt":"2008-04-03T19:31:00","slug":"mec-quer-escola-em-dois-turnos-em-47-cidades","status":"publish","type":"post","link":"https:\/\/abrelivros.org.br\/site\/mec-quer-escola-em-dois-turnos-em-47-cidades\/","title":{"rendered":"MEC quer escola em dois turnos em 47 cidades"},"content":{"rendered":"<p>O MEC (Minist\u00e9rio da Educa\u00e7\u00e3o) planeja dar atividades em per\u00edodo integral para 1,4 milh\u00e3o de alunos da rede p\u00fablica das capitais e de outras 20 cidades brasileiras com Ideb (\u00cdndice de Desenvolvimento da Educa\u00e7\u00e3o) abaixo de 2 &#8211; a m\u00e9dia nacional \u00e9 3,8.\u00a0<br \/> \u00a0<br \/> O projeto \u00e9 destinado ao ensino fundamental e prev\u00ea atividades extracurriculares, di\u00e1rias, no per\u00edodo em que os alunos n\u00e3o t\u00eam aulas. Os estudantes participar\u00e3o de projetos de inform\u00e1tica, arte, m\u00fasica, teatro, esportes e artesanato.\u00a0<br \/> \u00a0<br \/> Dados divulgados pelo IBGE na \u00faltima sexta-feira (28) mostraram que a regi\u00e3o Sudeste \u00e9 a \u00fanica do do pa\u00eds em que a maioria das crian\u00e7as permanece na escola al\u00e9m do tempo m\u00ednimo exigido por lei, quatro horas di\u00e1rias.\u00a0<br \/> \u00a0<br \/> Segundo a assessoria de imprensa do MEC, ser\u00e3o investidos R$ 60 milh\u00f5es para ampliar a carga hor\u00e1ria oferecida em duas mil escolas. \u00a0<br \/> \u00a0<br \/> O projeto, batizado de \u201cMais Educa\u00e7\u00e3o\u201c, \u00e9 articulado com atividades de cinco minist\u00e9rios: Ci\u00eancia e Tecnologia (para as classes de inform\u00e1tica), Esportes, Cultura, Meio Ambiente e do Desenvolvimento Social e a Secretaria Especial da Juventude.\u00a0<br \/> \u00a0<br \/> No Estado de S\u00e3o Paulo, a amplia\u00e7\u00e3o da carga hor\u00e1ria em unidades p\u00fablicas n\u00e3o trouxe melhoria nas notas dos alunos, mostrou reportagem da Folha de S.Paulo.\u00a0<br \/> \u00a0<br \/> Nas cidades escolhidas para o in\u00edcio do projeto, o Censo Escolar tamb\u00e9m identificou problemas como viol\u00eancia contra a crian\u00e7a e trabalho infantil.\u00a0<br \/> \u00a0<br \/> As cidades atendidas s\u00e3o: Rio Branco (AC), Macei\u00f3 (AL), Manaus (AM), Macap\u00e1 (AP), Salvador (BA), Caucaia e Fortaleza (CE), Vit\u00f3ria (ES), Goi\u00e2nia (GO), S\u00e3o Lu\u00eds (MA), Belo Horizonte, Betim, Contagem, Ribeir\u00e3o das Neves (MG), Campo Grande (MS), Cuiab\u00e1 (MT), Ananindeua e Bel\u00e9m (PA), Jo\u00e3o Pessoa (PB), Jaboat\u00e3o dos Guararapes, Olinda, Paulista e Recife (PE), Teresina (PI), Curitiba e S\u00e3o Jos\u00e9 dos Pinhais (PR), Belford Roxo, Duque de Caxias, Mag\u00e9, Niter\u00f3i, Nova Igua\u00e7u, S\u00e3o Jo\u00e3o do Meriti, Rio de Janeiro e S\u00e3o Gon\u00e7alo (RJ), Natal (RN), Porto Velho (RO), Boa Vista (RR), Canoas, Gravata\u00ed, Novo Hamburgo, Porto Alegre e Viam\u00e3o (RS), Florian\u00f3polis (SC), Aracaju (SE), S\u00e3o Paulo (SP), Palmas (TO), regi\u00e3o metropolitana de Bras\u00edlia (DF). \u00a0<br \/> \u00a0<\/p>\n","protected":false},"excerpt":{"rendered":"<p>O MEC (Minist\u00e9rio da Educa\u00e7\u00e3o) planeja dar atividades em per\u00edodo integral para 1,4 milh\u00e3o de alunos da rede p\u00fablica das capitais e de outras 20 cidades brasileiras com Ideb (\u00cdndice de Desenvolvimento da Educa\u00e7\u00e3o) abaixo de 2 &#8211; a m\u00e9dia nacional \u00e9 3,8.\u00a0 \u00a0 O projeto \u00e9 destinado ao ensino fundamental e prev\u00ea atividades extracurriculares, [&hellip;]<\/p>\n","protected":false},"author":1,"featured_media":0,"comment_status":"closed","ping_status":"closed","sticky":false,"template":"","format":"standard","meta":{"footnotes":"","_links_to":"","_links_to_target":""},"categories":[9],"tags":[],"class_list":["post-2224","post","type-post","status-publish","format-standard","hentry","category-noticias-da-imprensa"],"yoast_head":"<!-- This site is optimized with the Yoast SEO plugin v15.1 - https:\/\/yoast.com\/wordpress\/plugins\/seo\/ -->\n<title>MEC quer escola em dois turnos em 47 cidades &raquo; Abrelivros<\/title>\n<meta name=\"robots\" content=\"index, follow, max-snippet:-1, max-image-preview:large, max-video-preview:-1\" \/>\n<link rel=\"canonical\" href=\"https:\/\/abrelivros.org.br\/site\/mec-quer-escola-em-dois-turnos-em-47-cidades\/\" \/>\n<meta property=\"og:locale\" content=\"pt_BR\" \/>\n<meta property=\"og:type\" content=\"article\" \/>\n<meta property=\"og:title\" content=\"MEC quer escola em dois turnos em 47 cidades &raquo; Abrelivros\" \/>\n<meta property=\"og:description\" content=\"O MEC (Minist\u00e9rio da Educa\u00e7\u00e3o) planeja dar atividades em per\u00edodo integral para 1,4 milh\u00e3o de alunos da rede p\u00fablica das capitais e de outras 20 cidades brasileiras com Ideb (\u00cdndice de Desenvolvimento da Educa\u00e7\u00e3o) abaixo de 2 &#8211; a m\u00e9dia nacional \u00e9 3,8.\u00a0 \u00a0 O projeto \u00e9 destinado ao ensino fundamental e prev\u00ea atividades extracurriculares, [&hellip;]\" \/>\n<meta property=\"og:url\" content=\"https:\/\/abrelivros.org.br\/site\/mec-quer-escola-em-dois-turnos-em-47-cidades\/\" \/>\n<meta property=\"og:site_name\" content=\"Abrelivros\" \/>\n<meta property=\"article:published_time\" content=\"2008-04-03T19:31:00+00:00\" \/>\n<meta name=\"twitter:card\" content=\"summary_large_image\" \/>\n<script type=\"application\/ld+json\" class=\"yoast-schema-graph\">{\"@context\":\"https:\/\/schema.org\",\"@graph\":[{\"@type\":\"WebSite\",\"@id\":\"https:\/\/abrelivros.org.br\/site\/#website\",\"url\":\"https:\/\/abrelivros.org.br\/site\/\",\"name\":\"Abrelivros\",\"description\":\"\",\"potentialAction\":[{\"@type\":\"SearchAction\",\"target\":\"https:\/\/abrelivros.org.br\/site\/?s={search_term_string}\",\"query-input\":\"required name=search_term_string\"}],\"inLanguage\":\"pt-BR\"},{\"@type\":\"WebPage\",\"@id\":\"https:\/\/abrelivros.org.br\/site\/mec-quer-escola-em-dois-turnos-em-47-cidades\/#webpage\",\"url\":\"https:\/\/abrelivros.org.br\/site\/mec-quer-escola-em-dois-turnos-em-47-cidades\/\",\"name\":\"MEC quer escola em dois turnos em 47 cidades &raquo; Abrelivros\",\"isPartOf\":{\"@id\":\"https:\/\/abrelivros.org.br\/site\/#website\"},\"datePublished\":\"2008-04-03T19:31:00+00:00\",\"dateModified\":\"2008-04-03T19:31:00+00:00\",\"author\":{\"@id\":\"https:\/\/abrelivros.org.br\/site\/#\/schema\/person\/2b867f13a717bb230f1a3555505f5593\"},\"breadcrumb\":{\"@id\":\"https:\/\/abrelivros.org.br\/site\/mec-quer-escola-em-dois-turnos-em-47-cidades\/#breadcrumb\"},\"inLanguage\":\"pt-BR\",\"potentialAction\":[{\"@type\":\"ReadAction\",\"target\":[\"https:\/\/abrelivros.org.br\/site\/mec-quer-escola-em-dois-turnos-em-47-cidades\/\"]}]},{\"@type\":\"BreadcrumbList\",\"@id\":\"https:\/\/abrelivros.org.br\/site\/mec-quer-escola-em-dois-turnos-em-47-cidades\/#breadcrumb\",\"itemListElement\":[{\"@type\":\"ListItem\",\"position\":1,\"item\":{\"@type\":\"WebPage\",\"@id\":\"https:\/\/abrelivros.org.br\/site\/\",\"url\":\"https:\/\/abrelivros.org.br\/site\/\",\"name\":\"In\\u00edcio\"}},{\"@type\":\"ListItem\",\"position\":2,\"item\":{\"@type\":\"WebPage\",\"@id\":\"https:\/\/abrelivros.org.br\/site\/category\/noticias\/\",\"url\":\"https:\/\/abrelivros.org.br\/site\/category\/noticias\/\",\"name\":\"Not\\u00edcias\"}},{\"@type\":\"ListItem\",\"position\":3,\"item\":{\"@type\":\"WebPage\",\"@id\":\"https:\/\/abrelivros.org.br\/site\/category\/noticias\/noticias-da-imprensa\/\",\"url\":\"https:\/\/abrelivros.org.br\/site\/category\/noticias\/noticias-da-imprensa\/\",\"name\":\"Not\\u00edcias da imprensa\"}},{\"@type\":\"ListItem\",\"position\":4,\"item\":{\"@type\":\"WebPage\",\"@id\":\"https:\/\/abrelivros.org.br\/site\/mec-quer-escola-em-dois-turnos-em-47-cidades\/\",\"url\":\"https:\/\/abrelivros.org.br\/site\/mec-quer-escola-em-dois-turnos-em-47-cidades\/\",\"name\":\"MEC quer escola em dois turnos em 47 cidades\"}}]},{\"@type\":\"Person\",\"@id\":\"https:\/\/abrelivros.org.br\/site\/#\/schema\/person\/2b867f13a717bb230f1a3555505f5593\",\"name\":\"\\u00a0\",\"image\":{\"@type\":\"ImageObject\",\"@id\":\"https:\/\/abrelivros.org.br\/site\/#personlogo\",\"inLanguage\":\"pt-BR\",\"url\":\"https:\/\/secure.gravatar.com\/avatar\/e80b7f5231be2fff5040a8023da424898002831c5439420df182ae62676d2a6f?s=96&d=mm&r=g\",\"caption\":\"\\u00a0\"}}]}<\/script>\n<!-- \/ Yoast SEO plugin. -->","_links":{"self":[{"href":"https:\/\/abrelivros.org.br\/site\/wp-json\/wp\/v2\/posts\/2224","targetHints":{"allow":["GET"]}}],"collection":[{"href":"https:\/\/abrelivros.org.br\/site\/wp-json\/wp\/v2\/posts"}],"about":[{"href":"https:\/\/abrelivros.org.br\/site\/wp-json\/wp\/v2\/types\/post"}],"author":[{"embeddable":true,"href":"https:\/\/abrelivros.org.br\/site\/wp-json\/wp\/v2\/users\/1"}],"replies":[{"embeddable":true,"href":"https:\/\/abrelivros.org.br\/site\/wp-json\/wp\/v2\/comments?post=2224"}],"version-history":[{"count":0,"href":"https:\/\/abrelivros.org.br\/site\/wp-json\/wp\/v2\/posts\/2224\/revisions"}],"wp:attachment":[{"href":"https:\/\/abrelivros.org.br\/site\/wp-json\/wp\/v2\/media?parent=2224"}],"wp:term":[{"taxonomy":"category","embeddable":true,"href":"https:\/\/abrelivros.org.br\/site\/wp-json\/wp\/v2\/categories?post=2224"},{"taxonomy":"post_tag","embeddable":true,"href":"https:\/\/abrelivros.org.br\/site\/wp-json\/wp\/v2\/tags?post=2224"}],"curies":[{"name":"wp","href":"https:\/\/api.w.org\/{rel}","templated":true}]}}