{"id":2223,"date":"2008-04-04T16:08:00","date_gmt":"2008-04-04T19:08:00","guid":{"rendered":"https:\/\/abrelivros.org.br\/site\/2008\/04\/04\/industria-de-papel-e-celulose-recusa-cota-para-reciclagem\/"},"modified":"2008-04-04T16:08:00","modified_gmt":"2008-04-04T19:08:00","slug":"industria-de-papel-e-celulose-recusa-cota-para-reciclagem","status":"publish","type":"post","link":"https:\/\/abrelivros.org.br\/site\/industria-de-papel-e-celulose-recusa-cota-para-reciclagem\/","title":{"rendered":"Ind\u00fastria de papel e celulose recusa cota para reciclagem"},"content":{"rendered":"<p>A ind\u00fastria papeleira n\u00e3o est\u00e1 preparada para atender \u00e0s determina\u00e7\u00f5es do Projeto de Lei 2308\/07, que obriga o editor a utilizar papel reciclado em pelo menos 30% de suas publica\u00e7\u00f5es. A opini\u00e3o \u00e9 do coordenador do grupo t\u00e9cnico de Meio Ambiente da Associa\u00e7\u00e3o Brasileira de Celulose e Papel (Bracelpa), Robinson Cannaval, em audi\u00eancia p\u00fablica realizada hoje pela Comiss\u00e3o de Meio Ambiente e Desenvolvimento Sustent\u00e1vel.\u00a0<br \/> \u00a0<br \/> Segundo Cannaval, seria preciso produzir mais 200 mil toneladas de papel para cumprir a lei. Ele afirma que o Pa\u00eds n\u00e3o tem capacidade para coletar aparas de papel que sejam transformadas em papel reciclado em quantidade suficiente para atender \u00e0 demanda do projeto. Com isso, o Brasil poderia ter de recorrer \u00e0 importa\u00e7\u00e3o de sobras.\u00a0<br \/> \u00a0<br \/> O representante das papeleiras defendeu ainda que o papel branco produzido no Brasil \u00e9 ecologicamente eficiente. \u201cA principal mat\u00e9ria-prima do papel branco adv\u00e9m de florestas plantadas, com manejo sustent\u00e1vel. Essa mat\u00e9ria-prima, al\u00e9m de renov\u00e1vel, consome g\u00e1s carb\u00f4nico, principal respons\u00e1vel pelo efeito estufa.\u201c\u00a0<br \/> \u00a0<br \/><B> Durabilidade e custo \u00a0<br \/> \u00a0<br \/><\/B> O diretor da Associa\u00e7\u00e3o Brasileira de Editores de Livros (Abrelivros), Frederico Wickert, que tamb\u00e9m participou da audi\u00eancia, mostrou preocupa\u00e7\u00e3o com a durabilidade do papel reciclado. Mais da metade dos livros editados no Pa\u00eds tem finalidade did\u00e1tica. \u201cS\u00e3o livros que precisam durar pelo menos tr\u00eas anos, e s\u00e3o constantemente manuseados\u201c, observou Wickert, que representa 26 editores de livros did\u00e1ticos.\u00a0<br \/> \u00a0<br \/> De acordo com o diretor, n\u00e3o h\u00e1 comprova\u00e7\u00e3o t\u00e9cnica de que o papel reciclado tenha a mesma resist\u00eancia do papel branco. Ele disse, ainda, que o livro produzido com papel reciclado seria 30% mais caro. \u00a0<br \/> \u00a0<br \/><B> Mudan\u00e7a no relat\u00f3rio \u00a0<br \/> \u00a0<br \/><\/B> A deputada Rebecca Garcia (PP-AM), que solicitou a audi\u00eancia, j\u00e1 tinha feito um parecer favor\u00e1vel \u00e0 aprova\u00e7\u00e3o, mas retirou o relat\u00f3rio de pauta para ouvir as opini\u00f5es de especialistas na \u00e1rea. Ela afirmou que ainda precisa coletar mais informa\u00e7\u00f5es, mas admite mudar o parecer.\u00a0<br \/> \u00a0<br \/> Para isso, a parlamentar ainda vai esperar outros dados que a ind\u00fastria do papel reciclado prometeu enviar. \u201cTudo isso vai ser levado em considera\u00e7\u00e3o. Queremos fazer uma pol\u00edtica ambientalmente correta, como o Brasil tem adotado, mas tamb\u00e9m n\u00e3o queremos prejudicar ningu\u00e9m.\u201c Ela espera j\u00e1 ter o relat\u00f3rio pronto at\u00e9 o final da semana que vem.\u00a0<br \/> \u00a0<br \/><B> Lixo \u00a0<br \/> \u00a0<br \/><\/B> Segundo o autor do projeto, deputado Eliene Lima (PP-MT), cada tonelada de papel reciclado poupa 60 \u00e1rvores e tamb\u00e9m evita o desperd\u00edcio de petr\u00f3leo e \u00e1gua. Ele cita estimativas de que 40% do lixo urbano brasileiro seja constitu\u00eddo de papel.\u00a0<br \/> \u00a0<br \/> Depois da an\u00e1lise pela Comiss\u00e3o de Meio Ambiente, o projeto, que tramita em car\u00e1ter conclusivo, ainda ser\u00e1 votado pelas comiss\u00f5es de Educa\u00e7\u00e3o e Cultura; e de Constitui\u00e7\u00e3o e Justi\u00e7a e de Cidadania. \u00a0<br \/> \u00a0<\/p>\n","protected":false},"excerpt":{"rendered":"<p>A ind\u00fastria papeleira n\u00e3o est\u00e1 preparada para atender \u00e0s determina\u00e7\u00f5es do Projeto de Lei 2308\/07, que obriga o editor a utilizar papel reciclado em pelo menos 30% de suas publica\u00e7\u00f5es. A opini\u00e3o \u00e9 do coordenador do grupo t\u00e9cnico de Meio Ambiente da Associa\u00e7\u00e3o Brasileira de Celulose e Papel (Bracelpa), Robinson Cannaval, em audi\u00eancia p\u00fablica realizada [&hellip;]<\/p>\n","protected":false},"author":1,"featured_media":0,"comment_status":"closed","ping_status":"closed","sticky":false,"template":"","format":"standard","meta":{"footnotes":"","_links_to":"","_links_to_target":""},"categories":[9],"tags":[],"class_list":["post-2223","post","type-post","status-publish","format-standard","hentry","category-noticias-da-imprensa"],"yoast_head":"<!-- This site is optimized with the Yoast SEO plugin v15.1 - https:\/\/yoast.com\/wordpress\/plugins\/seo\/ -->\n<title>Ind\u00fastria de papel e celulose recusa cota para reciclagem &raquo; Abrelivros<\/title>\n<meta name=\"robots\" content=\"index, follow, max-snippet:-1, max-image-preview:large, max-video-preview:-1\" \/>\n<link rel=\"canonical\" href=\"https:\/\/abrelivros.org.br\/site\/industria-de-papel-e-celulose-recusa-cota-para-reciclagem\/\" \/>\n<meta property=\"og:locale\" content=\"pt_BR\" \/>\n<meta property=\"og:type\" content=\"article\" \/>\n<meta property=\"og:title\" content=\"Ind\u00fastria de papel e celulose recusa cota para reciclagem &raquo; Abrelivros\" \/>\n<meta property=\"og:description\" content=\"A ind\u00fastria papeleira n\u00e3o est\u00e1 preparada para atender \u00e0s determina\u00e7\u00f5es do Projeto de Lei 2308\/07, que obriga o editor a utilizar papel reciclado em pelo menos 30% de suas publica\u00e7\u00f5es. A opini\u00e3o \u00e9 do coordenador do grupo t\u00e9cnico de Meio Ambiente da Associa\u00e7\u00e3o Brasileira de Celulose e Papel (Bracelpa), Robinson Cannaval, em audi\u00eancia p\u00fablica realizada [&hellip;]\" \/>\n<meta property=\"og:url\" content=\"https:\/\/abrelivros.org.br\/site\/industria-de-papel-e-celulose-recusa-cota-para-reciclagem\/\" \/>\n<meta property=\"og:site_name\" content=\"Abrelivros\" \/>\n<meta property=\"article:published_time\" content=\"2008-04-04T19:08:00+00:00\" \/>\n<meta name=\"twitter:card\" content=\"summary_large_image\" \/>\n<script type=\"application\/ld+json\" class=\"yoast-schema-graph\">{\"@context\":\"https:\/\/schema.org\",\"@graph\":[{\"@type\":\"WebSite\",\"@id\":\"https:\/\/abrelivros.org.br\/site\/#website\",\"url\":\"https:\/\/abrelivros.org.br\/site\/\",\"name\":\"Abrelivros\",\"description\":\"\",\"potentialAction\":[{\"@type\":\"SearchAction\",\"target\":\"https:\/\/abrelivros.org.br\/site\/?s={search_term_string}\",\"query-input\":\"required name=search_term_string\"}],\"inLanguage\":\"pt-BR\"},{\"@type\":\"WebPage\",\"@id\":\"https:\/\/abrelivros.org.br\/site\/industria-de-papel-e-celulose-recusa-cota-para-reciclagem\/#webpage\",\"url\":\"https:\/\/abrelivros.org.br\/site\/industria-de-papel-e-celulose-recusa-cota-para-reciclagem\/\",\"name\":\"Ind\\u00fastria de papel e celulose recusa cota para reciclagem &raquo; Abrelivros\",\"isPartOf\":{\"@id\":\"https:\/\/abrelivros.org.br\/site\/#website\"},\"datePublished\":\"2008-04-04T19:08:00+00:00\",\"dateModified\":\"2008-04-04T19:08:00+00:00\",\"author\":{\"@id\":\"https:\/\/abrelivros.org.br\/site\/#\/schema\/person\/2b867f13a717bb230f1a3555505f5593\"},\"breadcrumb\":{\"@id\":\"https:\/\/abrelivros.org.br\/site\/industria-de-papel-e-celulose-recusa-cota-para-reciclagem\/#breadcrumb\"},\"inLanguage\":\"pt-BR\",\"potentialAction\":[{\"@type\":\"ReadAction\",\"target\":[\"https:\/\/abrelivros.org.br\/site\/industria-de-papel-e-celulose-recusa-cota-para-reciclagem\/\"]}]},{\"@type\":\"BreadcrumbList\",\"@id\":\"https:\/\/abrelivros.org.br\/site\/industria-de-papel-e-celulose-recusa-cota-para-reciclagem\/#breadcrumb\",\"itemListElement\":[{\"@type\":\"ListItem\",\"position\":1,\"item\":{\"@type\":\"WebPage\",\"@id\":\"https:\/\/abrelivros.org.br\/site\/\",\"url\":\"https:\/\/abrelivros.org.br\/site\/\",\"name\":\"In\\u00edcio\"}},{\"@type\":\"ListItem\",\"position\":2,\"item\":{\"@type\":\"WebPage\",\"@id\":\"https:\/\/abrelivros.org.br\/site\/category\/noticias\/\",\"url\":\"https:\/\/abrelivros.org.br\/site\/category\/noticias\/\",\"name\":\"Not\\u00edcias\"}},{\"@type\":\"ListItem\",\"position\":3,\"item\":{\"@type\":\"WebPage\",\"@id\":\"https:\/\/abrelivros.org.br\/site\/category\/noticias\/noticias-da-imprensa\/\",\"url\":\"https:\/\/abrelivros.org.br\/site\/category\/noticias\/noticias-da-imprensa\/\",\"name\":\"Not\\u00edcias da imprensa\"}},{\"@type\":\"ListItem\",\"position\":4,\"item\":{\"@type\":\"WebPage\",\"@id\":\"https:\/\/abrelivros.org.br\/site\/industria-de-papel-e-celulose-recusa-cota-para-reciclagem\/\",\"url\":\"https:\/\/abrelivros.org.br\/site\/industria-de-papel-e-celulose-recusa-cota-para-reciclagem\/\",\"name\":\"Ind\\u00fastria de papel e celulose recusa cota para reciclagem\"}}]},{\"@type\":\"Person\",\"@id\":\"https:\/\/abrelivros.org.br\/site\/#\/schema\/person\/2b867f13a717bb230f1a3555505f5593\",\"name\":\"\\u00a0\",\"image\":{\"@type\":\"ImageObject\",\"@id\":\"https:\/\/abrelivros.org.br\/site\/#personlogo\",\"inLanguage\":\"pt-BR\",\"url\":\"https:\/\/secure.gravatar.com\/avatar\/e80b7f5231be2fff5040a8023da424898002831c5439420df182ae62676d2a6f?s=96&d=mm&r=g\",\"caption\":\"\\u00a0\"}}]}<\/script>\n<!-- \/ Yoast SEO plugin. -->","_links":{"self":[{"href":"https:\/\/abrelivros.org.br\/site\/wp-json\/wp\/v2\/posts\/2223","targetHints":{"allow":["GET"]}}],"collection":[{"href":"https:\/\/abrelivros.org.br\/site\/wp-json\/wp\/v2\/posts"}],"about":[{"href":"https:\/\/abrelivros.org.br\/site\/wp-json\/wp\/v2\/types\/post"}],"author":[{"embeddable":true,"href":"https:\/\/abrelivros.org.br\/site\/wp-json\/wp\/v2\/users\/1"}],"replies":[{"embeddable":true,"href":"https:\/\/abrelivros.org.br\/site\/wp-json\/wp\/v2\/comments?post=2223"}],"version-history":[{"count":0,"href":"https:\/\/abrelivros.org.br\/site\/wp-json\/wp\/v2\/posts\/2223\/revisions"}],"wp:attachment":[{"href":"https:\/\/abrelivros.org.br\/site\/wp-json\/wp\/v2\/media?parent=2223"}],"wp:term":[{"taxonomy":"category","embeddable":true,"href":"https:\/\/abrelivros.org.br\/site\/wp-json\/wp\/v2\/categories?post=2223"},{"taxonomy":"post_tag","embeddable":true,"href":"https:\/\/abrelivros.org.br\/site\/wp-json\/wp\/v2\/tags?post=2223"}],"curies":[{"name":"wp","href":"https:\/\/api.w.org\/{rel}","templated":true}]}}