{"id":2222,"date":"2008-04-07T10:29:00","date_gmt":"2008-04-07T13:29:00","guid":{"rendered":"https:\/\/abrelivros.org.br\/site\/2008\/04\/07\/cartilha-para-educador-tem-informacao-errada\/"},"modified":"2008-04-07T10:29:00","modified_gmt":"2008-04-07T13:29:00","slug":"cartilha-para-educador-tem-informacao-errada","status":"publish","type":"post","link":"https:\/\/abrelivros.org.br\/site\/cartilha-para-educador-tem-informacao-errada\/","title":{"rendered":"Cartilha para educador tem informa\u00e7\u00e3o errada"},"content":{"rendered":"<p>Livros did\u00e1ticos voltados para professores da rede estadual de ensino, lan\u00e7ados h\u00e1 cinco dias pela Secretaria da Educa\u00e7\u00e3o, apresentam erros graves de informa\u00e7\u00e3o.\u00a0<br \/> \u00a0<br \/> Os problemas foram encontrados nas cartilhas para os docentes da 5a s\u00e9rie de Hist\u00f3ria e da 8a s\u00e9rie de Geografia. \u00a0<br \/> \u00a0<br \/> As publica\u00e7\u00f5es fazem parte de 76 guias de trabalho elaborados pela Secretaria dentro de um projeto considerado inovador, em que, depois de anos, a rede de ensino volta a ter uma base curricular comum \u2013 at\u00e9 agora, eram os professores que definiam o que deveriam ensinar. \u00a0<br \/> \u00a0<br \/> Os \u201cCadernos do Professor\u201d s\u00e3o destinados ao ensino fundamental II (5a a 8a s\u00e9ries) e ensino m\u00e9dio, para todas as disciplinas.  Segundo informa o jornal  \u201cDi\u00e1rio de S.Paulo\u201d, h\u00e1 erros prim\u00e1rios nas p\u00e1ginas, como confundir s\u00e9culo com mil\u00eanio ou falhar ao localizar\u00a0a R\u00fassia no mapa.\u00a0<br \/> \u00a0<br \/> Um dos exerc\u00edcios, por exemplo, questiona: \u201cO s\u00e9culo XXI come\u00e7ou no 2001 e terminar\u00e1 em qual ano?\u201d. A resposta do livro do professor, que deve orientar as aulas  em classe, indica como correta a alternativa \u201cd\u201d, ano 3000. A resposta correta \u00e9 ano 2100, que n\u00e3o consta em nenhuma das cinco alternativas.\u00a0<br \/> \u00a0<br \/> Outro erro considerado grave pelos professores foi ensinar que a R\u00fassia, que tem parte de seu territ\u00f3rio na \u00c1sia e parte na Europa, est\u00e1 localizada integralmente no continente asi\u00e1tico. A Secretaria de Estado da Educa\u00e7\u00e3o informa que o conte\u00fado das cartilhas foi\u00a0elaborado por 40 educadores, a maioria deles autora de outros livros. \u00a0<\/p>\n<p><\/p>\n","protected":false},"excerpt":{"rendered":"<p>Livros did\u00e1ticos voltados para professores da rede estadual de ensino, lan\u00e7ados h\u00e1 cinco dias pela Secretaria da Educa\u00e7\u00e3o, apresentam erros graves de informa\u00e7\u00e3o.\u00a0 \u00a0 Os problemas foram encontrados nas cartilhas para os docentes da 5a s\u00e9rie de Hist\u00f3ria e da 8a s\u00e9rie de Geografia. \u00a0 \u00a0 As publica\u00e7\u00f5es fazem parte de 76 guias de trabalho [&hellip;]<\/p>\n","protected":false},"author":1,"featured_media":0,"comment_status":"closed","ping_status":"closed","sticky":false,"template":"","format":"standard","meta":{"footnotes":"","_links_to":"","_links_to_target":""},"categories":[9],"tags":[],"class_list":["post-2222","post","type-post","status-publish","format-standard","hentry","category-noticias-da-imprensa"],"yoast_head":"<!-- This site is optimized with the Yoast SEO plugin v15.1 - https:\/\/yoast.com\/wordpress\/plugins\/seo\/ -->\n<title>Cartilha para educador tem informa\u00e7\u00e3o errada &raquo; Abrelivros<\/title>\n<meta name=\"robots\" content=\"index, follow, max-snippet:-1, max-image-preview:large, max-video-preview:-1\" \/>\n<link rel=\"canonical\" href=\"https:\/\/abrelivros.org.br\/site\/cartilha-para-educador-tem-informacao-errada\/\" \/>\n<meta property=\"og:locale\" content=\"pt_BR\" \/>\n<meta property=\"og:type\" content=\"article\" \/>\n<meta property=\"og:title\" content=\"Cartilha para educador tem informa\u00e7\u00e3o errada &raquo; Abrelivros\" \/>\n<meta property=\"og:description\" content=\"Livros did\u00e1ticos voltados para professores da rede estadual de ensino, lan\u00e7ados h\u00e1 cinco dias pela Secretaria da Educa\u00e7\u00e3o, apresentam erros graves de informa\u00e7\u00e3o.\u00a0 \u00a0 Os problemas foram encontrados nas cartilhas para os docentes da 5a s\u00e9rie de Hist\u00f3ria e da 8a s\u00e9rie de Geografia. \u00a0 \u00a0 As publica\u00e7\u00f5es fazem parte de 76 guias de trabalho [&hellip;]\" \/>\n<meta property=\"og:url\" content=\"https:\/\/abrelivros.org.br\/site\/cartilha-para-educador-tem-informacao-errada\/\" \/>\n<meta property=\"og:site_name\" content=\"Abrelivros\" \/>\n<meta property=\"article:published_time\" content=\"2008-04-07T13:29:00+00:00\" \/>\n<meta name=\"twitter:card\" content=\"summary_large_image\" \/>\n<script type=\"application\/ld+json\" class=\"yoast-schema-graph\">{\"@context\":\"https:\/\/schema.org\",\"@graph\":[{\"@type\":\"WebSite\",\"@id\":\"https:\/\/abrelivros.org.br\/site\/#website\",\"url\":\"https:\/\/abrelivros.org.br\/site\/\",\"name\":\"Abrelivros\",\"description\":\"\",\"potentialAction\":[{\"@type\":\"SearchAction\",\"target\":\"https:\/\/abrelivros.org.br\/site\/?s={search_term_string}\",\"query-input\":\"required name=search_term_string\"}],\"inLanguage\":\"pt-BR\"},{\"@type\":\"WebPage\",\"@id\":\"https:\/\/abrelivros.org.br\/site\/cartilha-para-educador-tem-informacao-errada\/#webpage\",\"url\":\"https:\/\/abrelivros.org.br\/site\/cartilha-para-educador-tem-informacao-errada\/\",\"name\":\"Cartilha para educador tem informa\\u00e7\\u00e3o errada &raquo; Abrelivros\",\"isPartOf\":{\"@id\":\"https:\/\/abrelivros.org.br\/site\/#website\"},\"datePublished\":\"2008-04-07T13:29:00+00:00\",\"dateModified\":\"2008-04-07T13:29:00+00:00\",\"author\":{\"@id\":\"https:\/\/abrelivros.org.br\/site\/#\/schema\/person\/2b867f13a717bb230f1a3555505f5593\"},\"breadcrumb\":{\"@id\":\"https:\/\/abrelivros.org.br\/site\/cartilha-para-educador-tem-informacao-errada\/#breadcrumb\"},\"inLanguage\":\"pt-BR\",\"potentialAction\":[{\"@type\":\"ReadAction\",\"target\":[\"https:\/\/abrelivros.org.br\/site\/cartilha-para-educador-tem-informacao-errada\/\"]}]},{\"@type\":\"BreadcrumbList\",\"@id\":\"https:\/\/abrelivros.org.br\/site\/cartilha-para-educador-tem-informacao-errada\/#breadcrumb\",\"itemListElement\":[{\"@type\":\"ListItem\",\"position\":1,\"item\":{\"@type\":\"WebPage\",\"@id\":\"https:\/\/abrelivros.org.br\/site\/\",\"url\":\"https:\/\/abrelivros.org.br\/site\/\",\"name\":\"In\\u00edcio\"}},{\"@type\":\"ListItem\",\"position\":2,\"item\":{\"@type\":\"WebPage\",\"@id\":\"https:\/\/abrelivros.org.br\/site\/category\/noticias\/\",\"url\":\"https:\/\/abrelivros.org.br\/site\/category\/noticias\/\",\"name\":\"Not\\u00edcias\"}},{\"@type\":\"ListItem\",\"position\":3,\"item\":{\"@type\":\"WebPage\",\"@id\":\"https:\/\/abrelivros.org.br\/site\/category\/noticias\/noticias-da-imprensa\/\",\"url\":\"https:\/\/abrelivros.org.br\/site\/category\/noticias\/noticias-da-imprensa\/\",\"name\":\"Not\\u00edcias da imprensa\"}},{\"@type\":\"ListItem\",\"position\":4,\"item\":{\"@type\":\"WebPage\",\"@id\":\"https:\/\/abrelivros.org.br\/site\/cartilha-para-educador-tem-informacao-errada\/\",\"url\":\"https:\/\/abrelivros.org.br\/site\/cartilha-para-educador-tem-informacao-errada\/\",\"name\":\"Cartilha para educador tem informa\\u00e7\\u00e3o errada\"}}]},{\"@type\":\"Person\",\"@id\":\"https:\/\/abrelivros.org.br\/site\/#\/schema\/person\/2b867f13a717bb230f1a3555505f5593\",\"name\":\"\\u00a0\",\"image\":{\"@type\":\"ImageObject\",\"@id\":\"https:\/\/abrelivros.org.br\/site\/#personlogo\",\"inLanguage\":\"pt-BR\",\"url\":\"https:\/\/secure.gravatar.com\/avatar\/e80b7f5231be2fff5040a8023da424898002831c5439420df182ae62676d2a6f?s=96&d=mm&r=g\",\"caption\":\"\\u00a0\"}}]}<\/script>\n<!-- \/ Yoast SEO plugin. -->","_links":{"self":[{"href":"https:\/\/abrelivros.org.br\/site\/wp-json\/wp\/v2\/posts\/2222","targetHints":{"allow":["GET"]}}],"collection":[{"href":"https:\/\/abrelivros.org.br\/site\/wp-json\/wp\/v2\/posts"}],"about":[{"href":"https:\/\/abrelivros.org.br\/site\/wp-json\/wp\/v2\/types\/post"}],"author":[{"embeddable":true,"href":"https:\/\/abrelivros.org.br\/site\/wp-json\/wp\/v2\/users\/1"}],"replies":[{"embeddable":true,"href":"https:\/\/abrelivros.org.br\/site\/wp-json\/wp\/v2\/comments?post=2222"}],"version-history":[{"count":0,"href":"https:\/\/abrelivros.org.br\/site\/wp-json\/wp\/v2\/posts\/2222\/revisions"}],"wp:attachment":[{"href":"https:\/\/abrelivros.org.br\/site\/wp-json\/wp\/v2\/media?parent=2222"}],"wp:term":[{"taxonomy":"category","embeddable":true,"href":"https:\/\/abrelivros.org.br\/site\/wp-json\/wp\/v2\/categories?post=2222"},{"taxonomy":"post_tag","embeddable":true,"href":"https:\/\/abrelivros.org.br\/site\/wp-json\/wp\/v2\/tags?post=2222"}],"curies":[{"name":"wp","href":"https:\/\/api.w.org\/{rel}","templated":true}]}}