{"id":2220,"date":"2008-04-11T10:09:00","date_gmt":"2008-04-11T13:09:00","guid":{"rendered":"https:\/\/abrelivros.org.br\/site\/2008\/04\/11\/23-de-abril-o-dia-mundial-do-livro\/"},"modified":"2008-04-11T10:09:00","modified_gmt":"2008-04-11T13:09:00","slug":"23-de-abril-o-dia-mundial-do-livro","status":"publish","type":"post","link":"https:\/\/abrelivros.org.br\/site\/23-de-abril-o-dia-mundial-do-livro\/","title":{"rendered":"23 de abril, o Dia Mundial do Livro"},"content":{"rendered":"<p>O 23 de abril foi escolhido pela Unesco para celebrar o Dia Mundial do Livro e dos Direitos do Autor n\u00e3o por acaso. Existe um forte simbolismo em torno dessa data. Foi nesse dia, afinal, que morreram, em 1616, nada mais nada menos do que Miguel de Cervantes e William Shakespeare. E, ainda, o escritor Inca Garcilaso de la Vega. E cada qual em seu canto. Para aumentar mais esse encanto, foi tamb\u00e9m nessa data que vieram ao mundo autores como Maurice Druon, K.Laxness, Vladimir Nabokov, Josep Pla e Manuel Mej\u00eda Vallejo.\u00a0<br \/> \u00a0<br \/> A Unesco, ent\u00e3o, passou a incentivar os pa\u00edses a comemorarem a data. Em Barcelona, h\u00e1 tempos homens e mulheres trocam flores e livros numa festa de rua muito bonita, onde repetem o gesto imortalizado pela lenda de S\u00e3o Jorge e a Princesa Marguerita. \u00a0<br \/> Essa mesma tradi\u00e7\u00e3o teve in\u00edcio no Brasil, na d\u00e9cada de 1990, em Ribeir\u00e3o Preto (SP), onde deu origem \u00e0 charmosa Festa do Livro que reunia, a cada ano, centenas de pessoas para brindar seu amor \u00e0 leitura. Este ano, no entanto, ela n\u00e3o vai acontecer.\u00a0<br \/> \u00a0<\/p>\n<p><B> Dia do Livro: Unesco discutir\u00e1 livros e idiomas\u00a0<br \/> \u00a0<br \/><\/B> A ONU resolveu aproveitar a data para promover uma s\u00e9rie de debates pelo mundo afora sobre a liga\u00e7\u00e3o entre livros e l\u00ednguas. As atividades ser\u00e3o lideradas pela Unesco, que, a cada ano, pela d\u00e9cima terceira vez consecutiva, aproveita o 23 de abril para propor uma tem\u00e1tica diferente para reflex\u00e3o.\u00a0<br \/> \u00a0<br \/> \u00a0<\/p>\n","protected":false},"excerpt":{"rendered":"<p>O 23 de abril foi escolhido pela Unesco para celebrar o Dia Mundial do Livro e dos Direitos do Autor n\u00e3o por acaso. Existe um forte simbolismo em torno dessa data. Foi nesse dia, afinal, que morreram, em 1616, nada mais nada menos do que Miguel de Cervantes e William Shakespeare. E, ainda, o escritor [&hellip;]<\/p>\n","protected":false},"author":1,"featured_media":0,"comment_status":"closed","ping_status":"closed","sticky":false,"template":"","format":"standard","meta":{"footnotes":"","_links_to":"","_links_to_target":""},"categories":[9],"tags":[],"class_list":["post-2220","post","type-post","status-publish","format-standard","hentry","category-noticias-da-imprensa"],"yoast_head":"<!-- This site is optimized with the Yoast SEO plugin v15.1 - https:\/\/yoast.com\/wordpress\/plugins\/seo\/ -->\n<title>23 de abril, o Dia Mundial do Livro &raquo; Abrelivros<\/title>\n<meta name=\"robots\" content=\"index, follow, max-snippet:-1, max-image-preview:large, max-video-preview:-1\" \/>\n<link rel=\"canonical\" href=\"https:\/\/abrelivros.org.br\/site\/23-de-abril-o-dia-mundial-do-livro\/\" \/>\n<meta property=\"og:locale\" content=\"pt_BR\" \/>\n<meta property=\"og:type\" content=\"article\" \/>\n<meta property=\"og:title\" content=\"23 de abril, o Dia Mundial do Livro &raquo; Abrelivros\" \/>\n<meta property=\"og:description\" content=\"O 23 de abril foi escolhido pela Unesco para celebrar o Dia Mundial do Livro e dos Direitos do Autor n\u00e3o por acaso. Existe um forte simbolismo em torno dessa data. Foi nesse dia, afinal, que morreram, em 1616, nada mais nada menos do que Miguel de Cervantes e William Shakespeare. E, ainda, o escritor [&hellip;]\" \/>\n<meta property=\"og:url\" content=\"https:\/\/abrelivros.org.br\/site\/23-de-abril-o-dia-mundial-do-livro\/\" \/>\n<meta property=\"og:site_name\" content=\"Abrelivros\" \/>\n<meta property=\"article:published_time\" content=\"2008-04-11T13:09:00+00:00\" \/>\n<meta name=\"twitter:card\" content=\"summary_large_image\" \/>\n<script type=\"application\/ld+json\" class=\"yoast-schema-graph\">{\"@context\":\"https:\/\/schema.org\",\"@graph\":[{\"@type\":\"WebSite\",\"@id\":\"https:\/\/abrelivros.org.br\/site\/#website\",\"url\":\"https:\/\/abrelivros.org.br\/site\/\",\"name\":\"Abrelivros\",\"description\":\"\",\"potentialAction\":[{\"@type\":\"SearchAction\",\"target\":\"https:\/\/abrelivros.org.br\/site\/?s={search_term_string}\",\"query-input\":\"required name=search_term_string\"}],\"inLanguage\":\"pt-BR\"},{\"@type\":\"WebPage\",\"@id\":\"https:\/\/abrelivros.org.br\/site\/23-de-abril-o-dia-mundial-do-livro\/#webpage\",\"url\":\"https:\/\/abrelivros.org.br\/site\/23-de-abril-o-dia-mundial-do-livro\/\",\"name\":\"23 de abril, o Dia Mundial do Livro &raquo; Abrelivros\",\"isPartOf\":{\"@id\":\"https:\/\/abrelivros.org.br\/site\/#website\"},\"datePublished\":\"2008-04-11T13:09:00+00:00\",\"dateModified\":\"2008-04-11T13:09:00+00:00\",\"author\":{\"@id\":\"https:\/\/abrelivros.org.br\/site\/#\/schema\/person\/2b867f13a717bb230f1a3555505f5593\"},\"breadcrumb\":{\"@id\":\"https:\/\/abrelivros.org.br\/site\/23-de-abril-o-dia-mundial-do-livro\/#breadcrumb\"},\"inLanguage\":\"pt-BR\",\"potentialAction\":[{\"@type\":\"ReadAction\",\"target\":[\"https:\/\/abrelivros.org.br\/site\/23-de-abril-o-dia-mundial-do-livro\/\"]}]},{\"@type\":\"BreadcrumbList\",\"@id\":\"https:\/\/abrelivros.org.br\/site\/23-de-abril-o-dia-mundial-do-livro\/#breadcrumb\",\"itemListElement\":[{\"@type\":\"ListItem\",\"position\":1,\"item\":{\"@type\":\"WebPage\",\"@id\":\"https:\/\/abrelivros.org.br\/site\/\",\"url\":\"https:\/\/abrelivros.org.br\/site\/\",\"name\":\"In\\u00edcio\"}},{\"@type\":\"ListItem\",\"position\":2,\"item\":{\"@type\":\"WebPage\",\"@id\":\"https:\/\/abrelivros.org.br\/site\/category\/noticias\/\",\"url\":\"https:\/\/abrelivros.org.br\/site\/category\/noticias\/\",\"name\":\"Not\\u00edcias\"}},{\"@type\":\"ListItem\",\"position\":3,\"item\":{\"@type\":\"WebPage\",\"@id\":\"https:\/\/abrelivros.org.br\/site\/category\/noticias\/noticias-da-imprensa\/\",\"url\":\"https:\/\/abrelivros.org.br\/site\/category\/noticias\/noticias-da-imprensa\/\",\"name\":\"Not\\u00edcias da imprensa\"}},{\"@type\":\"ListItem\",\"position\":4,\"item\":{\"@type\":\"WebPage\",\"@id\":\"https:\/\/abrelivros.org.br\/site\/23-de-abril-o-dia-mundial-do-livro\/\",\"url\":\"https:\/\/abrelivros.org.br\/site\/23-de-abril-o-dia-mundial-do-livro\/\",\"name\":\"23 de abril, o Dia Mundial do Livro\"}}]},{\"@type\":\"Person\",\"@id\":\"https:\/\/abrelivros.org.br\/site\/#\/schema\/person\/2b867f13a717bb230f1a3555505f5593\",\"name\":\"\\u00a0\",\"image\":{\"@type\":\"ImageObject\",\"@id\":\"https:\/\/abrelivros.org.br\/site\/#personlogo\",\"inLanguage\":\"pt-BR\",\"url\":\"https:\/\/secure.gravatar.com\/avatar\/e80b7f5231be2fff5040a8023da424898002831c5439420df182ae62676d2a6f?s=96&d=mm&r=g\",\"caption\":\"\\u00a0\"}}]}<\/script>\n<!-- \/ Yoast SEO plugin. -->","_links":{"self":[{"href":"https:\/\/abrelivros.org.br\/site\/wp-json\/wp\/v2\/posts\/2220","targetHints":{"allow":["GET"]}}],"collection":[{"href":"https:\/\/abrelivros.org.br\/site\/wp-json\/wp\/v2\/posts"}],"about":[{"href":"https:\/\/abrelivros.org.br\/site\/wp-json\/wp\/v2\/types\/post"}],"author":[{"embeddable":true,"href":"https:\/\/abrelivros.org.br\/site\/wp-json\/wp\/v2\/users\/1"}],"replies":[{"embeddable":true,"href":"https:\/\/abrelivros.org.br\/site\/wp-json\/wp\/v2\/comments?post=2220"}],"version-history":[{"count":0,"href":"https:\/\/abrelivros.org.br\/site\/wp-json\/wp\/v2\/posts\/2220\/revisions"}],"wp:attachment":[{"href":"https:\/\/abrelivros.org.br\/site\/wp-json\/wp\/v2\/media?parent=2220"}],"wp:term":[{"taxonomy":"category","embeddable":true,"href":"https:\/\/abrelivros.org.br\/site\/wp-json\/wp\/v2\/categories?post=2220"},{"taxonomy":"post_tag","embeddable":true,"href":"https:\/\/abrelivros.org.br\/site\/wp-json\/wp\/v2\/tags?post=2220"}],"curies":[{"name":"wp","href":"https:\/\/api.w.org\/{rel}","templated":true}]}}