{"id":2218,"date":"2008-04-15T16:20:00","date_gmt":"2008-04-15T19:20:00","guid":{"rendered":"https:\/\/abrelivros.org.br\/site\/2008\/04\/15\/governo-e-sociedade-se-mobilizam-para-debater-educacao\/"},"modified":"2008-04-15T16:20:00","modified_gmt":"2008-04-15T19:20:00","slug":"governo-e-sociedade-se-mobilizam-para-debater-educacao","status":"publish","type":"post","link":"https:\/\/abrelivros.org.br\/site\/governo-e-sociedade-se-mobilizam-para-debater-educacao\/","title":{"rendered":"Governo e sociedade se mobilizam para debater educa\u00e7\u00e3o"},"content":{"rendered":"<p>Pela primeira vez, representantes de todos os estados brasileiros estar\u00e3o reunidos com o governo federal e com representantes da sociedade civil organizada para discutir os principais desafios educacionais do Brasil. A partir desta segunda-feira (14), acontece a aberta a Confer\u00eancia Nacional de Educa\u00e7\u00e3o B\u00e1sica, em Bras\u00edlia. &nbsp;<br \/> &nbsp;<br \/> A constru\u00e7\u00e3o de um sistema nacional articulado de educa\u00e7\u00e3o ser\u00e1 o  tema central da Confer\u00eancia, que se estender\u00e1 at\u00e9 o dia 18. Para o evento, que vem sendo preparado h\u00e1 cerca de um ano, todos os estados escolheram delegados, que estar\u00e3o em Bras\u00edlia para debater t\u00f3picos como a valoriza\u00e7\u00e3o e a forma\u00e7\u00e3o de professores. A etapa nacional foi antecedida por 378 confer\u00eancias municipais, 89 regionais, 26 estaduais e uma no Distrito Federal. Foram 4.740 participantes na Regi\u00e3o Norte; 6.506 no Nordeste; 3,7 mil no Sudeste;  2,2 mil no Sul e  3,4 mil no Centro-Oeste.&nbsp;<br \/> &nbsp;<br \/> O documento-base elaborado para a Confer\u00eancia aborda cinco temas e re\u00fane os resultados das confer\u00eancias estaduais. A prepara\u00e7\u00e3o para o evento mobilizou professores e estudantes de todo o Pa\u00eds. Al\u00e9m das palestras centrais, a Confer\u00eancia ter\u00e1 34 col\u00f3quios e dez plen\u00e1rias. Ao todo, ser\u00e3o cinco conferencistas, 34 coordenadores de col\u00f3quios e 102 expositores.&nbsp;<br \/> &nbsp;<br \/> Pauta \u2014 Os cinco temas a serem levantados durante a semana de discuss\u00f5es s\u00e3o os desafios da constru\u00e7\u00e3o de um sistema nacional articulado de educa\u00e7\u00e3o; a democratiza\u00e7\u00e3o da gest\u00e3o e a qualidade social da educa\u00e7\u00e3o; a constru\u00e7\u00e3o de um regime de colabora\u00e7\u00e3o entre os sistemas de ensino; a inclus\u00e3o e a diversidade na educa\u00e7\u00e3o b\u00e1sica e a forma\u00e7\u00e3o e a valoriza\u00e7\u00e3o profissional.&nbsp;<br \/> &nbsp;<br \/> O primeiro tema trata da articula\u00e7\u00e3o das tr\u00eas \u00e1reas de governo \u2014  federal, estadual e municipal \u2014 em torno da educa\u00e7\u00e3o, com discuss\u00f5es sobre igualdade de condi\u00e7\u00f5es para o acesso e perman\u00eancia na escola. O segundo, discute a democratiza\u00e7\u00e3o da gest\u00e3o e da qualidade social da educa\u00e7\u00e3o, com quest\u00f5es como a participa\u00e7\u00e3o de estudantes, funcion\u00e1rios, pais e professores na gest\u00e3o das escolas.&nbsp;<br \/> &nbsp;<br \/> O terceiro tema aborda a constru\u00e7\u00e3o do regime de colabora\u00e7\u00e3o entre os sistemas de ensino, tendo o financiamento como instrumento. O Fundo da Educa\u00e7\u00e3o B\u00e1sica (Fundeb) foi utilizado como exemplo de como isso pode ocorrer. O quarto e o quinto temas ir\u00e3o debater, respectivamente, a inclus\u00e3o, a forma\u00e7\u00e3o e   a valoriza\u00e7\u00e3o dos professores.&nbsp;<br \/> &nbsp;<\/p>\n","protected":false},"excerpt":{"rendered":"<p>Pela primeira vez, representantes de todos os estados brasileiros estar\u00e3o reunidos com o governo federal e com representantes da sociedade civil organizada para discutir os principais desafios educacionais do Brasil. A partir desta segunda-feira (14), acontece a aberta a Confer\u00eancia Nacional de Educa\u00e7\u00e3o B\u00e1sica, em Bras\u00edlia. &nbsp; &nbsp; A constru\u00e7\u00e3o de um sistema nacional articulado [&hellip;]<\/p>\n","protected":false},"author":1,"featured_media":0,"comment_status":"closed","ping_status":"closed","sticky":false,"template":"","format":"standard","meta":{"footnotes":"","_links_to":"","_links_to_target":""},"categories":[9],"tags":[],"class_list":["post-2218","post","type-post","status-publish","format-standard","hentry","category-noticias-da-imprensa"],"yoast_head":"<!-- This site is optimized with the Yoast SEO plugin v15.1 - https:\/\/yoast.com\/wordpress\/plugins\/seo\/ -->\n<title>Governo e sociedade se mobilizam para debater educa\u00e7\u00e3o &raquo; Abrelivros<\/title>\n<meta name=\"robots\" content=\"index, follow, max-snippet:-1, max-image-preview:large, max-video-preview:-1\" \/>\n<link rel=\"canonical\" href=\"https:\/\/abrelivros.org.br\/site\/governo-e-sociedade-se-mobilizam-para-debater-educacao\/\" \/>\n<meta property=\"og:locale\" content=\"pt_BR\" \/>\n<meta property=\"og:type\" content=\"article\" \/>\n<meta property=\"og:title\" content=\"Governo e sociedade se mobilizam para debater educa\u00e7\u00e3o &raquo; Abrelivros\" \/>\n<meta property=\"og:description\" content=\"Pela primeira vez, representantes de todos os estados brasileiros estar\u00e3o reunidos com o governo federal e com representantes da sociedade civil organizada para discutir os principais desafios educacionais do Brasil. A partir desta segunda-feira (14), acontece a aberta a Confer\u00eancia Nacional de Educa\u00e7\u00e3o B\u00e1sica, em Bras\u00edlia. &nbsp; &nbsp; A constru\u00e7\u00e3o de um sistema nacional articulado [&hellip;]\" \/>\n<meta property=\"og:url\" content=\"https:\/\/abrelivros.org.br\/site\/governo-e-sociedade-se-mobilizam-para-debater-educacao\/\" \/>\n<meta property=\"og:site_name\" content=\"Abrelivros\" \/>\n<meta property=\"article:published_time\" content=\"2008-04-15T19:20:00+00:00\" \/>\n<meta name=\"twitter:card\" content=\"summary_large_image\" \/>\n<script type=\"application\/ld+json\" class=\"yoast-schema-graph\">{\"@context\":\"https:\/\/schema.org\",\"@graph\":[{\"@type\":\"WebSite\",\"@id\":\"https:\/\/abrelivros.org.br\/site\/#website\",\"url\":\"https:\/\/abrelivros.org.br\/site\/\",\"name\":\"Abrelivros\",\"description\":\"\",\"potentialAction\":[{\"@type\":\"SearchAction\",\"target\":\"https:\/\/abrelivros.org.br\/site\/?s={search_term_string}\",\"query-input\":\"required name=search_term_string\"}],\"inLanguage\":\"pt-BR\"},{\"@type\":\"WebPage\",\"@id\":\"https:\/\/abrelivros.org.br\/site\/governo-e-sociedade-se-mobilizam-para-debater-educacao\/#webpage\",\"url\":\"https:\/\/abrelivros.org.br\/site\/governo-e-sociedade-se-mobilizam-para-debater-educacao\/\",\"name\":\"Governo e sociedade se mobilizam para debater educa\\u00e7\\u00e3o &raquo; Abrelivros\",\"isPartOf\":{\"@id\":\"https:\/\/abrelivros.org.br\/site\/#website\"},\"datePublished\":\"2008-04-15T19:20:00+00:00\",\"dateModified\":\"2008-04-15T19:20:00+00:00\",\"author\":{\"@id\":\"https:\/\/abrelivros.org.br\/site\/#\/schema\/person\/2b867f13a717bb230f1a3555505f5593\"},\"breadcrumb\":{\"@id\":\"https:\/\/abrelivros.org.br\/site\/governo-e-sociedade-se-mobilizam-para-debater-educacao\/#breadcrumb\"},\"inLanguage\":\"pt-BR\",\"potentialAction\":[{\"@type\":\"ReadAction\",\"target\":[\"https:\/\/abrelivros.org.br\/site\/governo-e-sociedade-se-mobilizam-para-debater-educacao\/\"]}]},{\"@type\":\"BreadcrumbList\",\"@id\":\"https:\/\/abrelivros.org.br\/site\/governo-e-sociedade-se-mobilizam-para-debater-educacao\/#breadcrumb\",\"itemListElement\":[{\"@type\":\"ListItem\",\"position\":1,\"item\":{\"@type\":\"WebPage\",\"@id\":\"https:\/\/abrelivros.org.br\/site\/\",\"url\":\"https:\/\/abrelivros.org.br\/site\/\",\"name\":\"In\\u00edcio\"}},{\"@type\":\"ListItem\",\"position\":2,\"item\":{\"@type\":\"WebPage\",\"@id\":\"https:\/\/abrelivros.org.br\/site\/category\/noticias\/\",\"url\":\"https:\/\/abrelivros.org.br\/site\/category\/noticias\/\",\"name\":\"Not\\u00edcias\"}},{\"@type\":\"ListItem\",\"position\":3,\"item\":{\"@type\":\"WebPage\",\"@id\":\"https:\/\/abrelivros.org.br\/site\/category\/noticias\/noticias-da-imprensa\/\",\"url\":\"https:\/\/abrelivros.org.br\/site\/category\/noticias\/noticias-da-imprensa\/\",\"name\":\"Not\\u00edcias da imprensa\"}},{\"@type\":\"ListItem\",\"position\":4,\"item\":{\"@type\":\"WebPage\",\"@id\":\"https:\/\/abrelivros.org.br\/site\/governo-e-sociedade-se-mobilizam-para-debater-educacao\/\",\"url\":\"https:\/\/abrelivros.org.br\/site\/governo-e-sociedade-se-mobilizam-para-debater-educacao\/\",\"name\":\"Governo e sociedade se mobilizam para debater educa\\u00e7\\u00e3o\"}}]},{\"@type\":\"Person\",\"@id\":\"https:\/\/abrelivros.org.br\/site\/#\/schema\/person\/2b867f13a717bb230f1a3555505f5593\",\"name\":\"\\u00a0\",\"image\":{\"@type\":\"ImageObject\",\"@id\":\"https:\/\/abrelivros.org.br\/site\/#personlogo\",\"inLanguage\":\"pt-BR\",\"url\":\"https:\/\/secure.gravatar.com\/avatar\/e80b7f5231be2fff5040a8023da424898002831c5439420df182ae62676d2a6f?s=96&d=mm&r=g\",\"caption\":\"\\u00a0\"}}]}<\/script>\n<!-- \/ Yoast SEO plugin. -->","_links":{"self":[{"href":"https:\/\/abrelivros.org.br\/site\/wp-json\/wp\/v2\/posts\/2218","targetHints":{"allow":["GET"]}}],"collection":[{"href":"https:\/\/abrelivros.org.br\/site\/wp-json\/wp\/v2\/posts"}],"about":[{"href":"https:\/\/abrelivros.org.br\/site\/wp-json\/wp\/v2\/types\/post"}],"author":[{"embeddable":true,"href":"https:\/\/abrelivros.org.br\/site\/wp-json\/wp\/v2\/users\/1"}],"replies":[{"embeddable":true,"href":"https:\/\/abrelivros.org.br\/site\/wp-json\/wp\/v2\/comments?post=2218"}],"version-history":[{"count":0,"href":"https:\/\/abrelivros.org.br\/site\/wp-json\/wp\/v2\/posts\/2218\/revisions"}],"wp:attachment":[{"href":"https:\/\/abrelivros.org.br\/site\/wp-json\/wp\/v2\/media?parent=2218"}],"wp:term":[{"taxonomy":"category","embeddable":true,"href":"https:\/\/abrelivros.org.br\/site\/wp-json\/wp\/v2\/categories?post=2218"},{"taxonomy":"post_tag","embeddable":true,"href":"https:\/\/abrelivros.org.br\/site\/wp-json\/wp\/v2\/tags?post=2218"}],"curies":[{"name":"wp","href":"https:\/\/api.w.org\/{rel}","templated":true}]}}