{"id":2217,"date":"2008-04-16T17:05:00","date_gmt":"2008-04-16T20:05:00","guid":{"rendered":"https:\/\/abrelivros.org.br\/site\/2008\/04\/16\/escolas-e-redes-de-ensino-tem-ate-5-de-maio-para-se-inscrever-na-olimpiada\/"},"modified":"2008-04-16T17:05:00","modified_gmt":"2008-04-16T20:05:00","slug":"escolas-e-redes-de-ensino-tem-ate-5-de-maio-para-se-inscrever-na-olimpiada","status":"publish","type":"post","link":"https:\/\/abrelivros.org.br\/site\/escolas-e-redes-de-ensino-tem-ate-5-de-maio-para-se-inscrever-na-olimpiada\/","title":{"rendered":"Escolas e Redes de Ensino t\u00eam at\u00e9 5 de maio para se inscrever na Olimp\u00edada"},"content":{"rendered":"<p>Foi prorrogado o prazo de inscri\u00e7\u00f5es para a olimp\u00edada de Portugu\u00eas Escrevendo o Futuro. As escolas e redes estaduais e municipais de educa\u00e7\u00e3o ter\u00e3o at\u00e9 5 de maio para aderir \u00e0 nova pol\u00edtica p\u00fablica. Mais do que um concurso de talentos, a olimp\u00edada foi desenvolvida para ser uma estrat\u00e9gia de forma\u00e7\u00e3o de professores e alunos que beneficiar\u00e1, ainda este ano, mais de 6 milh\u00f5es de estudantes, 73.118 escolas e 200 mil professores em 4.450 cidades. <\/p>\n<p> Para participar da Olimp\u00edada, o primeiro passo \u00e9 a ades\u00e3o da rede de ensino. No caso das escolas municipais, o prefeito e o secret\u00e1rio municipal de ensino devem assinar o termo de ades\u00e3o. No caso das estaduais, a inscri\u00e7\u00e3o fica a cargo do secret\u00e1rio estadual de educa\u00e7\u00e3o. \u00a0<br \/> \u00a0<br \/> Os formul\u00e1rios podem ser obtidos pela internet ou nas ag\u00eancias do Banco Ita\u00fa, nas sedes da Uni\u00e3o Nacional dos Dirigentes Municipais de Educa\u00e7\u00e3o (Undime), do Conselho Nacional dos Secret\u00e1rios de Educa\u00e7\u00e3o e nas secretarias municipais e estaduais de educa\u00e7\u00e3o. Depois de preenchido e assinado, o termo deve ser enviado \u00e0 coordena\u00e7\u00e3o da olimp\u00edada, pelo correio, at\u00e9 o dia 5 de maio, para o seguinte endere\u00e7o: Caixa postal 34729-9, CEP 01452-970, S\u00e3o Paulo SP.\u00a0<br \/> \u00a0<br \/> Ap\u00f3s a ades\u00e3o dos estados e munic\u00edpios, as escolas que tiverem pelo menos um professor interessado devem efetuar o mesmo procedimento para se inscrever. N\u00e3o h\u00e1 limite de professores por escola. O formul\u00e1rio de inscri\u00e7\u00e3o est\u00e1 dispon\u00edvel nos s\u00edtios do MEC, da Funda\u00e7\u00e3o Ita\u00fa Social, do Cenpec e da olimp\u00edada. \u00a0<br \/> \u00a0<br \/> Todos os munic\u00edpios do territ\u00f3rio brasileiro podem participar da olimp\u00edada de Portugu\u00eas, que ser\u00e1 desenvolvida em escolas p\u00fablicas de Ensino Fundamental e Ensino M\u00e9dio com alunos de 4\u00aa, 5\u00aa, 7\u00aa e 8\u00aa s\u00e9ries do Ensino Fundamental (ou s\u00e9ries equivalentes do ciclo de 9 anos) e alunos de 2\u00ba e 3\u00ba anos do Ensino M\u00e9dio.\u00a0<br \/> \u00a0<\/p>\n","protected":false},"excerpt":{"rendered":"<p>Foi prorrogado o prazo de inscri\u00e7\u00f5es para a olimp\u00edada de Portugu\u00eas Escrevendo o Futuro. As escolas e redes estaduais e municipais de educa\u00e7\u00e3o ter\u00e3o at\u00e9 5 de maio para aderir \u00e0 nova pol\u00edtica p\u00fablica. Mais do que um concurso de talentos, a olimp\u00edada foi desenvolvida para ser uma estrat\u00e9gia de forma\u00e7\u00e3o de professores e alunos [&hellip;]<\/p>\n","protected":false},"author":1,"featured_media":0,"comment_status":"closed","ping_status":"closed","sticky":false,"template":"","format":"standard","meta":{"footnotes":"","_links_to":"","_links_to_target":""},"categories":[9],"tags":[],"class_list":["post-2217","post","type-post","status-publish","format-standard","hentry","category-noticias-da-imprensa"],"yoast_head":"<!-- This site is optimized with the Yoast SEO plugin v15.1 - https:\/\/yoast.com\/wordpress\/plugins\/seo\/ -->\n<title>Escolas e Redes de Ensino t\u00eam at\u00e9 5 de maio para se inscrever na Olimp\u00edada &raquo; Abrelivros<\/title>\n<meta name=\"robots\" content=\"index, follow, max-snippet:-1, max-image-preview:large, max-video-preview:-1\" \/>\n<link rel=\"canonical\" href=\"https:\/\/abrelivros.org.br\/site\/escolas-e-redes-de-ensino-tem-ate-5-de-maio-para-se-inscrever-na-olimpiada\/\" \/>\n<meta property=\"og:locale\" content=\"pt_BR\" \/>\n<meta property=\"og:type\" content=\"article\" \/>\n<meta property=\"og:title\" content=\"Escolas e Redes de Ensino t\u00eam at\u00e9 5 de maio para se inscrever na Olimp\u00edada &raquo; Abrelivros\" \/>\n<meta property=\"og:description\" content=\"Foi prorrogado o prazo de inscri\u00e7\u00f5es para a olimp\u00edada de Portugu\u00eas Escrevendo o Futuro. As escolas e redes estaduais e municipais de educa\u00e7\u00e3o ter\u00e3o at\u00e9 5 de maio para aderir \u00e0 nova pol\u00edtica p\u00fablica. Mais do que um concurso de talentos, a olimp\u00edada foi desenvolvida para ser uma estrat\u00e9gia de forma\u00e7\u00e3o de professores e alunos [&hellip;]\" \/>\n<meta property=\"og:url\" content=\"https:\/\/abrelivros.org.br\/site\/escolas-e-redes-de-ensino-tem-ate-5-de-maio-para-se-inscrever-na-olimpiada\/\" \/>\n<meta property=\"og:site_name\" content=\"Abrelivros\" \/>\n<meta property=\"article:published_time\" content=\"2008-04-16T20:05:00+00:00\" \/>\n<meta name=\"twitter:card\" content=\"summary_large_image\" \/>\n<script type=\"application\/ld+json\" class=\"yoast-schema-graph\">{\"@context\":\"https:\/\/schema.org\",\"@graph\":[{\"@type\":\"WebSite\",\"@id\":\"https:\/\/abrelivros.org.br\/site\/#website\",\"url\":\"https:\/\/abrelivros.org.br\/site\/\",\"name\":\"Abrelivros\",\"description\":\"\",\"potentialAction\":[{\"@type\":\"SearchAction\",\"target\":\"https:\/\/abrelivros.org.br\/site\/?s={search_term_string}\",\"query-input\":\"required name=search_term_string\"}],\"inLanguage\":\"pt-BR\"},{\"@type\":\"WebPage\",\"@id\":\"https:\/\/abrelivros.org.br\/site\/escolas-e-redes-de-ensino-tem-ate-5-de-maio-para-se-inscrever-na-olimpiada\/#webpage\",\"url\":\"https:\/\/abrelivros.org.br\/site\/escolas-e-redes-de-ensino-tem-ate-5-de-maio-para-se-inscrever-na-olimpiada\/\",\"name\":\"Escolas e Redes de Ensino t\\u00eam at\\u00e9 5 de maio para se inscrever na Olimp\\u00edada &raquo; Abrelivros\",\"isPartOf\":{\"@id\":\"https:\/\/abrelivros.org.br\/site\/#website\"},\"datePublished\":\"2008-04-16T20:05:00+00:00\",\"dateModified\":\"2008-04-16T20:05:00+00:00\",\"author\":{\"@id\":\"https:\/\/abrelivros.org.br\/site\/#\/schema\/person\/2b867f13a717bb230f1a3555505f5593\"},\"breadcrumb\":{\"@id\":\"https:\/\/abrelivros.org.br\/site\/escolas-e-redes-de-ensino-tem-ate-5-de-maio-para-se-inscrever-na-olimpiada\/#breadcrumb\"},\"inLanguage\":\"pt-BR\",\"potentialAction\":[{\"@type\":\"ReadAction\",\"target\":[\"https:\/\/abrelivros.org.br\/site\/escolas-e-redes-de-ensino-tem-ate-5-de-maio-para-se-inscrever-na-olimpiada\/\"]}]},{\"@type\":\"BreadcrumbList\",\"@id\":\"https:\/\/abrelivros.org.br\/site\/escolas-e-redes-de-ensino-tem-ate-5-de-maio-para-se-inscrever-na-olimpiada\/#breadcrumb\",\"itemListElement\":[{\"@type\":\"ListItem\",\"position\":1,\"item\":{\"@type\":\"WebPage\",\"@id\":\"https:\/\/abrelivros.org.br\/site\/\",\"url\":\"https:\/\/abrelivros.org.br\/site\/\",\"name\":\"In\\u00edcio\"}},{\"@type\":\"ListItem\",\"position\":2,\"item\":{\"@type\":\"WebPage\",\"@id\":\"https:\/\/abrelivros.org.br\/site\/category\/noticias\/\",\"url\":\"https:\/\/abrelivros.org.br\/site\/category\/noticias\/\",\"name\":\"Not\\u00edcias\"}},{\"@type\":\"ListItem\",\"position\":3,\"item\":{\"@type\":\"WebPage\",\"@id\":\"https:\/\/abrelivros.org.br\/site\/category\/noticias\/noticias-da-imprensa\/\",\"url\":\"https:\/\/abrelivros.org.br\/site\/category\/noticias\/noticias-da-imprensa\/\",\"name\":\"Not\\u00edcias da imprensa\"}},{\"@type\":\"ListItem\",\"position\":4,\"item\":{\"@type\":\"WebPage\",\"@id\":\"https:\/\/abrelivros.org.br\/site\/escolas-e-redes-de-ensino-tem-ate-5-de-maio-para-se-inscrever-na-olimpiada\/\",\"url\":\"https:\/\/abrelivros.org.br\/site\/escolas-e-redes-de-ensino-tem-ate-5-de-maio-para-se-inscrever-na-olimpiada\/\",\"name\":\"Escolas e Redes de Ensino t\\u00eam at\\u00e9 5 de maio para se inscrever na Olimp\\u00edada\"}}]},{\"@type\":\"Person\",\"@id\":\"https:\/\/abrelivros.org.br\/site\/#\/schema\/person\/2b867f13a717bb230f1a3555505f5593\",\"name\":\"\\u00a0\",\"image\":{\"@type\":\"ImageObject\",\"@id\":\"https:\/\/abrelivros.org.br\/site\/#personlogo\",\"inLanguage\":\"pt-BR\",\"url\":\"https:\/\/secure.gravatar.com\/avatar\/e80b7f5231be2fff5040a8023da424898002831c5439420df182ae62676d2a6f?s=96&d=mm&r=g\",\"caption\":\"\\u00a0\"}}]}<\/script>\n<!-- \/ Yoast SEO plugin. -->","_links":{"self":[{"href":"https:\/\/abrelivros.org.br\/site\/wp-json\/wp\/v2\/posts\/2217","targetHints":{"allow":["GET"]}}],"collection":[{"href":"https:\/\/abrelivros.org.br\/site\/wp-json\/wp\/v2\/posts"}],"about":[{"href":"https:\/\/abrelivros.org.br\/site\/wp-json\/wp\/v2\/types\/post"}],"author":[{"embeddable":true,"href":"https:\/\/abrelivros.org.br\/site\/wp-json\/wp\/v2\/users\/1"}],"replies":[{"embeddable":true,"href":"https:\/\/abrelivros.org.br\/site\/wp-json\/wp\/v2\/comments?post=2217"}],"version-history":[{"count":0,"href":"https:\/\/abrelivros.org.br\/site\/wp-json\/wp\/v2\/posts\/2217\/revisions"}],"wp:attachment":[{"href":"https:\/\/abrelivros.org.br\/site\/wp-json\/wp\/v2\/media?parent=2217"}],"wp:term":[{"taxonomy":"category","embeddable":true,"href":"https:\/\/abrelivros.org.br\/site\/wp-json\/wp\/v2\/categories?post=2217"},{"taxonomy":"post_tag","embeddable":true,"href":"https:\/\/abrelivros.org.br\/site\/wp-json\/wp\/v2\/tags?post=2217"}],"curies":[{"name":"wp","href":"https:\/\/api.w.org\/{rel}","templated":true}]}}