{"id":2215,"date":"2008-04-23T17:11:00","date_gmt":"2008-04-23T20:11:00","guid":{"rendered":"https:\/\/abrelivros.org.br\/site\/2008\/04\/23\/haddad-e-garibaldi-apoiam-criacao-da-cpi-da-educacao\/"},"modified":"2008-04-23T17:11:00","modified_gmt":"2008-04-23T20:11:00","slug":"haddad-e-garibaldi-apoiam-criacao-da-cpi-da-educacao","status":"publish","type":"post","link":"https:\/\/abrelivros.org.br\/site\/haddad-e-garibaldi-apoiam-criacao-da-cpi-da-educacao\/","title":{"rendered":"Haddad e Garibaldi ap\u00f3iam cria\u00e7\u00e3o da CPI da Educa\u00e7\u00e3o"},"content":{"rendered":"<p>O ministro Fernando Haddad (Educa\u00e7\u00e3o) disse nesta ter\u00e7a-feira que ap\u00f3ia a cria\u00e7\u00e3o de uma CPI (Comiss\u00e3o Parlamentar de Inqu\u00e9rito) da Educa\u00e7\u00e3o, proposta pelo senador Cristovam Buarque (PDT-DF) &#8212; ex-titular da pasta no governo do presidente Luiz In\u00e1cio Lula da Silva. Segundo Haddad, a comiss\u00e3o servir\u00e1 para indicar as falhas e os acertos da pol\u00edtica educacional do governo.\u00a0<br \/> \u00a0<br \/> \u201c[\u00c9 importante que a CPI] investigue as raz\u00f5es do fracasso. Tenho certeza que os educadores aplaudiriam muito uma iniciativa como essa\u201c, afirmou o ministro, que participou hoje de um semin\u00e1rio sobre educa\u00e7\u00e3o no Senado.\u00a0<br \/> \u00a0<br \/> Para ele seria mais eficientes se a comiss\u00e3o fosse permanente e n\u00e3o tempor\u00e1ria, como uma CPI &#8211;cujo prazo m\u00e9dio de dura\u00e7\u00e3o \u00e9 de 180 dias.\u00a0<br \/> \u00a0<br \/> Cristovam prop\u00f5e a cria\u00e7\u00e3o de uma CPI para investigar as raz\u00f5es que levaram a atual situa\u00e7\u00e3o da educa\u00e7\u00e3o no pa\u00eds. De acordo com a assessoria do senador, ele quer que sejam levantadas as alternativas para buscar solu\u00e7\u00f5es para o ensino no Brasil.\u00a0<br \/> \u00a0<br \/> Os assessores do parlamentar afirmam que ele n\u00e3o pretende concentrar as aten\u00e7\u00f5es em um determinado governo apenas. O senador recolhe assinaturas para encaminhar o pedido de cria\u00e7\u00e3o da comiss\u00e3o.\u00a0<br \/> \u00a0<br \/> O presidente do Senado, Garibaldi Alves (PMDB-RN), defendeu a proposta de Cristovam. Para ele, \u00e9 importante o Congresso entrar em um debate que n\u00e3o se limite apenas \u00e0s investiga\u00e7\u00f5es de irregularidades e crimes de uma forma geral, como ocorrem nas demais CPIs.\u00a0<br \/> \u00a0<br \/> \u201cEu diria que essa CPI poderia tra\u00e7ar um roteiro inovador, apontando o dedo na ferida para descobrir o que h\u00e1 de errado e o que h\u00e1 de certo\u201c, disse Garibaldi, que participou do semin\u00e1rio sobre educa\u00e7\u00e3o. \u201c[Mas] tenho medo do n\u00famero de CPI que se cria e n\u00e3o se apura o que tem de apurar\u201c, disse.\u00a0<br \/> \u00a0<br \/> Garibaldi n\u00e3o indicou se pretende criar a nova CPI ainda neste semestre. Mas afirmou que apesar de o momento pol\u00edtico ser \u201cde uma certa turbul\u00eancia\u201c \u00e9 necess\u00e1rio por a educa\u00e7\u00e3o na pauta de discuss\u00e3o do Congresso.\u00a0<br \/> \u00a0<\/p>\n","protected":false},"excerpt":{"rendered":"<p>O ministro Fernando Haddad (Educa\u00e7\u00e3o) disse nesta ter\u00e7a-feira que ap\u00f3ia a cria\u00e7\u00e3o de uma CPI (Comiss\u00e3o Parlamentar de Inqu\u00e9rito) da Educa\u00e7\u00e3o, proposta pelo senador Cristovam Buarque (PDT-DF) &#8212; ex-titular da pasta no governo do presidente Luiz In\u00e1cio Lula da Silva. Segundo Haddad, a comiss\u00e3o servir\u00e1 para indicar as falhas e os acertos da pol\u00edtica educacional [&hellip;]<\/p>\n","protected":false},"author":1,"featured_media":0,"comment_status":"closed","ping_status":"closed","sticky":false,"template":"","format":"standard","meta":{"footnotes":"","_links_to":"","_links_to_target":""},"categories":[9],"tags":[],"class_list":["post-2215","post","type-post","status-publish","format-standard","hentry","category-noticias-da-imprensa"],"yoast_head":"<!-- This site is optimized with the Yoast SEO plugin v15.1 - https:\/\/yoast.com\/wordpress\/plugins\/seo\/ -->\n<title>Haddad e Garibaldi ap\u00f3iam cria\u00e7\u00e3o da CPI da Educa\u00e7\u00e3o &raquo; Abrelivros<\/title>\n<meta name=\"robots\" content=\"index, follow, max-snippet:-1, max-image-preview:large, max-video-preview:-1\" \/>\n<link rel=\"canonical\" href=\"https:\/\/abrelivros.org.br\/site\/haddad-e-garibaldi-apoiam-criacao-da-cpi-da-educacao\/\" \/>\n<meta property=\"og:locale\" content=\"pt_BR\" \/>\n<meta property=\"og:type\" content=\"article\" \/>\n<meta property=\"og:title\" content=\"Haddad e Garibaldi ap\u00f3iam cria\u00e7\u00e3o da CPI da Educa\u00e7\u00e3o &raquo; Abrelivros\" \/>\n<meta property=\"og:description\" content=\"O ministro Fernando Haddad (Educa\u00e7\u00e3o) disse nesta ter\u00e7a-feira que ap\u00f3ia a cria\u00e7\u00e3o de uma CPI (Comiss\u00e3o Parlamentar de Inqu\u00e9rito) da Educa\u00e7\u00e3o, proposta pelo senador Cristovam Buarque (PDT-DF) &#8212; ex-titular da pasta no governo do presidente Luiz In\u00e1cio Lula da Silva. Segundo Haddad, a comiss\u00e3o servir\u00e1 para indicar as falhas e os acertos da pol\u00edtica educacional [&hellip;]\" \/>\n<meta property=\"og:url\" content=\"https:\/\/abrelivros.org.br\/site\/haddad-e-garibaldi-apoiam-criacao-da-cpi-da-educacao\/\" \/>\n<meta property=\"og:site_name\" content=\"Abrelivros\" \/>\n<meta property=\"article:published_time\" content=\"2008-04-23T20:11:00+00:00\" \/>\n<meta name=\"twitter:card\" content=\"summary_large_image\" \/>\n<script type=\"application\/ld+json\" class=\"yoast-schema-graph\">{\"@context\":\"https:\/\/schema.org\",\"@graph\":[{\"@type\":\"WebSite\",\"@id\":\"https:\/\/abrelivros.org.br\/site\/#website\",\"url\":\"https:\/\/abrelivros.org.br\/site\/\",\"name\":\"Abrelivros\",\"description\":\"\",\"potentialAction\":[{\"@type\":\"SearchAction\",\"target\":\"https:\/\/abrelivros.org.br\/site\/?s={search_term_string}\",\"query-input\":\"required name=search_term_string\"}],\"inLanguage\":\"pt-BR\"},{\"@type\":\"WebPage\",\"@id\":\"https:\/\/abrelivros.org.br\/site\/haddad-e-garibaldi-apoiam-criacao-da-cpi-da-educacao\/#webpage\",\"url\":\"https:\/\/abrelivros.org.br\/site\/haddad-e-garibaldi-apoiam-criacao-da-cpi-da-educacao\/\",\"name\":\"Haddad e Garibaldi ap\\u00f3iam cria\\u00e7\\u00e3o da CPI da Educa\\u00e7\\u00e3o &raquo; Abrelivros\",\"isPartOf\":{\"@id\":\"https:\/\/abrelivros.org.br\/site\/#website\"},\"datePublished\":\"2008-04-23T20:11:00+00:00\",\"dateModified\":\"2008-04-23T20:11:00+00:00\",\"author\":{\"@id\":\"https:\/\/abrelivros.org.br\/site\/#\/schema\/person\/2b867f13a717bb230f1a3555505f5593\"},\"breadcrumb\":{\"@id\":\"https:\/\/abrelivros.org.br\/site\/haddad-e-garibaldi-apoiam-criacao-da-cpi-da-educacao\/#breadcrumb\"},\"inLanguage\":\"pt-BR\",\"potentialAction\":[{\"@type\":\"ReadAction\",\"target\":[\"https:\/\/abrelivros.org.br\/site\/haddad-e-garibaldi-apoiam-criacao-da-cpi-da-educacao\/\"]}]},{\"@type\":\"BreadcrumbList\",\"@id\":\"https:\/\/abrelivros.org.br\/site\/haddad-e-garibaldi-apoiam-criacao-da-cpi-da-educacao\/#breadcrumb\",\"itemListElement\":[{\"@type\":\"ListItem\",\"position\":1,\"item\":{\"@type\":\"WebPage\",\"@id\":\"https:\/\/abrelivros.org.br\/site\/\",\"url\":\"https:\/\/abrelivros.org.br\/site\/\",\"name\":\"In\\u00edcio\"}},{\"@type\":\"ListItem\",\"position\":2,\"item\":{\"@type\":\"WebPage\",\"@id\":\"https:\/\/abrelivros.org.br\/site\/category\/noticias\/\",\"url\":\"https:\/\/abrelivros.org.br\/site\/category\/noticias\/\",\"name\":\"Not\\u00edcias\"}},{\"@type\":\"ListItem\",\"position\":3,\"item\":{\"@type\":\"WebPage\",\"@id\":\"https:\/\/abrelivros.org.br\/site\/category\/noticias\/noticias-da-imprensa\/\",\"url\":\"https:\/\/abrelivros.org.br\/site\/category\/noticias\/noticias-da-imprensa\/\",\"name\":\"Not\\u00edcias da imprensa\"}},{\"@type\":\"ListItem\",\"position\":4,\"item\":{\"@type\":\"WebPage\",\"@id\":\"https:\/\/abrelivros.org.br\/site\/haddad-e-garibaldi-apoiam-criacao-da-cpi-da-educacao\/\",\"url\":\"https:\/\/abrelivros.org.br\/site\/haddad-e-garibaldi-apoiam-criacao-da-cpi-da-educacao\/\",\"name\":\"Haddad e Garibaldi ap\\u00f3iam cria\\u00e7\\u00e3o da CPI da Educa\\u00e7\\u00e3o\"}}]},{\"@type\":\"Person\",\"@id\":\"https:\/\/abrelivros.org.br\/site\/#\/schema\/person\/2b867f13a717bb230f1a3555505f5593\",\"name\":\"\\u00a0\",\"image\":{\"@type\":\"ImageObject\",\"@id\":\"https:\/\/abrelivros.org.br\/site\/#personlogo\",\"inLanguage\":\"pt-BR\",\"url\":\"https:\/\/secure.gravatar.com\/avatar\/e80b7f5231be2fff5040a8023da424898002831c5439420df182ae62676d2a6f?s=96&d=mm&r=g\",\"caption\":\"\\u00a0\"}}]}<\/script>\n<!-- \/ Yoast SEO plugin. -->","_links":{"self":[{"href":"https:\/\/abrelivros.org.br\/site\/wp-json\/wp\/v2\/posts\/2215","targetHints":{"allow":["GET"]}}],"collection":[{"href":"https:\/\/abrelivros.org.br\/site\/wp-json\/wp\/v2\/posts"}],"about":[{"href":"https:\/\/abrelivros.org.br\/site\/wp-json\/wp\/v2\/types\/post"}],"author":[{"embeddable":true,"href":"https:\/\/abrelivros.org.br\/site\/wp-json\/wp\/v2\/users\/1"}],"replies":[{"embeddable":true,"href":"https:\/\/abrelivros.org.br\/site\/wp-json\/wp\/v2\/comments?post=2215"}],"version-history":[{"count":0,"href":"https:\/\/abrelivros.org.br\/site\/wp-json\/wp\/v2\/posts\/2215\/revisions"}],"wp:attachment":[{"href":"https:\/\/abrelivros.org.br\/site\/wp-json\/wp\/v2\/media?parent=2215"}],"wp:term":[{"taxonomy":"category","embeddable":true,"href":"https:\/\/abrelivros.org.br\/site\/wp-json\/wp\/v2\/categories?post=2215"},{"taxonomy":"post_tag","embeddable":true,"href":"https:\/\/abrelivros.org.br\/site\/wp-json\/wp\/v2\/tags?post=2215"}],"curies":[{"name":"wp","href":"https:\/\/api.w.org\/{rel}","templated":true}]}}