{"id":2214,"date":"2008-04-23T17:14:00","date_gmt":"2008-04-23T20:14:00","guid":{"rendered":"https:\/\/abrelivros.org.br\/site\/2008\/04\/23\/entidades-preveem-perdas-com-o-fim-do-salario-educacao\/"},"modified":"2008-04-23T17:14:00","modified_gmt":"2008-04-23T20:14:00","slug":"entidades-preveem-perdas-com-o-fim-do-salario-educacao","status":"publish","type":"post","link":"https:\/\/abrelivros.org.br\/site\/entidades-preveem-perdas-com-o-fim-do-salario-educacao\/","title":{"rendered":"Entidades prev\u00eaem perdas com o fim do sal\u00e1rio-educa\u00e7\u00e3o"},"content":{"rendered":"<p>Entidades do setor de educa\u00e7\u00e3o e parlamentares que participaram nesta ter\u00e7a-feira (22) de um semin\u00e1rio sobre a extin\u00e7\u00e3o do sal\u00e1rio-educa\u00e7\u00e3o manifestaram preocupa\u00e7\u00e3o. Eles acreditam que, se aprovado, o fim da contribui\u00e7\u00e3o social pode significar perda de recursos. \u00a0<br \/> \u00a0<br \/> Atualmente, o sal\u00e1rio-educa\u00e7\u00e3o incide sobre a folha de pagamento das empresas, mas a PEC (Proposta de Emenda Constitucional) da reforma tribut\u00e1ria prev\u00ea a elimina\u00e7\u00e3o da cobran\u00e7a de 2,5% hoje existente.\u00a0<br \/> \u00a0<br \/> O deputado Ivan Valente (PSOL-SP) disse que \u201ch\u00e1 perdas para a educa\u00e7\u00e3o em vista\u201c. \u201cA l\u00f3gica da reforma \u00e9 a l\u00f3gica da desonera\u00e7\u00e3o empresarial. Aqui, ataca-se um recurso que tem sido essencial e n\u00e3o deveria sair para entrar num bolo de discuss\u00e3o\u201c, defende. \u00a0<br \/> \u00a0<br \/> Segundo a proposta de reforma tribut\u00e1ria, o dinheiro que sai da folha de pagamento passaria a ter origem no IVA, o imposto sobre valor agregado, de car\u00e1ter federal, tamb\u00e9m previsto na reforma. A al\u00edquota seria de 2,3%.\u00a0<br \/> \u00a0<br \/> O diretor financeiro do FNDE (Funda\u00e7\u00e3o Nacional de Desenvolvimento da Educa\u00e7\u00e3o), Ant\u00f4nio Correa Neto, participou do semin\u00e1rio na C\u00e2mara como representante do MEC (Minist\u00e9rio da Educa\u00e7\u00e3o). Ele apresentou estimativas de arrecada\u00e7\u00e3o com o novo imposto para demonstrar o que classificou como \u201cgarantias de que n\u00e3o haver\u00e1 perdas\u201c. \u00a0<br \/> \u00a0<br \/> \u201cSeguindo uma avalia\u00e7\u00e3o hist\u00f3rica, a arrecada\u00e7\u00e3o prevista em 2004 seria de R$ 5,5 bilh\u00f5es e, em 2007, de R$ 8,2 bilh\u00f5es. O sal\u00e1rio-educa\u00e7\u00e3o arrecadou R$ 4,8 bilh\u00f5es em 2004 e R$ 7,2 bilh\u00f5es em 2007. Ent\u00e3o, segundo a negocia\u00e7\u00e3o entre o MEC e o Minist\u00e9rio da Fazenda, chegou-se \u00e0 conclus\u00e3o de que n\u00e3o haver\u00e1 preju\u00edzo para o financiamento de projetos educacionais\u201c, afirmou. \u00a0<br \/> \u00a0<br \/> Segundo ele, as estimativas s\u00e3o do Minist\u00e9rio da Fazenda e t\u00eam como base a composi\u00e7\u00e3o da cesta de impostos que servir\u00e1 de base para a arrecada\u00e7\u00e3o do valor destinado \u00e0 educa\u00e7\u00e3o. Ant\u00f4nio Neto ressaltou que, se aprovada, a PEC da reforma tribut\u00e1ria prev\u00ea que o valor destinado \u00e0 educa\u00e7\u00e3o por meio do IVA n\u00e3o poder\u00e1 ser inferior ao verificado no \u00faltimo exerc\u00edcio de vig\u00eancia do sal\u00e1rio-educa\u00e7\u00e3o.\u00a0<br \/> \u00a0<br \/><B> Estimativas\u00a0<br \/><\/B> Para as entidades, isso n\u00e3o basta. O coordenador geral da campanha nacional pelo direito \u00e0 educa\u00e7\u00e3o, Daniel Cara, questionou como \u00e9 poss\u00edvel fazer estimativas em cima de algo que ainda n\u00e3o existe. \u00a0<br \/> \u00a0<br \/> A professora Justina Iva de Ara\u00fajo Silva, presidente da Undime (Uni\u00e3o Nacional dos Dirigentes Municipais de Educa\u00e7\u00e3o) tamb\u00e9m colocou em d\u00favida as garantias apresentadas pelo representante do MEC. \u201cNossa posi\u00e7\u00e3o \u00e9 contr\u00e1ria \u00e0 extin\u00e7\u00e3o do sal\u00e1rio-educa\u00e7\u00e3o, porque as garantias s\u00e3o fr\u00e1geis e insuficientes.\u201c\u00a0<br \/> \u00a0<br \/> O presidente da CNTE (Confedera\u00e7\u00e3o Nacional dos trabalhadores em Educa\u00e7\u00e3o), Roberto Franklin de Le\u00e3o, manifestou a mesma insatisfa\u00e7\u00e3o. \u201cEst\u00e1 se prevendo uma al\u00edquota do IVA, mas n\u00e3o se sabe se vai ser esta mesmo. E se n\u00e3o for, como vamos resolver?\u201c\u00a0<br \/> \u00a0<br \/> Ele diz que a preocupa\u00e7\u00e3o \u00e9, em um primeiro momento, garantir a manuten\u00e7\u00e3o dos 3,9% do PIB (Produto Interno Bruto) atualmente destinados \u00e0 educa\u00e7\u00e3o e passar a lutar para aumentar este percentual. \u201cDever\u00edamos trabalhar com algo pr\u00f3ximo a 7% do PIB, e com a perspectiva de chegar aos 10%. Evidentemente n\u00e3o vamos fazer isso de um dia para o outro, mas gradativamente.\u201c\u00a0<br \/> \u00a0<br \/> O IVA-Federal prev\u00ea a jun\u00e7\u00e3o das contribui\u00e7\u00f5es sociais pagas \u00e0 Uni\u00e3o, como PIS (Programa de Integra\u00e7\u00e3o Social), Cofins e Cide-Combust\u00edveis. \u00a0<br \/> \u00a0<\/p>\n","protected":false},"excerpt":{"rendered":"<p>Entidades do setor de educa\u00e7\u00e3o e parlamentares que participaram nesta ter\u00e7a-feira (22) de um semin\u00e1rio sobre a extin\u00e7\u00e3o do sal\u00e1rio-educa\u00e7\u00e3o manifestaram preocupa\u00e7\u00e3o. Eles acreditam que, se aprovado, o fim da contribui\u00e7\u00e3o social pode significar perda de recursos. \u00a0 \u00a0 Atualmente, o sal\u00e1rio-educa\u00e7\u00e3o incide sobre a folha de pagamento das empresas, mas a PEC (Proposta de [&hellip;]<\/p>\n","protected":false},"author":1,"featured_media":0,"comment_status":"closed","ping_status":"closed","sticky":false,"template":"","format":"standard","meta":{"footnotes":"","_links_to":"","_links_to_target":""},"categories":[9],"tags":[],"class_list":["post-2214","post","type-post","status-publish","format-standard","hentry","category-noticias-da-imprensa"],"yoast_head":"<!-- This site is optimized with the Yoast SEO plugin v15.1 - https:\/\/yoast.com\/wordpress\/plugins\/seo\/ -->\n<title>Entidades prev\u00eaem perdas com o fim do sal\u00e1rio-educa\u00e7\u00e3o &raquo; Abrelivros<\/title>\n<meta name=\"robots\" content=\"index, follow, max-snippet:-1, max-image-preview:large, max-video-preview:-1\" \/>\n<link rel=\"canonical\" href=\"https:\/\/abrelivros.org.br\/site\/entidades-preveem-perdas-com-o-fim-do-salario-educacao\/\" \/>\n<meta property=\"og:locale\" content=\"pt_BR\" \/>\n<meta property=\"og:type\" content=\"article\" \/>\n<meta property=\"og:title\" content=\"Entidades prev\u00eaem perdas com o fim do sal\u00e1rio-educa\u00e7\u00e3o &raquo; Abrelivros\" \/>\n<meta property=\"og:description\" content=\"Entidades do setor de educa\u00e7\u00e3o e parlamentares que participaram nesta ter\u00e7a-feira (22) de um semin\u00e1rio sobre a extin\u00e7\u00e3o do sal\u00e1rio-educa\u00e7\u00e3o manifestaram preocupa\u00e7\u00e3o. Eles acreditam que, se aprovado, o fim da contribui\u00e7\u00e3o social pode significar perda de recursos. \u00a0 \u00a0 Atualmente, o sal\u00e1rio-educa\u00e7\u00e3o incide sobre a folha de pagamento das empresas, mas a PEC (Proposta de [&hellip;]\" \/>\n<meta property=\"og:url\" content=\"https:\/\/abrelivros.org.br\/site\/entidades-preveem-perdas-com-o-fim-do-salario-educacao\/\" \/>\n<meta property=\"og:site_name\" content=\"Abrelivros\" \/>\n<meta property=\"article:published_time\" content=\"2008-04-23T20:14:00+00:00\" \/>\n<meta name=\"twitter:card\" content=\"summary_large_image\" \/>\n<script type=\"application\/ld+json\" class=\"yoast-schema-graph\">{\"@context\":\"https:\/\/schema.org\",\"@graph\":[{\"@type\":\"WebSite\",\"@id\":\"https:\/\/abrelivros.org.br\/site\/#website\",\"url\":\"https:\/\/abrelivros.org.br\/site\/\",\"name\":\"Abrelivros\",\"description\":\"\",\"potentialAction\":[{\"@type\":\"SearchAction\",\"target\":\"https:\/\/abrelivros.org.br\/site\/?s={search_term_string}\",\"query-input\":\"required name=search_term_string\"}],\"inLanguage\":\"pt-BR\"},{\"@type\":\"WebPage\",\"@id\":\"https:\/\/abrelivros.org.br\/site\/entidades-preveem-perdas-com-o-fim-do-salario-educacao\/#webpage\",\"url\":\"https:\/\/abrelivros.org.br\/site\/entidades-preveem-perdas-com-o-fim-do-salario-educacao\/\",\"name\":\"Entidades prev\\u00eaem perdas com o fim do sal\\u00e1rio-educa\\u00e7\\u00e3o &raquo; Abrelivros\",\"isPartOf\":{\"@id\":\"https:\/\/abrelivros.org.br\/site\/#website\"},\"datePublished\":\"2008-04-23T20:14:00+00:00\",\"dateModified\":\"2008-04-23T20:14:00+00:00\",\"author\":{\"@id\":\"https:\/\/abrelivros.org.br\/site\/#\/schema\/person\/2b867f13a717bb230f1a3555505f5593\"},\"breadcrumb\":{\"@id\":\"https:\/\/abrelivros.org.br\/site\/entidades-preveem-perdas-com-o-fim-do-salario-educacao\/#breadcrumb\"},\"inLanguage\":\"pt-BR\",\"potentialAction\":[{\"@type\":\"ReadAction\",\"target\":[\"https:\/\/abrelivros.org.br\/site\/entidades-preveem-perdas-com-o-fim-do-salario-educacao\/\"]}]},{\"@type\":\"BreadcrumbList\",\"@id\":\"https:\/\/abrelivros.org.br\/site\/entidades-preveem-perdas-com-o-fim-do-salario-educacao\/#breadcrumb\",\"itemListElement\":[{\"@type\":\"ListItem\",\"position\":1,\"item\":{\"@type\":\"WebPage\",\"@id\":\"https:\/\/abrelivros.org.br\/site\/\",\"url\":\"https:\/\/abrelivros.org.br\/site\/\",\"name\":\"In\\u00edcio\"}},{\"@type\":\"ListItem\",\"position\":2,\"item\":{\"@type\":\"WebPage\",\"@id\":\"https:\/\/abrelivros.org.br\/site\/category\/noticias\/\",\"url\":\"https:\/\/abrelivros.org.br\/site\/category\/noticias\/\",\"name\":\"Not\\u00edcias\"}},{\"@type\":\"ListItem\",\"position\":3,\"item\":{\"@type\":\"WebPage\",\"@id\":\"https:\/\/abrelivros.org.br\/site\/category\/noticias\/noticias-da-imprensa\/\",\"url\":\"https:\/\/abrelivros.org.br\/site\/category\/noticias\/noticias-da-imprensa\/\",\"name\":\"Not\\u00edcias da imprensa\"}},{\"@type\":\"ListItem\",\"position\":4,\"item\":{\"@type\":\"WebPage\",\"@id\":\"https:\/\/abrelivros.org.br\/site\/entidades-preveem-perdas-com-o-fim-do-salario-educacao\/\",\"url\":\"https:\/\/abrelivros.org.br\/site\/entidades-preveem-perdas-com-o-fim-do-salario-educacao\/\",\"name\":\"Entidades prev\\u00eaem perdas com o fim do sal\\u00e1rio-educa\\u00e7\\u00e3o\"}}]},{\"@type\":\"Person\",\"@id\":\"https:\/\/abrelivros.org.br\/site\/#\/schema\/person\/2b867f13a717bb230f1a3555505f5593\",\"name\":\"\\u00a0\",\"image\":{\"@type\":\"ImageObject\",\"@id\":\"https:\/\/abrelivros.org.br\/site\/#personlogo\",\"inLanguage\":\"pt-BR\",\"url\":\"https:\/\/secure.gravatar.com\/avatar\/e80b7f5231be2fff5040a8023da424898002831c5439420df182ae62676d2a6f?s=96&d=mm&r=g\",\"caption\":\"\\u00a0\"}}]}<\/script>\n<!-- \/ Yoast SEO plugin. -->","_links":{"self":[{"href":"https:\/\/abrelivros.org.br\/site\/wp-json\/wp\/v2\/posts\/2214","targetHints":{"allow":["GET"]}}],"collection":[{"href":"https:\/\/abrelivros.org.br\/site\/wp-json\/wp\/v2\/posts"}],"about":[{"href":"https:\/\/abrelivros.org.br\/site\/wp-json\/wp\/v2\/types\/post"}],"author":[{"embeddable":true,"href":"https:\/\/abrelivros.org.br\/site\/wp-json\/wp\/v2\/users\/1"}],"replies":[{"embeddable":true,"href":"https:\/\/abrelivros.org.br\/site\/wp-json\/wp\/v2\/comments?post=2214"}],"version-history":[{"count":0,"href":"https:\/\/abrelivros.org.br\/site\/wp-json\/wp\/v2\/posts\/2214\/revisions"}],"wp:attachment":[{"href":"https:\/\/abrelivros.org.br\/site\/wp-json\/wp\/v2\/media?parent=2214"}],"wp:term":[{"taxonomy":"category","embeddable":true,"href":"https:\/\/abrelivros.org.br\/site\/wp-json\/wp\/v2\/categories?post=2214"},{"taxonomy":"post_tag","embeddable":true,"href":"https:\/\/abrelivros.org.br\/site\/wp-json\/wp\/v2\/tags?post=2214"}],"curies":[{"name":"wp","href":"https:\/\/api.w.org\/{rel}","templated":true}]}}