{"id":2213,"date":"2008-04-23T17:23:00","date_gmt":"2008-04-23T20:23:00","guid":{"rendered":"https:\/\/abrelivros.org.br\/site\/2008\/04\/23\/celebracao-mundial\/"},"modified":"2008-04-23T17:23:00","modified_gmt":"2008-04-23T20:23:00","slug":"celebracao-mundial","status":"publish","type":"post","link":"https:\/\/abrelivros.org.br\/site\/celebracao-mundial\/","title":{"rendered":"Celebra\u00e7\u00e3o mundial"},"content":{"rendered":"<p>H\u00e1 392 anos tr\u00eas grandes escritores da literatura universal faleciam. Miguel de Cervantes, William Shakespeare e Garcilaso de la Veja. A data, 23 de abril, tamb\u00e9m coincide com o nascimento de Vladimir Nabokov (1899) e com o falecimento de Josep Pla (1981). A proposta de eleger este dia para comemorar os livros e fomentar a cultura partiu da Uni\u00e3o Internacional de Editores para a Unesco, que instituiu em 1995 a data como o Dia Internacional do Livro e do Direito do Autor. &nbsp;<br \/> &nbsp;<br \/> Na Espanha, por exemplo, em 23 de abril a popula\u00e7\u00e3o se presenteia com rosas e livros, o que tem ajudado a aumentar as vendas das obras nos \u00faltimos anos. Somente neste ano, mais de 500 novidades editoriais e cerca de 600 livrarias colocar\u00e3o tendas nas ruas de Barcelona para a tradicional jornada de flores e obras. Na Espanha, anualmente nesta data, ainda ocorre a entrega do Pr\u00eamio Cervantes, considerado o maior reconhecimento para autores hisp\u00e2nicos.&nbsp;<\/p>\n","protected":false},"excerpt":{"rendered":"<p>H\u00e1 392 anos tr\u00eas grandes escritores da literatura universal faleciam. Miguel de Cervantes, William Shakespeare e Garcilaso de la Veja. A data, 23 de abril, tamb\u00e9m coincide com o nascimento de Vladimir Nabokov (1899) e com o falecimento de Josep Pla (1981). A proposta de eleger este dia para comemorar os livros e fomentar a [&hellip;]<\/p>\n","protected":false},"author":1,"featured_media":0,"comment_status":"closed","ping_status":"closed","sticky":false,"template":"","format":"standard","meta":{"footnotes":"","_links_to":"","_links_to_target":""},"categories":[9],"tags":[],"class_list":["post-2213","post","type-post","status-publish","format-standard","hentry","category-noticias-da-imprensa"],"yoast_head":"<!-- This site is optimized with the Yoast SEO plugin v15.1 - https:\/\/yoast.com\/wordpress\/plugins\/seo\/ -->\n<title>Celebra\u00e7\u00e3o mundial &raquo; Abrelivros<\/title>\n<meta name=\"robots\" content=\"index, follow, max-snippet:-1, max-image-preview:large, max-video-preview:-1\" \/>\n<link rel=\"canonical\" href=\"https:\/\/abrelivros.org.br\/site\/celebracao-mundial\/\" \/>\n<meta property=\"og:locale\" content=\"pt_BR\" \/>\n<meta property=\"og:type\" content=\"article\" \/>\n<meta property=\"og:title\" content=\"Celebra\u00e7\u00e3o mundial &raquo; Abrelivros\" \/>\n<meta property=\"og:description\" content=\"H\u00e1 392 anos tr\u00eas grandes escritores da literatura universal faleciam. Miguel de Cervantes, William Shakespeare e Garcilaso de la Veja. A data, 23 de abril, tamb\u00e9m coincide com o nascimento de Vladimir Nabokov (1899) e com o falecimento de Josep Pla (1981). A proposta de eleger este dia para comemorar os livros e fomentar a [&hellip;]\" \/>\n<meta property=\"og:url\" content=\"https:\/\/abrelivros.org.br\/site\/celebracao-mundial\/\" \/>\n<meta property=\"og:site_name\" content=\"Abrelivros\" \/>\n<meta property=\"article:published_time\" content=\"2008-04-23T20:23:00+00:00\" \/>\n<meta name=\"twitter:card\" content=\"summary_large_image\" \/>\n<script type=\"application\/ld+json\" class=\"yoast-schema-graph\">{\"@context\":\"https:\/\/schema.org\",\"@graph\":[{\"@type\":\"WebSite\",\"@id\":\"https:\/\/abrelivros.org.br\/site\/#website\",\"url\":\"https:\/\/abrelivros.org.br\/site\/\",\"name\":\"Abrelivros\",\"description\":\"\",\"potentialAction\":[{\"@type\":\"SearchAction\",\"target\":\"https:\/\/abrelivros.org.br\/site\/?s={search_term_string}\",\"query-input\":\"required name=search_term_string\"}],\"inLanguage\":\"pt-BR\"},{\"@type\":\"WebPage\",\"@id\":\"https:\/\/abrelivros.org.br\/site\/celebracao-mundial\/#webpage\",\"url\":\"https:\/\/abrelivros.org.br\/site\/celebracao-mundial\/\",\"name\":\"Celebra\\u00e7\\u00e3o mundial &raquo; Abrelivros\",\"isPartOf\":{\"@id\":\"https:\/\/abrelivros.org.br\/site\/#website\"},\"datePublished\":\"2008-04-23T20:23:00+00:00\",\"dateModified\":\"2008-04-23T20:23:00+00:00\",\"author\":{\"@id\":\"https:\/\/abrelivros.org.br\/site\/#\/schema\/person\/2b867f13a717bb230f1a3555505f5593\"},\"breadcrumb\":{\"@id\":\"https:\/\/abrelivros.org.br\/site\/celebracao-mundial\/#breadcrumb\"},\"inLanguage\":\"pt-BR\",\"potentialAction\":[{\"@type\":\"ReadAction\",\"target\":[\"https:\/\/abrelivros.org.br\/site\/celebracao-mundial\/\"]}]},{\"@type\":\"BreadcrumbList\",\"@id\":\"https:\/\/abrelivros.org.br\/site\/celebracao-mundial\/#breadcrumb\",\"itemListElement\":[{\"@type\":\"ListItem\",\"position\":1,\"item\":{\"@type\":\"WebPage\",\"@id\":\"https:\/\/abrelivros.org.br\/site\/\",\"url\":\"https:\/\/abrelivros.org.br\/site\/\",\"name\":\"In\\u00edcio\"}},{\"@type\":\"ListItem\",\"position\":2,\"item\":{\"@type\":\"WebPage\",\"@id\":\"https:\/\/abrelivros.org.br\/site\/category\/noticias\/\",\"url\":\"https:\/\/abrelivros.org.br\/site\/category\/noticias\/\",\"name\":\"Not\\u00edcias\"}},{\"@type\":\"ListItem\",\"position\":3,\"item\":{\"@type\":\"WebPage\",\"@id\":\"https:\/\/abrelivros.org.br\/site\/category\/noticias\/noticias-da-imprensa\/\",\"url\":\"https:\/\/abrelivros.org.br\/site\/category\/noticias\/noticias-da-imprensa\/\",\"name\":\"Not\\u00edcias da imprensa\"}},{\"@type\":\"ListItem\",\"position\":4,\"item\":{\"@type\":\"WebPage\",\"@id\":\"https:\/\/abrelivros.org.br\/site\/celebracao-mundial\/\",\"url\":\"https:\/\/abrelivros.org.br\/site\/celebracao-mundial\/\",\"name\":\"Celebra\\u00e7\\u00e3o mundial\"}}]},{\"@type\":\"Person\",\"@id\":\"https:\/\/abrelivros.org.br\/site\/#\/schema\/person\/2b867f13a717bb230f1a3555505f5593\",\"name\":\"\\u00a0\",\"image\":{\"@type\":\"ImageObject\",\"@id\":\"https:\/\/abrelivros.org.br\/site\/#personlogo\",\"inLanguage\":\"pt-BR\",\"url\":\"https:\/\/secure.gravatar.com\/avatar\/e80b7f5231be2fff5040a8023da424898002831c5439420df182ae62676d2a6f?s=96&d=mm&r=g\",\"caption\":\"\\u00a0\"}}]}<\/script>\n<!-- \/ Yoast SEO plugin. -->","_links":{"self":[{"href":"https:\/\/abrelivros.org.br\/site\/wp-json\/wp\/v2\/posts\/2213","targetHints":{"allow":["GET"]}}],"collection":[{"href":"https:\/\/abrelivros.org.br\/site\/wp-json\/wp\/v2\/posts"}],"about":[{"href":"https:\/\/abrelivros.org.br\/site\/wp-json\/wp\/v2\/types\/post"}],"author":[{"embeddable":true,"href":"https:\/\/abrelivros.org.br\/site\/wp-json\/wp\/v2\/users\/1"}],"replies":[{"embeddable":true,"href":"https:\/\/abrelivros.org.br\/site\/wp-json\/wp\/v2\/comments?post=2213"}],"version-history":[{"count":0,"href":"https:\/\/abrelivros.org.br\/site\/wp-json\/wp\/v2\/posts\/2213\/revisions"}],"wp:attachment":[{"href":"https:\/\/abrelivros.org.br\/site\/wp-json\/wp\/v2\/media?parent=2213"}],"wp:term":[{"taxonomy":"category","embeddable":true,"href":"https:\/\/abrelivros.org.br\/site\/wp-json\/wp\/v2\/categories?post=2213"},{"taxonomy":"post_tag","embeddable":true,"href":"https:\/\/abrelivros.org.br\/site\/wp-json\/wp\/v2\/tags?post=2213"}],"curies":[{"name":"wp","href":"https:\/\/api.w.org\/{rel}","templated":true}]}}