{"id":2210,"date":"2008-04-28T15:10:00","date_gmt":"2008-04-28T18:10:00","guid":{"rendered":"https:\/\/abrelivros.org.br\/site\/2008\/04\/28\/mec-ampliara-projeto-de-laptops-para-escolas-publicas\/"},"modified":"2008-04-28T15:10:00","modified_gmt":"2008-04-28T18:10:00","slug":"mec-ampliara-projeto-de-laptops-para-escolas-publicas","status":"publish","type":"post","link":"https:\/\/abrelivros.org.br\/site\/mec-ampliara-projeto-de-laptops-para-escolas-publicas\/","title":{"rendered":"MEC ampliar\u00e1 projeto de laptops para escolas p\u00fablicas"},"content":{"rendered":"<p>O uso de laptops em sala de aula transforma a escola e exige uma reformula\u00e7\u00e3o profunda do curr\u00edculo e do projeto pedag\u00f3gico, conclu\u00edram os professores e pesquisadores das cinco escolas piloto do Projeto Um Computador por Aluno (UCA), do Minist\u00e9rio da Educa\u00e7\u00e3o (MEC), cuja amplia\u00e7\u00e3o, prevista para acontecer at\u00e9 o fim do ano, depende da conclus\u00e3o de licita\u00e7\u00e3o que est\u00e1 em andamento. \u00a0<br \/> \u00a0<br \/> Os professores reuniram-se nesta sexta-feira (25), no Rio, para debater o resultado das experi\u00eancias que fizeram no \u00faltimo ano, desde o in\u00edcio do projeto.\u00a0<br \/> \u00a0<br \/> Segundo a organizadora do UCA, professora Denise Vilardo, \u201ca id\u00e9ia \u00e9 aproveitar a troca de informa\u00e7\u00f5es para reunir um conjunto de boas pr\u00e1ticas que podem vir a ser implementadas nas pr\u00f3ximas 300 escolas que ir\u00e3o receber os laptops\u201c. \u00a0<br \/> \u00a0<br \/> Desde o fim de 2006 &#8211; ano em que a proposta foi criada &#8211; col\u00e9gios de cinco cidades realizaram testes com 1.390 microcomputadores port\u00e1teis de tr\u00eas modelos, todos doados pelos respectivos fabricantes: o Classmate PC (da Intel\/Positivo), o Mobilis (da indiana Encore Software) e o XO (tamb\u00e9m chamado de \u201claptop de US$ 100\u201c, da Funda\u00e7\u00e3o One Laptop Per Child, cujos exemplares foram os primeiros a chegar ao Brasil).\u00a0<br \/> \u00a0<br \/> A coordenadora da id\u00e9ia em S\u00e3o Paulo, Roseli Lopes, pesquisadora da Universidade de S\u00e3o Paulo (USP), disse que a maior dificuldade na Escola Municipal de Ensino Fundamental Ern\u00e2ni Silva Bruno foi como distribuir os microcomputadores. O estabelecimento p\u00fablico de ensino tem 1,2 mil alunos e tinha apenas 400 computadores. A id\u00e9ia inicial era trabalhar apenas com algumas turmas, em que os estudantes receberiam uma m\u00e1quina cada.\u00a0<br \/> \u00a0<br \/> \u201cFoi imposs\u00edvel porque eles questionavam os crit\u00e9rios e reivindicavam o laptop\u201c, disse a coordenadora pedag\u00f3gica Edna Telles, que teve de organizar um esquema de agendamento e rod\u00edzio entre os alunos. Roseli deu \u00eanfase \u00e0 necessidade de o governo exigir que os computadores de pequeno porte sejam equipados com softwares livres (programas) e de c\u00f3digo aberto. \u201cVimos que, ao trazer os computadores para sala de aula, temos de refazer os projetos pol\u00edtico-pedag\u00f3gicos\u201c, disse.\u00a0<br \/> \u00a0<br \/><B>  Aulas mais longas\u00a0<br \/> \u00a0<br \/><\/B> A coordenadora do plano em Palmas, Leila Ramos, disse que no Col\u00e9gio Estadual Dom Alano Marie Du Noday, a experi\u00eancia com os laptops tamb\u00e9m exigiu profundas transforma\u00e7\u00f5es na aprendizagem. Os tempos de aula aumentaram de 45 minutos para duas horas. \u201cSe n\u00e3o, era o tempo de ligar e desligar e acabou a aula\u201c, afirmou. \u00a0<br \/> \u00a0<br \/> A disposi\u00e7\u00e3o das carteiras tamb\u00e9m mudou. Em vez de ficarem enfileirados, os alunos reagruparam-se de quatro em quatro. \u201cDessa forma, eles compartilham suas descobertas e interagem melhor.\u201c Al\u00e9m disso, disse, os estudantes passaram a buscar outras tecnologias para usar melhor os novos recursos. \u201cEles come\u00e7aram a trazer filmadoras e celulares de casa para fazerem v\u00eddeos.\u201c\u00a0<br \/> \u00a0<\/p>\n","protected":false},"excerpt":{"rendered":"<p>O uso de laptops em sala de aula transforma a escola e exige uma reformula\u00e7\u00e3o profunda do curr\u00edculo e do projeto pedag\u00f3gico, conclu\u00edram os professores e pesquisadores das cinco escolas piloto do Projeto Um Computador por Aluno (UCA), do Minist\u00e9rio da Educa\u00e7\u00e3o (MEC), cuja amplia\u00e7\u00e3o, prevista para acontecer at\u00e9 o fim do ano, depende da [&hellip;]<\/p>\n","protected":false},"author":1,"featured_media":0,"comment_status":"closed","ping_status":"closed","sticky":false,"template":"","format":"standard","meta":{"footnotes":"","_links_to":"","_links_to_target":""},"categories":[9],"tags":[],"class_list":["post-2210","post","type-post","status-publish","format-standard","hentry","category-noticias-da-imprensa"],"yoast_head":"<!-- This site is optimized with the Yoast SEO plugin v15.1 - https:\/\/yoast.com\/wordpress\/plugins\/seo\/ -->\n<title>MEC ampliar\u00e1 projeto de laptops para escolas p\u00fablicas &raquo; Abrelivros<\/title>\n<meta name=\"robots\" content=\"index, follow, max-snippet:-1, max-image-preview:large, max-video-preview:-1\" \/>\n<link rel=\"canonical\" href=\"https:\/\/abrelivros.org.br\/site\/mec-ampliara-projeto-de-laptops-para-escolas-publicas\/\" \/>\n<meta property=\"og:locale\" content=\"pt_BR\" \/>\n<meta property=\"og:type\" content=\"article\" \/>\n<meta property=\"og:title\" content=\"MEC ampliar\u00e1 projeto de laptops para escolas p\u00fablicas &raquo; Abrelivros\" \/>\n<meta property=\"og:description\" content=\"O uso de laptops em sala de aula transforma a escola e exige uma reformula\u00e7\u00e3o profunda do curr\u00edculo e do projeto pedag\u00f3gico, conclu\u00edram os professores e pesquisadores das cinco escolas piloto do Projeto Um Computador por Aluno (UCA), do Minist\u00e9rio da Educa\u00e7\u00e3o (MEC), cuja amplia\u00e7\u00e3o, prevista para acontecer at\u00e9 o fim do ano, depende da [&hellip;]\" \/>\n<meta property=\"og:url\" content=\"https:\/\/abrelivros.org.br\/site\/mec-ampliara-projeto-de-laptops-para-escolas-publicas\/\" \/>\n<meta property=\"og:site_name\" content=\"Abrelivros\" \/>\n<meta property=\"article:published_time\" content=\"2008-04-28T18:10:00+00:00\" \/>\n<meta name=\"twitter:card\" content=\"summary_large_image\" \/>\n<script type=\"application\/ld+json\" class=\"yoast-schema-graph\">{\"@context\":\"https:\/\/schema.org\",\"@graph\":[{\"@type\":\"WebSite\",\"@id\":\"https:\/\/abrelivros.org.br\/site\/#website\",\"url\":\"https:\/\/abrelivros.org.br\/site\/\",\"name\":\"Abrelivros\",\"description\":\"\",\"potentialAction\":[{\"@type\":\"SearchAction\",\"target\":\"https:\/\/abrelivros.org.br\/site\/?s={search_term_string}\",\"query-input\":\"required name=search_term_string\"}],\"inLanguage\":\"pt-BR\"},{\"@type\":\"WebPage\",\"@id\":\"https:\/\/abrelivros.org.br\/site\/mec-ampliara-projeto-de-laptops-para-escolas-publicas\/#webpage\",\"url\":\"https:\/\/abrelivros.org.br\/site\/mec-ampliara-projeto-de-laptops-para-escolas-publicas\/\",\"name\":\"MEC ampliar\\u00e1 projeto de laptops para escolas p\\u00fablicas &raquo; Abrelivros\",\"isPartOf\":{\"@id\":\"https:\/\/abrelivros.org.br\/site\/#website\"},\"datePublished\":\"2008-04-28T18:10:00+00:00\",\"dateModified\":\"2008-04-28T18:10:00+00:00\",\"author\":{\"@id\":\"https:\/\/abrelivros.org.br\/site\/#\/schema\/person\/2b867f13a717bb230f1a3555505f5593\"},\"breadcrumb\":{\"@id\":\"https:\/\/abrelivros.org.br\/site\/mec-ampliara-projeto-de-laptops-para-escolas-publicas\/#breadcrumb\"},\"inLanguage\":\"pt-BR\",\"potentialAction\":[{\"@type\":\"ReadAction\",\"target\":[\"https:\/\/abrelivros.org.br\/site\/mec-ampliara-projeto-de-laptops-para-escolas-publicas\/\"]}]},{\"@type\":\"BreadcrumbList\",\"@id\":\"https:\/\/abrelivros.org.br\/site\/mec-ampliara-projeto-de-laptops-para-escolas-publicas\/#breadcrumb\",\"itemListElement\":[{\"@type\":\"ListItem\",\"position\":1,\"item\":{\"@type\":\"WebPage\",\"@id\":\"https:\/\/abrelivros.org.br\/site\/\",\"url\":\"https:\/\/abrelivros.org.br\/site\/\",\"name\":\"In\\u00edcio\"}},{\"@type\":\"ListItem\",\"position\":2,\"item\":{\"@type\":\"WebPage\",\"@id\":\"https:\/\/abrelivros.org.br\/site\/category\/noticias\/\",\"url\":\"https:\/\/abrelivros.org.br\/site\/category\/noticias\/\",\"name\":\"Not\\u00edcias\"}},{\"@type\":\"ListItem\",\"position\":3,\"item\":{\"@type\":\"WebPage\",\"@id\":\"https:\/\/abrelivros.org.br\/site\/category\/noticias\/noticias-da-imprensa\/\",\"url\":\"https:\/\/abrelivros.org.br\/site\/category\/noticias\/noticias-da-imprensa\/\",\"name\":\"Not\\u00edcias da imprensa\"}},{\"@type\":\"ListItem\",\"position\":4,\"item\":{\"@type\":\"WebPage\",\"@id\":\"https:\/\/abrelivros.org.br\/site\/mec-ampliara-projeto-de-laptops-para-escolas-publicas\/\",\"url\":\"https:\/\/abrelivros.org.br\/site\/mec-ampliara-projeto-de-laptops-para-escolas-publicas\/\",\"name\":\"MEC ampliar\\u00e1 projeto de laptops para escolas p\\u00fablicas\"}}]},{\"@type\":\"Person\",\"@id\":\"https:\/\/abrelivros.org.br\/site\/#\/schema\/person\/2b867f13a717bb230f1a3555505f5593\",\"name\":\"\\u00a0\",\"image\":{\"@type\":\"ImageObject\",\"@id\":\"https:\/\/abrelivros.org.br\/site\/#personlogo\",\"inLanguage\":\"pt-BR\",\"url\":\"https:\/\/secure.gravatar.com\/avatar\/e80b7f5231be2fff5040a8023da424898002831c5439420df182ae62676d2a6f?s=96&d=mm&r=g\",\"caption\":\"\\u00a0\"}}]}<\/script>\n<!-- \/ Yoast SEO plugin. -->","_links":{"self":[{"href":"https:\/\/abrelivros.org.br\/site\/wp-json\/wp\/v2\/posts\/2210","targetHints":{"allow":["GET"]}}],"collection":[{"href":"https:\/\/abrelivros.org.br\/site\/wp-json\/wp\/v2\/posts"}],"about":[{"href":"https:\/\/abrelivros.org.br\/site\/wp-json\/wp\/v2\/types\/post"}],"author":[{"embeddable":true,"href":"https:\/\/abrelivros.org.br\/site\/wp-json\/wp\/v2\/users\/1"}],"replies":[{"embeddable":true,"href":"https:\/\/abrelivros.org.br\/site\/wp-json\/wp\/v2\/comments?post=2210"}],"version-history":[{"count":0,"href":"https:\/\/abrelivros.org.br\/site\/wp-json\/wp\/v2\/posts\/2210\/revisions"}],"wp:attachment":[{"href":"https:\/\/abrelivros.org.br\/site\/wp-json\/wp\/v2\/media?parent=2210"}],"wp:term":[{"taxonomy":"category","embeddable":true,"href":"https:\/\/abrelivros.org.br\/site\/wp-json\/wp\/v2\/categories?post=2210"},{"taxonomy":"post_tag","embeddable":true,"href":"https:\/\/abrelivros.org.br\/site\/wp-json\/wp\/v2\/tags?post=2210"}],"curies":[{"name":"wp","href":"https:\/\/api.w.org\/{rel}","templated":true}]}}